{"id":230957,"date":"2026-09-03T06:24:14","date_gmt":"2026-09-03T06:24:14","guid":{"rendered":"https:\/\/www.europesays.com\/hu\/230957\/"},"modified":"2026-09-03T06:24:14","modified_gmt":"2026-09-03T06:24:14","slug":"index-kultur-kiderult-mi-okozta-tim-curry-halalat","status":"publish","type":"post","link":"https:\/\/www.europesays.com\/hu\/230957\/","title":{"rendered":"Index &#8211; Kult\u00far &#8211; Kider\u00fclt, mi okozta Tim Curry hal\u00e1l\u00e1t"},"content":{"rendered":"<p>T\u00f6bb mint egy h\u00e9ttel hozt\u00e1k nyilv\u00e1noss\u00e1gra Tim Curry hal\u00e1l\u00e1nak ok\u00e1t, a Rocky Horror Picture Show szt\u00e1rja <a href=\"https:\/\/index.hu\/kultur\/2026\/08\/26\/meghalt-tim-curry-brit-szinesz-rocky-horror-show\/\" id=\"hyperlink_42daab810380010eabbd738d727af449\" target=\"_blank\" title=\"Meghalt Tim Curry, a Rocky Horror Picture Show legend\u00e1ja\" rel=\"nofollow noopener\">nyolcvan\u00e9ves kor\u00e1ban hunyt el<\/a>.<\/p>\n<p>A People \u00e1ltal megszerzett dokumentumokb\u00f3l kider\u00fclt, hogy a sz\u00edn\u00e9sz koszor\u00fa\u00e9r-betegs\u00e9g k\u00f6vetkezt\u00e9ben vesztette \u00e9let\u00e9t. A hal\u00e1lhoz hozz\u00e1j\u00e1rul\u00f3 t\u00e9nyez\u0151k k\u00f6zt szerepelt tov\u00e1bb\u00e1 a veser\u00e1k \u00e9s a stroke is. A jelent\u00e9s viszont hangs\u00falyozza, hogy ezek a t\u00e9nyez\u0151k nem kapcsol\u00f3dtak Curry koszor\u00fa\u00e9r-betegs\u00e9g\u00e9hez.<\/p>\n<p>A sz\u00edn\u00e9sz \u00e9vekig s\u00falyos eg\u00e9szs\u00e9g\u00fcgyi probl\u00e9m\u00e1kkal k\u00fczd\u00f6tt, miut\u00e1n 2012-ben stroke-ja volt, ami miatt kerekessz\u00e9kbe is ker\u00fclt. A jelent\u00e9s azt is tiszt\u00e1zza, hogy Curry koszor\u00fa\u00e9r-betegs\u00e9ge miatt egyetlen m\u0171t\u00e9ten sem esett \u00e1t.<\/p>\n<p>                        Kend\u0151zetlen\u00fcl vallott stroke-j\u00e1r\u00f3l, ami ut\u00e1n kerekessz\u00e9kbe ker\u00fclt<\/p>\n<p>Hal\u00e1la el\u0151tt \u00e1prilisban l\u00e1tt\u00e1k utolj\u00e1ra Los Angelesben, a <a href=\"https:\/\/www.dailymail.com\/tvshowbiz\/article-16100301\/Tim-Curry-cause-death-revealed-Rocky-Horror.html\" id=\"hyperlink_30f671829f6e896b535f7e597a1ac342\" rel=\"nofollow noopener\" target=\"_blank\">Daily Mail<\/a> h\u00edrad\u00e1sa szerint t\u00f6r\u00e9kenynek t\u0171nt. Pennywise, a h\u00edres boh\u00f3c megform\u00e1l\u00f3ja tavaly mes\u00e9lt \u0151szint\u00e9n az \u00e9let\u00e9t megv\u00e1ltoztat\u00f3 sz\u00e9l\u00fct\u00e9sr\u0151l.<\/p>\n<p>Egy\u00e1ltal\u00e1n nem \u00e9rezte a t\u00fcneteket, holott a sz\u00edn\u00e9sz k\u00e9t agyv\u00e9rz\u00e9st is szenvedett. \u00c9ppen Los Angeles-i otthon\u00e1ban fek\u00fcdt a massz\u00e1zsasztalon, amikor massz\u0151re azt mondta neki: \u201eAgg\u00f3dom \u00e9rted. Szerintem orvost kellene h\u00edvnunk\u201d.<\/p>\n<p>H\u00edvta a 911-et, meg\u00e9rkezett egy ment\u0151aut\u00f3. Hord\u00e1gyon vittek le a h\u00e1zam l\u00e9pcs\u0151j\u00e9n, betettek egy ment\u0151aut\u00f3ba, \u00e9s morfiumot adtak nekem.\u00a0Rendk\u00edv\u00fcl ideges voltam, mert nem tudtam, mi t\u00f6rt\u00e9nik. Nem tudt\u00e1k, hogy sz\u00e9l\u00fct\u00e9sem volt, \u00e9s \u00e9n sem tudtam<\/p>\n<p>\u2013 mes\u00e9lte ekkor Curry.<\/p>\n<p>Hozz\u00e1tette, hogy amikor megkapta a diagn\u00f3zist, egyb\u0151l az apj\u00e1ra gondolt. \u0150 ugyanis akkor kapott sz\u00e9l\u00fct\u00e9st, amikor a h\u00e1romszoros Tony-jel\u00f6lt sz\u00edn\u00e9sz m\u00e9g csak 11 \u00e9ves volt, de t\u00fal\u00e9lte.\u00a0\u201eTudtam, hogy sokan nem \u00e9lik t\u00fal a sz\u00e9l\u00fct\u00e9st, \u00e9s hogy \u0151 kiv\u00e9tel volt, ez\u00e9rt f\u00e9ltem\u201d\u00a0\u2013 fogalmazott.<\/p>\n<p>Elmondta azt is, hogy agym\u0171t\u00e9ten esett \u00e1t, ut\u00e1na pedig k\u00f6r\u00fclbel\u00fcl egy h\u00f3napig volt a k\u00f3rh\u00e1zban rehabilit\u00e1ci\u00f3n. A sz\u00edn\u00e9sz hal\u00e1l\u00e1ig nem sokat mutatkozott ezut\u00e1n nyilv\u00e1nosan.<\/p>\n<p>\n                          (Bor\u00edt\u00f3k\u00e9p: Tim Curry 2010. okt\u00f3ber 28-\u00e1n. Fot\u00f3: Kevin Winter \/ Getty Images)\n                        <\/p>\n<p><a href=\"https:\/\/dex.hu\/x.php?id=googlepref_desktop&amp;url=https:\/\/google.com\/preferences\/source?q=https:\/\/index.hu\" class=\"google-pref-banner \" id=\"googlePrefBanner\" rel=\"nofollow noopener\" target=\"_blank\"><\/p>\n<p>    Itt \u00e1ll\u00edtsa be, hogy az Index az els\u0151k k\u00f6z\u00f6tt legyen a Google-tal\u00e1latokban!<\/p>\n<p><\/a><\/p>\n<p>    <img decoding=\"async\" src=\"https:\/\/index.hu\/assets\/images\/social-follow\/logo-big.svg\" alt=\"Index.hu logo\"\/><\/p>\n<p>K\u00f6vesse az Indexet Facebookon is!<\/p>\n<p>    <a href=\"https:\/\/facebook.com\/Indexhu\" target=\"_blank\" rel=\"nofollow noopener\"><\/p>\n<p>        K\u00f6vetem!<br \/>\n    <\/a><\/p>\n","protected":false},"excerpt":{"rendered":"T\u00f6bb mint egy h\u00e9ttel hozt\u00e1k nyilv\u00e1noss\u00e1gra Tim Curry hal\u00e1l\u00e1nak ok\u00e1t, a Rocky Horror Picture Show szt\u00e1rja nyolcvan\u00e9ves kor\u00e1ban&hellip;\n","protected":false},"author":2,"featured_media":230958,"comment_status":"","ping_status":"","sticky":false,"template":"","format":"standard","meta":{"footnotes":"","_share_on_mastodon":"0"},"categories":[16],"tags":[151,152,137,699,44,42,40,61050,150,43,41,61049,7090,144,138,25723,61051],"class_list":["post-230957","post","type-post","status-publish","format-standard","has-post-thumbnail","category-szorakozas","tag-ce-femina","tag-ce-napi","tag-entertainment","tag-halal","tag-hu","tag-hungarian","tag-hungary","tag-koszoruer-betegseg","tag-kultur","tag-magyar","tag-magyarorszag","tag-oka","tag-stroke","tag-szinesz","tag-szorakozas","tag-tim-curry","tag-veserak"],"share_on_mastodon":{"url":"https:\/\/pubeurope.com\/@hu\/117205681450714091","error":""},"_links":{"self":[{"href":"https:\/\/www.europesays.com\/hu\/wp-json\/wp\/v2\/posts\/230957","targetHints":{"allow":["GET"]}}],"collection":[{"href":"https:\/\/www.europesays.com\/hu\/wp-json\/wp\/v2\/posts"}],"about":[{"href":"https:\/\/www.europesays.com\/hu\/wp-json\/wp\/v2\/types\/post"}],"author":[{"embeddable":true,"href":"https:\/\/www.europesays.com\/hu\/wp-json\/wp\/v2\/users\/2"}],"replies":[{"embeddable":true,"href":"https:\/\/www.europesays.com\/hu\/wp-json\/wp\/v2\/comments?post=230957"}],"version-history":[{"count":0,"href":"https:\/\/www.europesays.com\/hu\/wp-json\/wp\/v2\/posts\/230957\/revisions"}],"wp:featuredmedia":[{"embeddable":true,"href":"https:\/\/www.europesays.com\/hu\/wp-json\/wp\/v2\/media\/230958"}],"wp:attachment":[{"href":"https:\/\/www.europesays.com\/hu\/wp-json\/wp\/v2\/media?parent=230957"}],"wp:term":[{"taxonomy":"category","embeddable":true,"href":"https:\/\/www.europesays.com\/hu\/wp-json\/wp\/v2\/categories?post=230957"},{"taxonomy":"post_tag","embeddable":true,"href":"https:\/\/www.europesays.com\/hu\/wp-json\/wp\/v2\/tags?post=230957"}],"curies":[{"name":"wp","href":"https:\/\/api.w.org\/{rel}","templated":true}]}}