{"id":230969,"date":"2026-09-03T06:32:36","date_gmt":"2026-09-03T06:32:36","guid":{"rendered":"https:\/\/www.europesays.com\/hu\/230969\/"},"modified":"2026-09-03T06:32:36","modified_gmt":"2026-09-03T06:32:36","slug":"ezen-a-napon-a-budapesti-voros-lobogo-jatszotta-a-magyar-futballhistoria-elso-bek-merkozeset","status":"publish","type":"post","link":"https:\/\/www.europesays.com\/hu\/230969\/","title":{"rendered":"Ezen a napon a Budapesti V\u00f6r\u00f6s Lobog\u00f3 j\u00e1tszotta a magyar futballhist\u00f3ria els\u0151 BEK m\u00e9rk\u0151z\u00e9s\u00e9t\u00a0"},"content":{"rendered":"<p>A Klubcsapatok Eur\u00f3pa-kup\u00e1ja, m\u00e1s n\u00e9ven a Bajnokcsapatok Eur\u00f3pa-kup\u00e1ja (BEK) els\u0151 ki\u00edr\u00e1s\u00e1ban 16 klubot h\u00edvtak meg, k\u00f6zt\u00fck a magyar Bp. V\u00f6r\u00f6s Lobog\u00f3 csapat\u00e1t. Nem az 1954-es bajnokot, a Bp. Honv\u00e9dot nevezte az MLSZ, hanem az 1955-\u00f6s bajnoks\u00e1got vezet\u0151 V\u00f6r\u00f6s Lobog\u00f3t. A d\u00f6nt\u00e9st nem indokolt\u00e1k, a korabeli lapok sem \u00edrnak r\u00f3la.<\/p>\n<p>Az 1955-1956-os els\u0151 BEK-ki\u00edr\u00e1snak nem az UEFA, hanem a francia sportnapilap, a L\u2019\u00c9quipe megh\u00edv\u00e1s\u00e1ra v\u00e1gott neki 16 csapat. Az eur\u00f3pai sz\u00f6vets\u00e9g 1955 m\u00e1rciusi kongresszus\u00e1n lett hivatalosan is eur\u00f3pai futballtorna a BEK. A tan\u00e1cskoz\u00e1son haz\u00e1nkat Sebes Guszt\u00e1v, az OTSB eln\u00f6khelyettese \u00e9s Krajcsovits Istv\u00e1n, az OTSB k\u00fclf\u00f6ldi kapcsolatok oszt\u00e1ly\u00e1nak vezet\u0151je k\u00e9pviselte.\u00a0<\/p>\n<p>Nem volt k\u00f6nny\u0171 &#8222;\u00f6sszeszedni&#8221; 16 egy\u00fcttest, mert p\u00e9ld\u00e1ul a Chelsea \u00e9s a sk\u00f3t Aberdeen a hazai bajnoki szerepl\u00e9s\u00e9t f\u00e9ltve visszautas\u00edtotta a felk\u00e9r\u00e9st &#8211; angol csapat nem is volt a mez\u0151nyben, a sk\u00f3tok pedig a Hiberniant ind\u00edtott\u00e1k.\u00a0<\/p>\n<p>V\u00e9g\u00fcl ez a 16 g\u00e1rda l\u00e9pett p\u00e1ly\u00e1ra az els\u0151 BEK-sorozatban: Servette (sv\u00e1jci), Real Madrid (spanyol), Sporting (portug\u00e1l), Partizan (jugoszl\u00e1v), Rapid Wien (osztr\u00e1k), PSV Eindhoven (holland), AC Milan (olasz), 1. FC Saarbr\u00fccken (Saar-vid\u00e9ki), AGF Aarhus (d\u00e1n), Stade Reims (francia), V\u00f6r\u00f6s Lobog\u00f3 (magyar), Anderlecht (belga), Djurgarden (sv\u00e9d), Gwardia Warszawa (lengyel), Rot-Weiss Essen (n\u00e9met), Hibernain (sk\u00f3t).\u00a0<\/p>\n<p>A visszal\u00e9p\u0151 Chelsea hely\u00e9n a lengyel Gwardia kapott megh\u00edv\u00e1st, az ugyancsak jelentkez\u0151 csehszlov\u00e1k Slovan Bratislava, a t\u00f6r\u00f6k Galatasaray \u00e9s a luxemburgi Stade Dudelange ellen\u00e9ben.<\/p>\n<p>A magyar egy\u00fcttes hamar bemutatkozott: a Sporting CP Lisboa &#8211; \u00a0Partizan Beograd (3:3) \u00f6sszecsap\u00e1s ut\u00e1n m\u00e1sodikk\u00e9nt l\u00e9pett p\u00e1ly\u00e1ra a belga RSC Anderlechtois ellen, s aratta a kupasorozat els\u0151 gy\u0151zelm\u00e9t.\u00a0<\/p>\n<p>Az 1955. szeptember 7-\u00e9n a N\u00e9pstadionban 35 ezer n\u00e9z\u0151 el\u0151tt lej\u00e1tszott Budapesti V\u00f6r\u00f6s Lobog\u00f3 &#8211; RSC Anderlecht nyolcadd\u00f6nt\u0151 h\u0151se Palot\u00e1s P\u00e9ter volt: h\u00e1rom g\u00f3llal j\u00e1rult hozz\u00e1 a 6:3-as sikerhez.\u00a0<\/p>\n<p>A BEK t\u00f6rt\u00e9net\u00e9nek els\u0151 magyar g\u00f3lj\u00e1t azonban Szimcs\u00e1k I Istv\u00e1n szerezte a 8. percben: &#8221; Palot\u00e1s labd\u00e1j\u00e1val Szimcs\u00e1k I. kapura t\u00f6rt, a belga v\u00e9d\u0151k nem tudt\u00e1k be\u00e9rni, s a balsz\u00e9ls\u0151 futt\u00e1b\u00f3l, hat m\u00e9terr\u0151l, \u00e9les sz\u00f6gb\u0151l a bal sarokba l\u0151tt&#8221;, \u00edrta a N\u00e9psport. A m\u00e1sik k\u00e9t V\u00f6r\u00f6s Lobog\u00f3 tal\u00e1lat Hidegkuti N\u00e1ndor \u00e9s S\u00e1ndor K\u00e1roly nev\u00e9hez f\u0171z\u0151dik..<\/p>\n<p>Az els\u0151 magyar csapat, amely p\u00e1ly\u00e1ra l\u00e9pett a BEK-ben: Fazekas \u2014 Kov\u00e1cs II., B\u00f6rzsei, Lantos \u2014 Kov\u00e1cs I., Kov\u00e1cs III. \u2014 S\u00e1ndor, Hidegkuti, Palot\u00e1s, K\u00e1r\u00e1sz, Szimcs\u00e1k I. \u00a0** Edz\u0151: Kem\u00e9ny Tibor.<\/p>\n<p>Az okt\u00f3ber 19-ei br\u00fcsszeli visszav\u00e1g\u00f3 is magyar sikert hozott, a V\u00f6r\u00f6s Lobog\u00f3 Hidegkuti, Lantos, Palot\u00e1s \u00e9s Kov\u00e1cs III g\u00f3ljaival 4:1-re gy\u0151z\u00f6tt, s 10:4-es \u00f6sszes\u00edt\u00e9ssel jutott tov\u00e1bb.<\/p>\n<p>A negyedd\u00f6nt\u0151ben december 14-\u00e9n a p\u00e1rizsi Stade Parc des Princes Stadionban a francia Stade de Reims volt az ellenf\u00e9l. 40 ezer n\u00e9z\u0151 el\u0151tt a hazaiak 4:2-re gy\u0151ztek. A V\u00f6r\u00f6s Lobog\u00f3 g\u00f3ljait Szolnok Istv\u00e1n \u00e9s Lantos Mih\u00e1ly (11-esb\u0151l) szerezte.<\/p>\n<p>A visszav\u00e1g\u00f3t december 28-\u00e1n a Megyeri \u00faton j\u00e1tszott\u00e1k, amit 35 ezren l\u00e1ttak. A magyar egy\u00fcttes nem tudta ledolgozni k\u00e9t g\u00f3los h\u00e1tr\u00e1ny\u00e1t, a tal\u00e1lkoz\u00f3 4:4-es d\u00f6ntetlenre v\u00e9gz\u0151d\u00f6tt. A V\u00f6r\u00f6s Lobog\u00f3 ebben az \u00f6ssze\u00e1ll\u00edt\u00e1sban j\u00e1tszott: Veres\u2014 Kov\u00e1cs II, B\u00f6rzsei, Lantos \u2014 Kov\u00e1cs I, Kov\u00e1cs III \u2014 S\u00e1ndor, Palot\u00e1s, Hidegkuti, Moln\u00e1r, Szimcs\u00e1k I. ** Edz\u0151: Kem\u00e9ny Tibor.<\/p>\n<p>A Stade de Reims 8:6-os \u00f6sszes\u00edt\u00e9ssel jutott az el\u0151d\u00f6nt\u0151be.<\/p>\n<p>Az els\u0151 BEK-et, a BL el\u0151dj\u00e9t a Real Madrid nyerte, miut\u00e1n a p\u00e1rizsi d\u00f6nt\u0151ben 4:3-ra legy\u0151zte a francia Stade de Reims egy\u00fcttes\u00e9t&#8230;<\/p>\n","protected":false},"excerpt":{"rendered":"A Klubcsapatok Eur\u00f3pa-kup\u00e1ja, m\u00e1s n\u00e9ven a Bajnokcsapatok Eur\u00f3pa-kup\u00e1ja (BEK) els\u0151 ki\u00edr\u00e1s\u00e1ban 16 klubot h\u00edvtak meg, k\u00f6zt\u00fck a magyar&hellip;\n","protected":false},"author":2,"featured_media":230970,"comment_status":"","ping_status":"","sticky":false,"template":"","format":"standard","meta":{"footnotes":"","_share_on_mastodon":"0"},"categories":[22],"tags":[2501,73,378,553,44,42,40,2497,502,2500,43,41,1071,2504,2503,2499,2502,2498],"class_list":["post-230969","post","type-post","status-publish","format-standard","has-post-thumbnail","category-budapest","tag-brull-alfred-akademia","tag-budapest","tag-foci","tag-futball","tag-hu","tag-hungarian","tag-hungary","tag-kekek","tag-labdarugas","tag-labdarugo-akademia","tag-magyar","tag-magyarorszag","tag-mtk-budapest","tag-mtk-focicsapat","tag-mtk-stadion","tag-sandor-karoly","tag-sportegyesulet","tag-uj-hidegkuti-nandor-stadion"],"share_on_mastodon":{"url":"https:\/\/pubeurope.com\/@hu\/117205712806062783","error":""},"_links":{"self":[{"href":"https:\/\/www.europesays.com\/hu\/wp-json\/wp\/v2\/posts\/230969","targetHints":{"allow":["GET"]}}],"collection":[{"href":"https:\/\/www.europesays.com\/hu\/wp-json\/wp\/v2\/posts"}],"about":[{"href":"https:\/\/www.europesays.com\/hu\/wp-json\/wp\/v2\/types\/post"}],"author":[{"embeddable":true,"href":"https:\/\/www.europesays.com\/hu\/wp-json\/wp\/v2\/users\/2"}],"replies":[{"embeddable":true,"href":"https:\/\/www.europesays.com\/hu\/wp-json\/wp\/v2\/comments?post=230969"}],"version-history":[{"count":0,"href":"https:\/\/www.europesays.com\/hu\/wp-json\/wp\/v2\/posts\/230969\/revisions"}],"wp:featuredmedia":[{"embeddable":true,"href":"https:\/\/www.europesays.com\/hu\/wp-json\/wp\/v2\/media\/230970"}],"wp:attachment":[{"href":"https:\/\/www.europesays.com\/hu\/wp-json\/wp\/v2\/media?parent=230969"}],"wp:term":[{"taxonomy":"category","embeddable":true,"href":"https:\/\/www.europesays.com\/hu\/wp-json\/wp\/v2\/categories?post=230969"},{"taxonomy":"post_tag","embeddable":true,"href":"https:\/\/www.europesays.com\/hu\/wp-json\/wp\/v2\/tags?post=230969"}],"curies":[{"name":"wp","href":"https:\/\/api.w.org\/{rel}","templated":true}]}}