{"id":230983,"date":"2026-09-03T06:45:09","date_gmt":"2026-09-03T06:45:09","guid":{"rendered":"https:\/\/www.europesays.com\/hu\/230983\/"},"modified":"2026-09-03T06:45:09","modified_gmt":"2026-09-03T06:45:09","slug":"6-ev-utan-elvalt-a-ferjetol-a-magyar-enekesno-igy-beszelt-a-szakitas-okairol-mohamed-fatima","status":"publish","type":"post","link":"https:\/\/www.europesays.com\/hu\/230983\/","title":{"rendered":"6 \u00e9v ut\u00e1n elv\u00e1lt a f\u00e9rj\u00e9t\u0151l a magyar \u00e9nekesn\u0151: \u00edgy besz\u00e9lt a szak\u00edt\u00e1s okair\u00f3l Mohamed Fatima"},"content":{"rendered":"<p data-alignment=\"left\" class=\"text-left\" data-block-key=\"30s3g\">Egy \u00e9ven kereszt\u00fcl titkolta a nyilv\u00e1noss\u00e1g el\u0151tt Mohamed Fatima, hogy v\u00e9get \u00e9rt a h\u00e1zass\u00e1ga. A <a href=\"https:\/\/femina.hu\/hazai_sztar\/mohamed-fatima-etel-gyujtes\/\" rel=\"nofollow noopener\" target=\"_blank\">Fekete Vonat egykori \u00e9nekesn\u0151je most el\u0151sz\u00f6r besz\u00e9lt<\/a> \u0151szint\u00e9n arr\u00f3l, mi vezetett a szak\u00edt\u00e1shoz, \u00e9s mi\u00e9rt \u0151 mondta ki v\u00e9g\u00fcl, hogy nincs tov\u00e1bb.<\/p>\n<p data-alignment=\"left\" class=\"text-left\" data-block-key=\"30s3g\"><a href=\"https:\/\/femina.hu\/hazai_sztar\/mohamed-fatima-ferje\/\" rel=\"nofollow noopener\" target=\"_blank\">Mohamed Fatima \u00e9s f\u00e9rje, G\u00e1bor hat \u00e9ven<\/a> kereszt\u00fcl voltak h\u00e1zasok, \u00e1m kapcsolatuk v\u00e9g\u00fcl nem \u00e1llta ki az id\u0151 pr\u00f3b\u00e1j\u00e1t. Az \u00e9nekesn\u0151 a <a href=\"https:\/\/story.hu\/napi-friss\/2026\/09\/03\/mohamed-fatima-valas-ferj\/05qcc8y?tsrc=nlc_cross\" target=\"_blank\" rel=\" noopener noreferrer nofollow\">Story magazinnak<\/a> \u00e1rulta el, hogy t\u00f6bb mint egy \u00e9ve m\u00e1r k\u00fcl\u00f6n utakon j\u00e1rnak, a v\u00e1l\u00e1sukat azonban eddig nem hozt\u00e1k nyilv\u00e1noss\u00e1gra.<\/p>\n<p data-alignment=\"left\" class=\"text-left\" data-block-key=\"30s3g\">B\u00e1r a szak\u00edt\u00e1s f\u00e1jdalmas d\u00f6nt\u00e9s volt, Mohamed Fatima ma m\u00e1r b\u00e9k\u00e9vel \u00e9s szeretettel gondol vissza egykori h\u00e1zass\u00e1g\u00e1ra.<\/p>\n<p data-alignment=\"left\" class=\"text-left\" data-block-key=\"20bhb\">Az \u00e9nekesn\u0151 elmond\u00e1sa szerint sok\u00e1ig pr\u00f3b\u00e1lt\u00e1k megmenteni a kapcsolatukat, v\u00e9g\u00fcl azonban be kellett l\u00e1tniuk, hogy hi\u00e1ba k\u00fczdenek egym\u00e1s\u00e9rt, p\u00e1rkapcsolatk\u00e9nt nem m\u0171k\u00f6dnek j\u00f3l egy\u00fctt.<\/p>\n<p data-alignment=\"left\" class=\"text-left\" data-block-key=\"f1sqm\">&#8211; M\u00e1r nem vagyunk egy\u00fctt a f\u00e9rjemmel, csak ez id\u00e1ig nem volt publikus a nyilv\u00e1noss\u00e1g sz\u00e1m\u00e1ra. T\u00f6bb mint egy \u00e9ve v\u00e1ltunk el G\u00e1borral. Hat \u00e9vig voltunk h\u00e1zasok \u2013 mondta a Story magazinnak.<\/p>\n<p data-alignment=\"left\" class=\"text-left\" data-block-key=\"3f1rf\">Mohamed Fatima szerint f\u00e9rje alkoholszenved\u00e9lye is komoly probl\u00e9m\u00e1t jelentett a kapcsolatukban. Mint fogalmazott, b\u00e1r igyekeztek helyrehozni a h\u00e1zass\u00e1gukat, ez a neh\u00e9zs\u00e9g v\u00e9g\u00fcl er\u0151sebbnek bizonyult.<\/p>\n<p data-alignment=\"left\" class=\"text-left\" data-block-key=\"8u22\">Az \u00e9nekesn\u0151 azt is felismerte az \u00e9vek sor\u00e1n, hogy szem\u00e9lyis\u00e9g\u00fckben is nagyon k\u00fcl\u00f6nb\u00f6ztek egym\u00e1st\u00f3l. M\u00edg \u0151 saj\u00e1t bevall\u00e1sa szerint rendk\u00edv\u00fcl \u00e9rz\u00e9kenyen r\u00e1hangol\u00f3dik m\u00e1sokra, f\u00e9rje sokkal z\u00e1rk\u00f3zottabb \u00e9s introvert\u00e1ltabb volt n\u00e1la.<\/p>\n<p data-alignment=\"left\" class=\"text-left\" data-block-key=\"6fgau\">&#8211; Ut\u00f3lag m\u00e1r bel\u00e1tom, nem voltunk egym\u00e1snak val\u00f3k\u201d \u2013 vallotta be.<\/p>\n<p data-alignment=\"left\" class=\"text-left\" data-block-key=\"d5qdt\">A kapcsolat eleinte j\u00f3l m\u0171k\u00f6d\u00f6tt, \u00e9s az \u00e9nekesn\u0151 szerint sokat tanultak egym\u00e1st\u00f3l, n\u00e9h\u00e1ny \u00e9v ut\u00e1n azonban megrekedtek, majd fokozatosan romlani kezdett a h\u00e1zass\u00e1guk.<\/p>\n<p data-alignment=\"left\" class=\"text-left\" data-block-key=\"e89q1\">V\u00e9g\u00fcl Mohamed Fatima hozta meg a neh\u00e9z d\u00f6nt\u00e9st, \u00e9s \u0151 kezdem\u00e9nyezte a v\u00e1l\u00e1st. Mint el\u00e1rulta, volt f\u00e9rje ezt nehezen fogadta el, \u00e9s m\u00e9g mindig rem\u00e9nykedik abban, hogy egyszer \u00fajra egym\u00e1sra tal\u00e1lnak, az \u00e9nekesn\u0151 sz\u00e1m\u00e1ra azonban m\u00e1r egy\u00e9rtelm\u0171, hogy nincs vissza\u00fat.<\/p>\n<p data-alignment=\"left\" class=\"text-left\" data-block-key=\"fumbt\">Ennek ellen\u00e9re nem haraggal v\u00e1ltak el. Mohamed Fatima hangs\u00falyozta, hogy a mai napig j\u00f3 viszonyban vannak, \u00e9s szeretettel gondol egykori f\u00e9rj\u00e9re.<\/p>\n<p>            <a href=\"https:\/\/femina.hu\/hazai_sztar\/ambrus-attila-valas-hazassag-tonkrement\/\" rel=\"nofollow noopener\" target=\"_blank\"><\/p>\n<p>              <img decoding=\"async\" src=\"https:\/\/femina.hu\/neon\/media\/images\/71276199_5256069_a6abe191357a8f.format-avif.max-600x400.avif\" alt=\"Ambrus Attila egy \u00e9vvel a v\u00e1l\u00e1s ut\u00e1n sem l\u00e9pett t\u00fal: hib\u00e1snak tartja mag\u00e1t t\u00f6nkre ment h\u00e1zass\u00e1g\u00e1\u00e9rt\" class=\"w-full object-cover aspect-square rounded-[24px]\" loading=\"lazy\"\/><\/p>\n<p>            <\/a><\/p>\n<p>          Ambrus Attila egy \u00e9vvel a v\u00e1l\u00e1s ut\u00e1n sem l\u00e9pett t\u00fal: hib\u00e1snak tartja mag\u00e1t t\u00f6nkre ment h\u00e1zass\u00e1g\u00e1\u00e9rt<\/p>\n<p class=\"!text-[18px] !leading-[28px] !mb-0\">\n          Ambrus Attila \u0151szint\u00e9n besz\u00e9lt arr\u00f3l, hogyan \u00e9rzi mag\u00e1t a v\u00e1l\u00e1sa ut\u00e1n.\n        <\/p>\n<p>          <a href=\"https:\/\/femina.hu\/hazai_sztar\/ambrus-attila-valas-hazassag-tonkrement\/\" target=\"_blank\" rel=\"noopener noreferrer nofollow\" class=\"!no-underline !text-black flex justify-center items-center text-[20px] h-[62px] w-fit default-rounded-button content-center px-6 py-4 font-semibold after:content-[&#039;&#039;] after:inline-block after:h-[1em] after:w-[1.5em] after:ml-[1em] after:bg-[url(&#039;\/static\/images\/femina\/arrow_link_right.svg&#039;)] after:bg-no-repeat after:bg-center after:bg-[length:100%_auto]\"><br \/>\n            Elolvasom<br \/>\n          <\/a><\/p>\n<p>&#13;<br \/>\n  &#13;\n<\/p>\n<p>`, adoceanServer:&#8221;indexhu.adocean.pl&#8221;, tags:&#8221;[\\u0022szt\\u005Cu00e1r\\u0022, \\u0022mohamed fatima\\u0022, \\u0022\\u005Cu00e9nekesn\\u005Cu0151\\u0022, \\u0022v\\u005Cu00e1l\\u005Cu00e1s\\u0022]&#8221;, identCodes:&#8221;{\\u0022fe30\\u0022: \\u00221\\u0022, \\u0022fe06\\u0022: \\u00221\\u0022}&#8221;})&#8221;<br \/>\n      :id=&#8221;zoneId&#8221; x-cloak<\/p>\n<p>      class=&#8221;ad-node &#8221; x-init=&#8221;load();&#8221;&gt;<\/p>\n<p>\n  hirdet\u00e9s\n<\/p>\n<p><a href=\"https:\/\/google.com\/preferences\/source?q=https%3A\/\/femina.hu\" rel=\"noopener nofollow\" referrerpolicy=\"no-referrer-when-downgrade\" class=\"!flex !items-center !gap-5 !py-2 !px-3 w-full !rounded-xl !font-bold cursor-pointer !no-underline relative !bg-white !text-[#202124] !border !border-[#858585] dark:!bg-[#323232] dark:!text-white dark:border-none my-4 \" target=\"_blank\"><br \/>\n  <img decoding=\"async\" src=\"https:\/\/femina.hu\/neon\/static\/images\/favicons\/google_favicon.svg\" alt=\"Google\" class=\"shrink-0 w-7 h-7\"\/><br \/>\n  \u00c1ll\u00edtsd be a Google keres\u0151j\u00e9t, hogy a tal\u00e1latok k\u00f6z\u00f6tt biztos ott legyen a Femina!<\/p>\n<p><\/a><\/p>\n","protected":false},"excerpt":{"rendered":"Egy \u00e9ven kereszt\u00fcl titkolta a nyilv\u00e1noss\u00e1g el\u0151tt Mohamed Fatima, hogy v\u00e9get \u00e9rt a h\u00e1zass\u00e1ga. A Fekete Vonat egykori&hellip;\n","protected":false},"author":2,"featured_media":230984,"comment_status":"","ping_status":"","sticky":false,"template":"","format":"standard","meta":{"footnotes":"","_share_on_mastodon":"0"},"categories":[33],"tags":[329,38,35,37,44,42,40,43,41,40912,34,205,36,614,39],"class_list":["post-230983","post","type-post","status-publish","format-standard","has-post-thumbnail","category-hirek","tag-enekesno","tag-focimek","tag-headlines","tag-hirek","tag-hu","tag-hungarian","tag-hungary","tag-magyar","tag-magyarorszag","tag-mohamed-fatima","tag-news","tag-sztar","tag-top-stories","tag-valas","tag-vezeto-hirek"],"share_on_mastodon":{"url":"https:\/\/pubeurope.com\/@hu\/117205763909987871","error":""},"_links":{"self":[{"href":"https:\/\/www.europesays.com\/hu\/wp-json\/wp\/v2\/posts\/230983","targetHints":{"allow":["GET"]}}],"collection":[{"href":"https:\/\/www.europesays.com\/hu\/wp-json\/wp\/v2\/posts"}],"about":[{"href":"https:\/\/www.europesays.com\/hu\/wp-json\/wp\/v2\/types\/post"}],"author":[{"embeddable":true,"href":"https:\/\/www.europesays.com\/hu\/wp-json\/wp\/v2\/users\/2"}],"replies":[{"embeddable":true,"href":"https:\/\/www.europesays.com\/hu\/wp-json\/wp\/v2\/comments?post=230983"}],"version-history":[{"count":0,"href":"https:\/\/www.europesays.com\/hu\/wp-json\/wp\/v2\/posts\/230983\/revisions"}],"wp:featuredmedia":[{"embeddable":true,"href":"https:\/\/www.europesays.com\/hu\/wp-json\/wp\/v2\/media\/230984"}],"wp:attachment":[{"href":"https:\/\/www.europesays.com\/hu\/wp-json\/wp\/v2\/media?parent=230983"}],"wp:term":[{"taxonomy":"category","embeddable":true,"href":"https:\/\/www.europesays.com\/hu\/wp-json\/wp\/v2\/categories?post=230983"},{"taxonomy":"post_tag","embeddable":true,"href":"https:\/\/www.europesays.com\/hu\/wp-json\/wp\/v2\/tags?post=230983"}],"curies":[{"name":"wp","href":"https:\/\/api.w.org\/{rel}","templated":true}]}}