{"id":230997,"date":"2026-09-03T06:59:07","date_gmt":"2026-09-03T06:59:07","guid":{"rendered":"https:\/\/www.europesays.com\/hu\/230997\/"},"modified":"2026-09-03T06:59:07","modified_gmt":"2026-09-03T06:59:07","slug":"elrugtam-szep-befejezes-volt-bombagolt-lott-angliaban-a-magyar-valogatott-futballista","status":"publish","type":"post","link":"https:\/\/www.europesays.com\/hu\/230997\/","title":{"rendered":"&#8222;Elr\u00fagtam, sz\u00e9p befejez\u00e9s volt&#8221; \u2013 bombag\u00f3lt l\u0151tt Angli\u00e1ban a magyar v\u00e1logatott futballista"},"content":{"rendered":"<p>A birminghami egy\u00fcttesben kezd\u0151k\u00e9nt p\u00e1ly\u00e1ra l\u00e9p\u0151 k\u00f6z\u00e9pp\u00e1ly\u00e1s az 59. percben szerzett vezet\u00e9st \u00fagy, hogy egy jobb oldali sz\u00f6gletet kifejeltek a v\u00e9d\u0151k, \u0151 pedig egy \u00e1ll\u00edt\u00e1s ut\u00e1n nagy er\u0151vel a keresztl\u00e9c al\u00e1 l\u0151tt. A riv\u00e1lis t\u00edz perccel k\u00e9s\u0151bb egyenl\u00edtve mentett pontot.<\/p>\n<p>Styles \u2013 aki legut\u00f3bb a 2024-25-\u00f6s szezonban tal\u00e1lt be \u2013 v\u00e9gigj\u00e1tszotta az \u00f6sszecsap\u00e1st.<\/p>\n<p>M\u00e1r egy ideje nem szereztem g\u00f3lt, a m\u00falt szezonban sem siker\u00fclt, sz\u00f3val r\u00e9g\u00f3ta v\u00e1rtam erre. \u00c9s ha mondhatom, sz\u00e9p befejez\u00e9s volt<\/p>\n<p>\u2013 mosolygott.<\/p>\n<p>\u201eAz els\u0151 f\u00e9lid\u0151ben is volt egy l\u00f6v\u00e9sem, a g\u00f3l el\u0151tt viszont \u00e9reztem, hogy t\u00f6bb id\u0151m van, \u00edgy igaz\u00edthattam is rajta. Elr\u00fagtam, \u00e9s nagyon \u00f6r\u00fcltem, amikor l\u00e1ttam, hogy bement.\u201d<\/p>\n<p>A magyar v\u00e1logatott futballista szerint a West Bromnak a kapu el\u0151tt kell j\u00f3val hat\u00e9konyabbnak lennie ahhoz, hogy el\u00e9rje azokat a magass\u00e1gokat, amelyekre ebben a szezonban k\u00e9pes lehet.<\/p>\n<p>Er\u0151sen kezdt\u00fck a szezont, de m\u00e9g er\u0151sebben szerett\u00fcnk volna. \u00dagy gondolom, a sr\u00e1cok zseni\u00e1lisak voltak, de csak egy kis gyilkos \u00f6szt\u00f6nre van sz\u00fcks\u00e9g\u00fcnk a v\u00e9g\u00e9n, \u00e9s akkor minden rendben lesz. 71 sz\u00e1zal\u00e9kban birtokoltuk a labd\u00e1t, ez j\u00f3l mutatja, mennyire uraltuk a m\u00e9rk\u0151z\u00e9st<\/p>\n<p>\u2013 mondta.<\/p>\n<p>A WBA n\u00e9gy k\u00f6r ut\u00e1n k\u00e9t gy\u0151zelemmel, egy d\u00f6ntetlennel \u00e9s egy veres\u00e9ggel, h\u00e9t pontj\u00e1val a hetedik helyen \u00e1ll a tabell\u00e1n.<\/p>\n","protected":false},"excerpt":{"rendered":"A birminghami egy\u00fcttesben kezd\u0151k\u00e9nt p\u00e1ly\u00e1ra l\u00e9p\u0151 k\u00f6z\u00e9pp\u00e1ly\u00e1s az 59. percben szerzett vezet\u00e9st \u00fagy, hogy egy jobb oldali sz\u00f6gletet&hellip;\n","protected":false},"author":2,"featured_media":230998,"comment_status":"","ping_status":"","sticky":false,"template":"","format":"standard","meta":{"footnotes":"","_share_on_mastodon":"0"},"categories":[33],"tags":[4539,55944,4873,1682,378,38,35,37,44,42,40,502,43,3804,41,34,45,36,39],"class_list":["post-230997","post","type-post","status-publish","format-standard","has-post-thumbnail","category-hirek","tag-angol-foci","tag-bombagol","tag-callum-styles","tag-championship","tag-foci","tag-focimek","tag-headlines","tag-hirek","tag-hu","tag-hungarian","tag-hungary","tag-labdarugas","tag-magyar","tag-magyar-valogatott","tag-magyarorszag","tag-news","tag-sport","tag-top-stories","tag-vezeto-hirek"],"share_on_mastodon":{"url":"https:\/\/pubeurope.com\/@hu\/117205818956007546","error":""},"_links":{"self":[{"href":"https:\/\/www.europesays.com\/hu\/wp-json\/wp\/v2\/posts\/230997","targetHints":{"allow":["GET"]}}],"collection":[{"href":"https:\/\/www.europesays.com\/hu\/wp-json\/wp\/v2\/posts"}],"about":[{"href":"https:\/\/www.europesays.com\/hu\/wp-json\/wp\/v2\/types\/post"}],"author":[{"embeddable":true,"href":"https:\/\/www.europesays.com\/hu\/wp-json\/wp\/v2\/users\/2"}],"replies":[{"embeddable":true,"href":"https:\/\/www.europesays.com\/hu\/wp-json\/wp\/v2\/comments?post=230997"}],"version-history":[{"count":0,"href":"https:\/\/www.europesays.com\/hu\/wp-json\/wp\/v2\/posts\/230997\/revisions"}],"wp:featuredmedia":[{"embeddable":true,"href":"https:\/\/www.europesays.com\/hu\/wp-json\/wp\/v2\/media\/230998"}],"wp:attachment":[{"href":"https:\/\/www.europesays.com\/hu\/wp-json\/wp\/v2\/media?parent=230997"}],"wp:term":[{"taxonomy":"category","embeddable":true,"href":"https:\/\/www.europesays.com\/hu\/wp-json\/wp\/v2\/categories?post=230997"},{"taxonomy":"post_tag","embeddable":true,"href":"https:\/\/www.europesays.com\/hu\/wp-json\/wp\/v2\/tags?post=230997"}],"curies":[{"name":"wp","href":"https:\/\/api.w.org\/{rel}","templated":true}]}}