{"id":231006,"date":"2026-09-03T07:09:08","date_gmt":"2026-09-03T07:09:08","guid":{"rendered":"https:\/\/www.europesays.com\/hu\/231006\/"},"modified":"2026-09-03T07:09:08","modified_gmt":"2026-09-03T07:09:08","slug":"bamulatos-911-gt3-erkezett-hogy-legyozd-a-hegyet","status":"publish","type":"post","link":"https:\/\/www.europesays.com\/hu\/231006\/","title":{"rendered":"B\u00e1mulatos 911 GT3 \u00e9rkezett, hogy legy\u0151zd a hegyet"},"content":{"rendered":"<p data-alignment=\"left\" class=\"text-left\" data-block-key=\"832wt\">A Porsche rendszeresen <a href=\"https:\/\/totalcar.hu\/hirek\/2026\/08\/10\/egyedi-fenyezes-porsche-911-turbo-s-kulonleges-szin-sonderwunsch\/\" target=\"_blank\" rel=\" noopener noreferrer nofollow\" data-link-preview=\"true\" data-og-title=\"Soha nem k\u00e9sz\u00fclhet m\u00e1sik Porsche 911 ilyen sz\u00ednben\" data-og-description=\"Garant\u00e1ltan eldobod az agyad ett\u0151l az egyedi f\u00e9nyez\u0171 911 Turbo S-t\u0151l, amib\u0151l k\u00e9s\u0151bb se lehet m\u00e1sik.\" data-og-image=\"https:\/\/totalcar.hu\/media\/images\/img_18_result.format-avif.max-600x400.avif\" data-og-image-small=\"https:\/\/totalcar.hu\/media\/images\/img_18_result.format-avif.max-370x278.avif\" data-og-column=\"H\u00edrek\" data-og-tags=\"[&quot;H\\u00edrek&quot;, &quot;porsche 911&quot;, &quot;sonderwunsch&quot;, &quot;911&quot;, &quot;ausztr\\u00e1lia&quot;, &quot;992&quot;, &quot;turbo s&quot;, &quot;Porsche&quot;, &quot;k\\u00fcl\\u00f6nkiad\\u00e1s&quot;]\">csod\u00e1latos 911-k\u00fcl\u00f6nkiad\u00e1sokkal jelentkezik<\/a>, \u00e9s \u00e9n ezekkel abszol\u00fat nem tudok betelni. Most egy visszafogott, de <a href=\"https:\/\/totalcar.hu\/hirek\/2024\/07\/01\/lehetetlen-betelni-ezzel-a-gyarilag-kezzel-festett-szinvaltos-porsche-911-essel\/\" rel=\"nofollow noopener\" target=\"_blank\">minden apr\u00f3 r\u00e9szlet\u00e9ben k\u00e1pr\u00e1zatos darabot<\/a> k\u00e9sz\u00edtettek. A 911 GT3 Bergsport kimondottan a hegyi utak szerelmeseinek sz\u00f3l, mik\u00f6zben a Porsche hegyi versenyeken el\u00e9rt sikereit is meg\u00fcnnepli. M\u00e9rhetetlen\u00fcl k\u00edv\u00e1natos darab, b\u00e1r, ha megk\u00edv\u00e1ntad, nem lesz egyszer\u0171 dolgod, ugyan a n\u00e9met gy\u00e1rt\u00f3 mind\u00f6ssze n\u00e9h\u00e1ny Bergsportot \u00e9p\u00edt.<\/p>\n<p>  <a rel=\"noopener nofollow\" href=\"https:\/\/indamediasales.hu\/2019\/06\/25\/quality_placement_minosegbiztositasi_tajekoztato_728\" target=\"_blank\"><\/p>\n<p>      <img loading=\"lazy\" decoding=\"async\" src=\"https:\/\/totalcar.hu\/static\/images\/brand\/quality_placement_logo.svg\" alt=\"Quality Placement\" width=\"150\" height=\"15\"\/><\/p>\n<p>  <\/a><\/p>\n<p>\n  hirdet\u00e9s\n<\/p>\n<p data-alignment=\"left\" class=\"text-left\" data-block-key=\"fgvt0\">A k\u00fcl\u00f6nleges kiad\u00e1s alapja a 911 GT3 Touring, amit a Porsche Exclusive Manufaktur r\u00e9szlege szabott egyedi alkot\u00e1ss\u00e1. Az aut\u00f3 legl\u00e1tv\u00e1nyosabb r\u00e9szlete egy\u00e9rtelm\u0171en a sz\u00edne: a gy\u00f6ny\u00f6r\u0171, Valleygreenmetallic \u00e1rnyalatot kimondottan a Bergsporthoz kevert\u00e9k. A m\u00e9ly s\u00f6t\u00e9tz\u00f6ld alapsz\u00ednbe arany gy\u00f6ngyh\u00e1zszemcs\u00e9ket kevertek, ami \u00edgy a zord erd\u0151k \u00e9s a k\u00f6z\u00f6tt\u00fck \u00e1tsz\u0171r\u0151d\u0151 nap kombin\u00e1ci\u00f3j\u00e1t hivatott megid\u00e9zni.<\/p>\n<p data-alignment=\"left\" class=\"text-left\" data-block-key=\"8j8so\">Im\u00e1dnival\u00f3, hogy a Porsche mennyire \u00fcgyel a leheletfinom, apr\u00f3 r\u00e9szletekre: a magn\u00e9ziumb\u00f3l k\u00e9sz\u00fclt felnik helyett massz\u00edvabb, kov\u00e1csolt alum\u00edniumb\u00f3l k\u00e9sz\u00fclt darabokat haszn\u00e1ltak, hogy jobban b\u00edrj\u00e1k a n\u00e9hol nem t\u00f6k\u00e9letes min\u0151s\u00e9g\u0171 utakat. A f\u00e9knyergek sz\u00edne a kaszni\u00e9hoz hasonl\u00f3an egyedi. A Bergsportn\u00e1l alap a Lightweight Package, hiszen aki szeret a hegyi utakon veretni, egy\u00e9rtelm\u0171en a lehet\u0151 legk\u00f6nnyebb aut\u00f3val tenn\u00e9.<\/p>\n<p data-alignment=\"left\" class=\"text-left\" data-block-key=\"1va6o\">A f\u00e9nysz\u00f3r\u00f3k s\u00f6t\u00e9t\u00edtettek, a csomagt\u00e9rajt\u00f3ra felker\u00fclt egy nagyon halv\u00e1ny, a <a href=\"https:\/\/totalcar.hu\/tesztek\/2023\/05\/09\/porsche-911-targa-turbo-s-718-spyder-panamera-taycan\/\" target=\"_blank\" rel=\" noopener noreferrer nofollow\" data-link-preview=\"true\" data-og-title=\"Var\u00e1zsl\u00f3k, Porsch\u00e9k \u00e9s egy csipet val\u00f3s\u00e1g\" data-og-description=\"Ragyog\u00f3 naps\u00fct\u00e9s sz\u0171r\u0151d\u00f6tt \u00e1t a lombkoron\u00e1n, hogy azt\u00e1n egyenesen az arcomon \u00e9s a finom b\u0151rbe h\u00fazott, sz\u00fcrke utast\u00e9ren landoljon. Egy sz\u0171k erdei \u00faton z\u00faztam \u00e9pp a 911 Targ\u00e1val, valahol Nagyirt\u00e1spuszta k\u00f6rny\u00e9k\u00e9n, a fens\u00e9ges, ikerturb\u00f3s bokszer a h\u00e1tam m\u00f6g\u00f6tt dohogott. D\u00f6bbenetes l\u00e9giess\u00e9ggel siklott kanyarr\u00f3l kanyarra a nagy test, szinte az ujjbegyeimen \u00e9reztem, hogy mi t\u00f6rt\u00e9nik az els\u0151 gumik alatt. Ropog\u00f3san friss, tavaszi leveg\u0151 kavargott a pil\u00f3taf\u00fclk\u00e9ben, a k\u00f6zelr\u0151l f\u00fajtat\u00f3 bokszer hangj\u00e1t vitte a sz\u00e9l, \u00e9n pedig egy\u00e9rtelm\u0171en meg\u00e9rkeztem.\" data-og-image=\"https:\/\/totalcar.hu\/media\/images\/48812738_aebe995698be90aec2ecab.format-avif.max-600x400.avif\" data-og-image-small=\"https:\/\/totalcar.hu\/media\/images\/48812738_aebe995698be90aec2ecab.format-avif.max-370x278.avif\" data-og-column=\"Tesztek\" data-og-tags=\"[&quot;Tesztek&quot;, &quot;porsche&quot;, &quot;911&quot;, &quot;panamera&quot;, &quot;gt3&quot;, &quot;taycan&quot;, &quot;touring&quot;, &quot;spyder&quot;, &quot;718&quot;, &quot;turbo s&quot;, &quot;targa&quot;, &quot;bemutato&quot;]\">Porsche<\/a> 908 Bergspyderre utal\u00f3, kock\u00e1s matrica. S\u0151t, a motorh\u00e1ztet\u0151re is jutott egy, az Alpok n\u00e9gy h\u00edres hegycs\u00facs\u00e1t \u00e1br\u00e1zol\u00f3 embl\u00e9ma. A 90 literes tank \u00e9s az els\u0151 fut\u00f3m\u0171 emel\u0151rendszere opcion\u00e1lis extra, illetve \u00e9rdekess\u00e9g, hogy a t\u00f6bbi GT3-t\u00f3l elt\u00e9r\u0151en a Bergsportba h\u00e1ts\u00f3 \u00fcl\u00e9sek is ker\u00fclnek.<\/p>\n<p>          <a href=\"https:\/\/totalcar.hu\/galeria\/2026\/09\/02\/porsche-911-gt3-bergsport-2026\/23\/\" data-image-index=\"23\" data-parent-id=\"169686\" class=\"!no-underline\" rel=\"nofollow noopener\" target=\"_blank\"><\/p>\n<p>              <img loading=\"lazy\" decoding=\"async\" alt=\"\" class=\"w-full h-full object-cover rounded-bl-[20px] lg:rounded-bl-none lg:rounded-tr-[20px] border-white border-t border-r lg:border-t-0 lg:border-r-0 lg:border-b lg:border-l aspect-[16\/9]\" height=\"208\"  src=\"https:\/\/www.europesays.com\/hu\/wp-content\/uploads\/2026\/09\/img_37_result_HohhTpy.format-jpeg.max-370x278.jpg\"  width=\"370\"\/><\/p>\n<p>          <\/a><\/p>\n<p>          <a href=\"https:\/\/totalcar.hu\/galeria\/2026\/09\/02\/porsche-911-gt3-bergsport-2026\/17\/\" data-image-index=\"17\" data-parent-id=\"169686\" class=\"!no-underline\" rel=\"nofollow noopener\" target=\"_blank\"><\/p>\n<p>              <img loading=\"lazy\" decoding=\"async\" alt=\"\" class=\"w-full h-full object-cover rounded-br-[20px] lg:border-l border-white border-t lg:border-t-0 lg:border-l aspect-[16\/9]\" height=\"208\"  src=\"https:\/\/www.europesays.com\/hu\/wp-content\/uploads\/2026\/09\/img_43_result_FyV7bkb.format-jpeg.max-370x278.jpg\"  width=\"370\"\/><\/p>\n<p>          <\/a><\/p>\n<p data-alignment=\"left\" class=\"text-left\" data-block-key=\"13mkp\">A belt\u00e9r a k\u00fcls\u0151re r\u00edmel: a karbon kagyl\u00f3\u00fcl\u00e9seket a kasznihoz hasonl\u00f3 \u00e1rnyalat\u00fa, s\u00f6t\u00e9tz\u00f6ld b\u0151rbe h\u00fazt\u00e1k. A belteret egyedi narancss\u00e1rga r\u00e9szletekkel tett\u00e9k m\u00e9g \u00e9rdekesebb\u00e9. A legmen\u0151bb r\u00e9szlet a k\u00f6ny\u00f6kl\u0151be nyomott, alpesi hegyeket \u00e1br\u00e1zol\u00f3 minta. A belt\u00e9r egy\u00e9bk\u00e9nt nem mindenhol z\u00f6ld: jutottak bele fekete r\u00e9szletek is, amiket p\u00e9ld\u00e1ul az ajt\u00f3kon vil\u00e1gos varr\u00e1ssal tettek kontrasztosabb\u00e1.<\/p>\n<p data-alignment=\"left\" class=\"text-left\" data-block-key=\"4i4v4\">A 911 GT3 Bergsport technik\u00e1ja v\u00e1ltozatlan maradt: ugyanaz a 4 literes, sz\u00edv\u00f3, 510 l\u00f3er\u0151s bokszer hajtja, mint a GT3 Touringot. A v\u00e1lt\u00f3 term\u00e9szetesen manu\u00e1lis, ahogy illik. Az aut\u00f3t st\u00edlusosan j\u00e1ratj\u00e1k be hamarosan: J\u00f6rg Bergmeister fogja megk\u00fcldeni a sv\u00e1jci Arosa ClassicCar hegyi felfut\u00f3 76 kanyarb\u00f3l \u00e1ll\u00f3 szakasz\u00e1n. Nem hib\u00e1ztatlak, ha megk\u00edv\u00e1ntad ezt a pomp\u00e1s Porsch\u00e9t, ugyanakkor megszerezni m\u00e1r nem lesz ilyen egyszer\u0171. A 78 milli\u00f3 forint\u00e9rt k\u00edn\u00e1lt, k\u00fcl\u00f6nleges 911-b\u0151l mind\u00f6ssze 100 darabot k\u00e9sz\u00edt a Porsche.<\/p>\n<p data-alignment=\"left\" class=\"text-left\" data-block-key=\"3cqaa\">Forr\u00e1s: Porsche<\/p>\n<p><a href=\"https:\/\/google.com\/preferences\/source?q=https%3A\/\/totalcar.hu\" rel=\"noopener nofollow\" referrerpolicy=\"no-referrer-when-downgrade\" class=\"!flex !items-center !gap-5 !py-2 !px-3 w-full !rounded-xl !font-bold cursor-pointer !no-underline relative !bg-white !text-[#202124] !border !border-[#858585] dark:!bg-[#323232] dark:!text-white dark:border-none my-4 \" target=\"_blank\"><br \/>\n  <img decoding=\"async\" src=\"https:\/\/totalcar.hu\/static\/images\/favicons\/google_favicon.svg\" alt=\"Google\" class=\"shrink-0 w-7 h-7\"\/><br \/>\n  \u00c1ll\u00edtsd be, hogy a Totalcar az els\u0151k k\u00f6z\u00f6tt legyen a Google-tal\u00e1latokban!<\/p>\n<p><\/a><\/p>\n","protected":false},"excerpt":{"rendered":"A Porsche rendszeresen csod\u00e1latos 911-k\u00fcl\u00f6nkiad\u00e1sokkal jelentkezik, \u00e9s \u00e9n ezekkel abszol\u00fat nem tudok betelni. Most egy visszafogott, de minden&hellip;\n","protected":false},"author":2,"featured_media":231007,"comment_status":"","ping_status":"","sticky":false,"template":"","format":"standard","meta":{"footnotes":"","_share_on_mastodon":"0"},"categories":[10],"tags":[19771,15536,110,17417,61060,61061,44,42,40,12539,43,41,270,12157,111],"class_list":["post-231006","post","type-post","status-publish","format-standard","has-post-thumbnail","category-vallalkozas","tag-19771","tag-alpok","tag-business","tag-gt3","tag-hegyi-felfuto","tag-hegyi-ut","tag-hu","tag-hungarian","tag-hungary","tag-kulonkiadas","tag-magyar","tag-magyarorszag","tag-porsche","tag-porsche-911","tag-vallalkozas"],"share_on_mastodon":{"url":"https:\/\/pubeurope.com\/@hu\/117205858614957247","error":""},"_links":{"self":[{"href":"https:\/\/www.europesays.com\/hu\/wp-json\/wp\/v2\/posts\/231006","targetHints":{"allow":["GET"]}}],"collection":[{"href":"https:\/\/www.europesays.com\/hu\/wp-json\/wp\/v2\/posts"}],"about":[{"href":"https:\/\/www.europesays.com\/hu\/wp-json\/wp\/v2\/types\/post"}],"author":[{"embeddable":true,"href":"https:\/\/www.europesays.com\/hu\/wp-json\/wp\/v2\/users\/2"}],"replies":[{"embeddable":true,"href":"https:\/\/www.europesays.com\/hu\/wp-json\/wp\/v2\/comments?post=231006"}],"version-history":[{"count":0,"href":"https:\/\/www.europesays.com\/hu\/wp-json\/wp\/v2\/posts\/231006\/revisions"}],"wp:featuredmedia":[{"embeddable":true,"href":"https:\/\/www.europesays.com\/hu\/wp-json\/wp\/v2\/media\/231007"}],"wp:attachment":[{"href":"https:\/\/www.europesays.com\/hu\/wp-json\/wp\/v2\/media?parent=231006"}],"wp:term":[{"taxonomy":"category","embeddable":true,"href":"https:\/\/www.europesays.com\/hu\/wp-json\/wp\/v2\/categories?post=231006"},{"taxonomy":"post_tag","embeddable":true,"href":"https:\/\/www.europesays.com\/hu\/wp-json\/wp\/v2\/tags?post=231006"}],"curies":[{"name":"wp","href":"https:\/\/api.w.org\/{rel}","templated":true}]}}