{"id":231016,"date":"2026-09-03T07:14:29","date_gmt":"2026-09-03T07:14:29","guid":{"rendered":"https:\/\/www.europesays.com\/hu\/231016\/"},"modified":"2026-09-03T07:14:29","modified_gmt":"2026-09-03T07:14:29","slug":"hetvegi-programajanlo-pozsonyi-piknik-belvarosi-sorfesztival-santsat-evadzaro-buli-cikkek","status":"publish","type":"post","link":"https:\/\/www.europesays.com\/hu\/231016\/","title":{"rendered":"H\u00e9tv\u00e9gi programaj\u00e1nl\u00f3: Pozsonyi Piknik, Belv\u00e1rosi S\u00f6rfesztiv\u00e1l, SANTSAT \u00e9vadz\u00e1r\u00f3 buli &#8211; Cikkek"},"content":{"rendered":"<p>    \t                            Szeptember 3., cs\u00fct\u00f6rt\u00f6k<\/p>\n<p>\n                           IDE BUDA! 1686 \u2013 Budav\u00e1ri Fesztiv\u00e1l\n                        <\/p>\n<p>IDE BUDA! 1686 n\u00e9ven, kultur\u00e1lis \u00e9s k\u00f6z\u00f6ss\u00e9gi programok sor\u00e1val eml\u00e9k\u00e9vet ind\u00edt a Budav\u00e1ri \u00d6nkorm\u00e1nyzat Buda visszafoglal\u00e1s\u00e1nak 340. \u00e9vfordul\u00f3ja alkalm\u00e1b\u00f3l. A jubileumi programsorozatot a szeptember 2. \u00e9s 6. k\u00f6z\u00f6tt megrendezett Budav\u00e1ri Fesztiv\u00e1l nyitja meg. A rendezv\u00e9nysorozat \u00fcnnepi megeml\u00e9kez\u00e9ssel, koncertekkel, csal\u00e1di programokkal \u00e9s kultur\u00e1lis esem\u00e9nyekkel v\u00e1rja a l\u00e1togat\u00f3kat. Szeptember 5-\u00e9n a Czak\u00f3 Sport- \u00e9s Szabadid\u0151k\u00f6zpont ad otthont a fesztiv\u00e1l koncertjeinek, m\u00edg szeptember 4. \u00e9s 6. k\u00f6z\u00f6tt a Kapisztr\u00e1n t\u00e9ren rendezik meg a Budav\u00e1ri K\u00f6nyv\u00fcnnepet.<\/p>\n<p>\n                          <a href=\"http:\/\/welovebudapest.com\/program\/ide-buda-1686-budavari-fesztival-2026-szeptember\/\" id=\"hyperlink_d6878c87cc8fc183522d77054bb366e1\" target=\"_blank\" title=\"IDE BUDA! 1686 \u2013 Budav\u00e1ri Fesztiv\u00e1l\" rel=\"nofollow noopener\"><\/p>\n<p>                             Tov\u00e1bbi inform\u00e1ci\u00f3<br \/>\n                          <\/a>\n                        <\/p>\n<p>                                <img decoding=\"async\" id=\"kep_71368173\" src=\"https:\/\/www.europesays.com\/hu\/wp-content\/uploads\/2026\/09\/71368173_e81ddbd3ba2d63f2413d5327e1c02431_wm.jpg\" alt=\"\" loading=\"lazy\"\/><\/p>\n<p>            (Fot\u00f3: Juh\u00e1sz Norbert &#8211; We Love Budapest)<\/p>\n<p>\n                           A sz\u00edvem is s\u00edr bel\u00fcl \u2013 Gy\u00e1szmunk\u00e1k \u2013 ki\u00e1ll\u00edt\u00e1s a Budapest Gal\u00e9ri\u00e1ban\n                        <\/p>\n<p>A Budapest Gal\u00e9ria ki\u00e1ll\u00edt\u00e1s\u00e1nak f\u00f3kusz\u00e1ban a gy\u00e1sz fogalma \u00e1ll. A t\u00e1rlat a tabus\u00edt\u00e1st, a k\u00edv\u00fclr\u0151l j\u00f6v\u0151 elv\u00e1r\u00e1srendszereket \u00e9s a vesztes\u00e9g l\u00e1thatatlann\u00e1 t\u00e9tel\u00e9t k\u00e9rd\u0151jelezi meg, mik\u00f6zben a gy\u00e1sz jelens\u00e9g\u00e9nek \u00e1tfog\u00f3 meg\u00e9rt\u00e9s\u00e9re, az azzal val\u00f3 folyamatos munk\u00e1ra \u00e9s a seg\u00edt\u0151 k\u00f6z\u00f6ss\u00e9gekre, kapcsol\u00f3d\u00e1sokra helyezi a hangs\u00falyt. Egyes m\u0171vek a k\u00e9rd\u00e9sk\u00f6rt a n\u00e9pirt\u00e1sok \u00e9s napjaink trag\u00e9di\u00e1i fel\u00e9 is kiterjesztik, valamint a vall\u00e1s megv\u00e1ltozott funkci\u00f3j\u00e1ra \u00e9s a spiritualizmus kort\u00e1rs jelent\u0151s\u00e9g\u00e9re reflekt\u00e1lnak. A ki\u00e1ll\u00edt\u00e1s szeptember 4. \u00e9s november 22. k\u00f6z\u00f6tt l\u00e1togathat\u00f3.\u00a0<\/p>\n<p>\n                          <a href=\"http:\/\/welovebudapest.com\/program\/a-szivem-is-sir-belul-gyaszmunkak-kiallitas-budapest-galeria-2026-szeptember\/\" id=\"hyperlink_a36ca01ffb5251704576d2b2664b8756\" target=\"_blank\" title=\"A sz\u00edvem is s\u00edr bel\u00fcl \u2013 Gy\u00e1szmunk\u00e1k \u2013 ki\u00e1ll\u00edt\u00e1s a Budapest Gal\u00e9ri\u00e1ban\" rel=\"nofollow noopener\"><\/p>\n<p>                             Tov\u00e1bbi inform\u00e1ci\u00f3<br \/>\n                          <\/a>\n                        <\/p>\n<p>                                <img decoding=\"async\" id=\"kep_71368177\" src=\"https:\/\/www.europesays.com\/hu\/wp-content\/uploads\/2026\/09\/71368177_eb38e9f6a2d1bb902d1e39bc2c753ea1_wm.jpg\" alt=\"\" loading=\"lazy\"\/><\/p>\n<p>            (Fot\u00f3: Ember S\u00e1ri &#8211; Budapest Gal\u00e9ria)<\/p>\n<p>\n                           H\u0171s\u00edt\u0151 z\u00f6ld alagutak\n                        <\/p>\n<p>A s\u0171r\u0171 lombkoron\u00e1j\u00fa v\u00e1rosi fasorok alatt t\u00f6bb, ak\u00e1r 3-5 fokkal is alacsonyabb lehet a h\u0151m\u00e9rs\u00e9klet, \u00e1rny\u00e9kuk pedig enn\u00e9l is jelent\u0151sebben jav\u00edthatja a h\u0151\u00e9rzet\u00fcnket. A f\u00e1k \u00edgy nemcsak gy\u00f6ny\u00f6r\u0171v\u00e9, hanem a h\u0151hull\u00e1mok idej\u00e9n elviselhet\u0151bb\u00e9 is teszik Budapest utc\u00e1it. Cikk\u00fcnkben \u00f6sszegy\u0171jt\u00f6tt\u00fcnk 7+1 \u00e1rnyas fasort \u00e9s s\u00e9t\u00e1nyt, ahol a melegebb napokon is j\u00f3lesik s\u00e9t\u00e1lni egyet.<\/p>\n<p>\n                          <a href=\"http:\/\/welovebudapest.com\/toplista\/budapesti-fasorok-toth-arpad-setany-szilagyi-erzsebet-fasor\/\" id=\"hyperlink_60b6517280762f658b6cf514ccb1fa32\" target=\"_blank\" title=\"H\u0171s\u00edt\u0151 z\u00f6ld alagutak \u2013 7+1 gy\u00f6ny\u00f6r\u0171 fasor, ahol elviselhet\u0151bb a budapesti k\u00e1nikula\" rel=\"nofollow noopener\"><\/p>\n<p>                             Tov\u00e1bbi inform\u00e1ci\u00f3<br \/>\n                          <\/a>\n                        <\/p>\n<p>                                <img decoding=\"async\" id=\"kep_71368181\" src=\"https:\/\/www.europesays.com\/hu\/wp-content\/uploads\/2026\/09\/71368181_115812d7896361dd65c3dcdead003cd3_wm.jpg\" alt=\"\" loading=\"lazy\"\/><\/p>\n<p>            (Fot\u00f3: Major Kata &#8211; We Love Budapest)<\/p>\n<p>\n                           Belv\u00e1rosi S\u00f6rfesztiv\u00e1l 2026\n                        <\/p>\n<p>Szeptember 1. \u00e9s 6. k\u00f6z\u00f6tt tizedik alkalommal rendezik meg a Belv\u00e1rosi S\u00f6rfesztiv\u00e1lt a <a href=\"https:\/\/welovebudapest.com\/hely\/szabadsag-ter\/\" id=\"hyperlink_0f6ad628aa3513daa9318ea61198f699\" target=\"_blank\" rel=\"nofollow noopener\">Szabads\u00e1g t\u00e9ren<\/a>, ahol t\u00f6bb mint 250-f\u00e9le hazai \u00e9s nemzetk\u00f6zi s\u00f6rt k\u00f3stolhatnak a l\u00e1togat\u00f3k. A fesztiv\u00e1lon a magyar k\u00e9zm\u0171vess\u00f6rf\u0151zd\u00e9k \u00fajdons\u00e1gai \u00e9s k\u00fcl\u00f6nlegess\u00e9gei mellett s\u00f6rpremierek, nemzetk\u00f6zi t\u00e9telek \u00e9s v\u00e1ltozatos street food k\u00edn\u00e1lat v\u00e1rja a vend\u00e9geket. A ny\u00e1r v\u00e9gi est\u00e9ken zenei programok teszik teljess\u00e9 az \u00e9lm\u00e9nyt. A programon val\u00f3 r\u00e9szv\u00e9tel ingyenes, a s\u00f6r\u00f6k fogyaszt\u00e1s\u00e1hoz azonban egyedi fesztiv\u00e1lpoh\u00e1r megv\u00e1s\u00e1rl\u00e1sa sz\u00fcks\u00e9ges.<\/p>\n<p>\n                          <a href=\"http:\/\/welovebudapest.com\/program\/belvarosi-sorfesztival-2026-szeptember\/\" id=\"hyperlink_845dab0b905a70533bb4b93c94407ce7\" target=\"_blank\" title=\"Belv\u00e1rosi S\u00f6rfesztiv\u00e1l 2026\" rel=\"nofollow noopener\"><\/p>\n<p>                             Tov\u00e1bbi inform\u00e1ci\u00f3<br \/>\n                          <\/a>\n                        <\/p>\n<p>                                <img decoding=\"async\" id=\"kep_71368185\" src=\"https:\/\/www.europesays.com\/hu\/wp-content\/uploads\/2026\/09\/71368185_00a499ee5639f39034d81d1c3e73f75c_wm.jpg\" alt=\"\" loading=\"lazy\"\/><\/p>\n<p>            (Fot\u00f3: K\u0151r\u00f6si Tam\u00e1s &#8211; We Love Budapest)<\/p>\n<p>                        Szeptember 4., p\u00e9ntek\u00a0<\/p>\n<p>\n                            Nappali buli \u00e9s k\u00f6z\u00f6ss\u00e9gi alkot\u00e1s a Kastner Kommunityn\u00e9l\n                        <\/p>\n<p>Szeptember 4-\u00e9n bulival \u00e9s k\u00f6z\u00f6s street art akci\u00f3val v\u00e1rja az \u00e9rdekl\u0151d\u0151ket a <a href=\"https:\/\/welovebudapest.com\/hely\/kastner-kommunity\/\" id=\"hyperlink_43080577f873608521b8bb8dbfa00a51\" target=\"_blank\" rel=\"nofollow noopener\">Kastner Kommunity<\/a>. Az OPLA Projekt vezet\u00e9s\u00e9vel b\u00e1rki bekapcsol\u00f3dhat a <a href=\"https:\/\/welovebudapest.com\/cikk\/2021\/12\/09\/latnivalok-es-kultura-vasarosok-gazosok-meg-a-kazamatak-titka-a-ii-janos-pal-papa-ter-tortenete\" id=\"hyperlink_0170d56376dd32530b706539f2a20e48\" target=\"_blank\" rel=\"nofollow noopener\">II. J\u00e1nos P\u00e1l p\u00e1pa t\u00e9ri<\/a> rekl\u00e1moszlop \u00e1talak\u00edt\u00e1s\u00e1ba saj\u00e1t stencillel vagy pap\u00edrkiv\u00e1g\u00e1ssal, el\u0151k\u00e9pzetts\u00e9g n\u00e9lk\u00fcl. K\u00f6zben a Lahmacun DJ-i gondoskodnak a zen\u00e9r\u0151l, az Oatly pedig signature italokkal k\u00e9sz\u00fcl, mell\u00e9 pedig k\u00f6nny\u0171, street food ihlette falatokat is lehet k\u00f3stolni. A programon val\u00f3 r\u00e9szv\u00e9tel regisztr\u00e1ci\u00f3hoz k\u00f6t\u00f6tt.\u00a0<\/p>\n<p>\n                          <a href=\"http:\/\/welovebudapest.com\/program\/nappali-buli-kozossegi-alkotas-kastner-kommunity-2026-szeptember\/\" id=\"hyperlink_e75f58a7ec3bf81bcb4970a169f945c1\" target=\"_blank\" title=\"Nappali buli \u00e9s k\u00f6z\u00f6ss\u00e9gi alkot\u00e1s a Kastner Kommunityn\u00e9l\" rel=\"nofollow noopener\"><\/p>\n<p>                             Tov\u00e1bbi inform\u00e1ci\u00f3<br \/>\n                          <\/a>\n                        <\/p>\n<p>                                <img decoding=\"async\" id=\"kep_71368189\" src=\"https:\/\/www.europesays.com\/hu\/wp-content\/uploads\/2026\/09\/71368189_ce5ef838eddcf5e80c7458ff03e8716a_wm.jpg\" alt=\"\" loading=\"lazy\"\/><\/p>\n<p>            (Fot\u00f3: Koncz M\u00e1rton &#8211; We Love Budapest)<\/p>\n<p>\n                           Etyeki Pezsg\u0151\u00fcnnep by Pezsg\u0151konferencia (x)\n                        <\/p>\n<p>Szeptember 4-\u00e9n deb\u00fct\u00e1l az <a href=\"https:\/\/pezsgokonferencia.hu\/\" id=\"hyperlink_f072e336810f197721934fc90301bbd6\" target=\"_blank\" rel=\"nofollow noopener\">Etyeki Pezsg\u0151\u00fcnnep<\/a>, amely a kor\u00e1bbi Pezsg\u0151konferencia \u00e9lm\u00e9nyk\u00f6zpont\u00fa v\u00e1ltozatak\u00e9nt v\u00e1rja a l\u00e1togat\u00f3kat az etyeki <a href=\"https:\/\/rokusfalvy.hu\/\" id=\"hyperlink_6280922fbe0a2a19e4bfc6adb34da116\" target=\"_blank\" rel=\"nofollow noopener\">R\u00f3kusfalvy Birtokon<\/a>. A pezsg\u0151k\u00f3stol\u00f3kat \u00e9s workshopokat besz\u00e9lget\u00e9sek, grill\u00e9telek, \u00e9l\u0151 zene \u00e9s gasztron\u00f3miai programok eg\u00e9sz\u00edtik ki. A vend\u00e9gek k\u00f6z\u00f6tt ott lesz Guly\u00e1s Michelle olimpiai bajnok \u00f6ttus\u00e1z\u00f3, R\u00e1k\u00f3czi Ferenc r\u00e1di\u00f3s m\u0171sorvezet\u0151, Sebastian Giraldo t\u00f6bbsz\u00f6r\u00f6s sommelier-bajnok, valamint Kutas Istv\u00e1n, Holl\u00f3si D\u00e1vid \u00e9s Lobenwein Norbert is. A besz\u00e9lget\u00e9seket R\u00f3kusfalvy P\u00e1l vezeti. A nap sor\u00e1n a Bor\u00e1szok Bor\u00e1sza k\u00f6z\u00f6ss\u00e9g v\u00e1logatott t\u00e9telei \u00e9s az eredetv\u00e9dett Etyeki Pezsg\u0151k is bemutatkoznak, az est\u00e9t pedig az \u00c9li\u00e1s Jr. Kvartett koncertje z\u00e1rja.<\/p>\n<p>\n                          <a href=\"http:\/\/welovebudapest.com\/program\/etyeki-pezsgounnep-by-pezsgokonferencia-2026-szeptember\/\" id=\"hyperlink_f14ad9b3603954756adedaf2e84a297b\" target=\"_blank\" title=\"Etyeki Pezsg\u0151\u00fcnnep by Pezsg\u0151konferencia\" rel=\"nofollow noopener\"><\/p>\n<p>                             Tov\u00e1bbi inform\u00e1ci\u00f3<br \/>\n                          <\/a>\n                        <\/p>\n<p>                                <img decoding=\"async\" id=\"kep_71368193\" src=\"https:\/\/www.europesays.com\/hu\/wp-content\/uploads\/2026\/09\/71368193_12aa6afc49092f0e6bfc7b8a096e656a_wm.jpg\" alt=\"\" loading=\"lazy\"\/><\/p>\n<p>            (Fot\u00f3: Etyeki Pezsg\u0151\u00fcnnep)<\/p>\n<p>\n                           BPZINES Arch\u00edvum \u2013 ki\u00e1ll\u00edt\u00e1s az ISBN+-ban\n                        <\/p>\n<p>A Budapest Zines egy 2015 \u00f3ta m\u0171k\u00f6d\u0151 budapesti mikrokiad\u00f3 \u00e9s rizogr\u00e1f st\u00fadi\u00f3, amely zine-eket \u00e9s m\u0171v\u00e9szeti kiadv\u00e1nyokat k\u00e9sz\u00edt. Az ISBN+-ban ny\u00edl\u00f3 ki\u00e1ll\u00edt\u00e1s a m\u0171hely t\u00edz\u00e9ves fenn\u00e1ll\u00e1s\u00e1t \u00fcnnepli az elm\u00falt \u00e9vtized kiadv\u00e1nyaib\u00f3l v\u00e1logatva. A rizogr\u00e1f nyomatok saj\u00e1toss\u00e1gai az apr\u00f3 nyomdai hib\u00e1k \u00e9s a limit\u00e1lt p\u00e9ld\u00e1nysz\u00e1m, \u00edgy \u00fcd\u00edt\u0151 kincsk\u00e9nt hatnak a t\u00f6k\u00e9letes produktumok vil\u00e1g\u00e1ban. A szeptember 4. \u00e9s november 8. k\u00f6z\u00f6tt l\u00e1togathat\u00f3 ki\u00e1ll\u00edt\u00e1shoz t\u00f6bb kiadv\u00e1nybemutat\u00f3 is kapcsol\u00f3dik. A programokon val\u00f3 r\u00e9szv\u00e9tel ingyenes.\u00a0<\/p>\n<p>\n                          <a href=\"http:\/\/welovebudapest.com\/program\/bpzines-archivum-kiallitas-isbn-2026-szeptember\/\" id=\"hyperlink_5f082481556758da2d3cae782c20ec26\" target=\"_blank\" title=\"BPZINES Arch\u00edvum \u2013 ki\u00e1ll\u00edt\u00e1s az ISBN+-ban\" rel=\"nofollow noopener\"><\/p>\n<p>                             Tov\u00e1bbi inform\u00e1ci\u00f3<br \/>\n                          <\/a>\n                        <\/p>\n<p>                                <img decoding=\"async\" id=\"kep_71368199\" src=\"https:\/\/www.europesays.com\/hu\/wp-content\/uploads\/2026\/09\/71368199_e0a1d306e14de72cff8da2d2fdbe36de_wm.jpg\" alt=\"\" loading=\"lazy\"\/><\/p>\n<p>            (Fot\u00f3: BPZINES &#8211; ISBN+)<\/p>\n<p>\n                           Tilos R\u00e1di\u00f3 35 \u2013 sz\u00fclet\u00e9snapi koncertek a D\u00fcrer Kertben\n                        <\/p>\n<p>Szeptember 4-\u00e9n a Tilos R\u00e1di\u00f3 fenn\u00e1ll\u00e1s\u00e1nak 35. \u00e9vfordul\u00f3j\u00e1t \u00fcnneplik a <a href=\"https:\/\/welovebudapest.com\/hely\/durer-kert\/\" id=\"hyperlink_fc52347321b0f416f83c96d5b70747e0\" target=\"_blank\" rel=\"nofollow noopener\">D\u00fcrer Kertben<\/a>. A h\u00e1rom helysz\u00ednen koncertek, DJ-szettek \u00e9s k\u00fcl\u00f6nleges zenei programok v\u00e1ltj\u00e1k egym\u00e1st, t\u00f6bbek k\u00f6z\u00f6tt Marton &amp; The Martonez, a Bujdos\u00f3 8tet, DJ Clairvo, DJ Titusz \u00e9s N\u00e1ndesz k\u00f6zrem\u0171k\u00f6d\u00e9s\u00e9vel. Az esem\u00e9ny keret\u00e9ben irodalmi dubtechno, \u00d6nismereti Diszk\u00f3, bogr\u00e1csoz\u00e1s, tombola, pezsg\u0151 \u00e9s sz\u00fclet\u00e9snapi torta is v\u00e1rja a k\u00f6z\u00f6ns\u00e9get. A programokon val\u00f3 r\u00e9szv\u00e9tel ingyenes.<\/p>\n<p>\n                          <a href=\"http:\/\/welovebudapest.com\/program\/tilos-radio-35-szuletesnapi-programsorozat-durer-kert-2026-szeptember\/\" id=\"hyperlink_17cf007ec207960bfdccefad02c3d51d\" target=\"_blank\" title=\"Tilos R\u00e1di\u00f3 35 \u2013 sz\u00fclet\u00e9snapi programsorozat a D\u00fcrer Kertben\" rel=\"nofollow noopener\"><\/p>\n<p>                             Tov\u00e1bbi inform\u00e1ci\u00f3<br \/>\n                          <\/a>\n                        <\/p>\n<p>                                <img decoding=\"async\" id=\"kep_71368203\" src=\"https:\/\/www.europesays.com\/hu\/wp-content\/uploads\/2026\/09\/71368203_2ebee7d114e9ab761d82ec31e4932368_wm.jpg\" alt=\"\" loading=\"lazy\"\/><\/p>\n<p>            (Fot\u00f3: Koncz M\u00e1rton &#8211; We Love Budapest)<\/p>\n<p>\n                           Jam in the Psych Castle 2026\n                        <\/p>\n<p>Szeptember 4-\u00e9n \u00e9s 5-\u00e9n els\u0151 alkalommal jelentkezik a Jam in the Psych Castle, Magyarorsz\u00e1g els\u0151 heavy psych, stoner rock, kraut rock \u00e9s doom metal f\u00f3kusz\u00fa fesztiv\u00e1lja. A pusztaz\u00e1mori fesztiv\u00e1lra gondosan v\u00e1logatott nemzetk\u00f6zi \u00e9s hazai lineup \u00e9rkezik, klasszikus koncertekkel, jam session\u00f6kkel \u00e9s speci\u00e1lis m\u0171sorokkal kieg\u00e9sz\u00edtve a programot. A fell\u00e9p\u0151k k\u00f6z\u00f6tt szerepel a lengyel Weedpecker, a horv\u00e1t Daliborovo Granje, a francia Karkara, az olasz Gi\u00f6bia \u00e9s Mr. Bison, valamint a The Qualitons, akik r\u00e1ad\u00e1sul k\u00fcl\u00f6nleges szettel k\u00e9sz\u00fclnek.\u00a0<\/p>\n<p>\n                          <a href=\"http:\/\/welovebudapest.com\/program\/jam-in-the-psych-castle-2026-szeptember\/\" id=\"hyperlink_ba3348dcfad2bf303f8d77c6e3909944\" target=\"_blank\" title=\"Jam in the Psych Castle 2026\" rel=\"nofollow noopener\"><\/p>\n<p>                             Tov\u00e1bbi inform\u00e1ci\u00f3<br \/>\n                          <\/a>\n                        <\/p>\n<p>                                <img decoding=\"async\" id=\"kep_71368207\" src=\"https:\/\/www.europesays.com\/hu\/wp-content\/uploads\/2026\/09\/71368207_5842409ceb7fdb026c7031828f3b05be_wm.jpg\" alt=\"\" loading=\"lazy\"\/><\/p>\n<p>            (Fot\u00f3: Jam in the Psych Castle &#8211;\u00a0\u00d6reg T\u00f6lgy Kast\u00e9ly-Fogad\u00f3)<\/p>\n<p>                        Szeptember 5., szombat\u00a0<\/p>\n<p>\n                           Akartok-e j\u00e1tszani? \u2013 Kosztol\u00e1nyi-est a Fiumei \u00fati s\u00edrkertben\n                        <\/p>\n<p>Szeptember 5-\u00e9n k\u00fcl\u00f6nleges Kosztol\u00e1nyi-estnek ad otthont a <a href=\"https:\/\/welovebudapest.com\/hely\/fiumei-uti-sirkert\" id=\"hyperlink_ac1ff93c75ef818cbed89c9f0916f8dc\" target=\"_blank\" rel=\"nofollow noopener\">Fiumei \u00fati s\u00edrkert<\/a>. Az Akartok-e j\u00e1tszani? c\u00edm\u0171 el\u0151ad\u00e1s a k\u00f6lt\u0151 ismert \u00e9s kev\u00e9sb\u00e9 ismert m\u0171veit f\u0171zi \u00f6ssze j\u00e1t\u00e9kos, \u00f6sszm\u0171v\u00e9szeti form\u00e1ban, fuvola, h\u00e1rfa, \u00fct\u0151hangszerek, kort\u00e1rs zene \u00e9s b\u00e1bsz\u00ednh\u00e1zi elemek k\u00eds\u00e9ret\u00e9ben. A produkci\u00f3 az \u00e9let \u00e9s hal\u00e1l, a sz\u00fcl\u0151-gyerek kapcsolat, a h\u00e1bor\u00fa \u00e9s a b\u00e9ke, valamint az emberi l\u00e9t k\u00e9rd\u00e9seit j\u00e1rja k\u00f6r\u00fcl, mik\u00f6zben Kosztol\u00e1nyi sz\u00f6vegeinek mai \u00e9rv\u00e9nyess\u00e9g\u00e9t keresi. A programon val\u00f3 r\u00e9szv\u00e9tel ingyenes, de regisztr\u00e1ci\u00f3hoz k\u00f6t\u00f6tt.<\/p>\n<p>\n                          <a href=\"http:\/\/welovebudapest.com\/program\/kosztolanyi-est-fiumei-uti-sirkert-2026-szeptember\/\" id=\"hyperlink_9865f2c65e47d947d9319ce18d00dca8\" target=\"_blank\" title=\"Akartok-e j\u00e1tszani? \u2013 Kosztol\u00e1nyi-est a Fiumei \u00fati s\u00edrkertben\" rel=\"nofollow noopener\"><\/p>\n<p>                             Tov\u00e1bbi inform\u00e1ci\u00f3<br \/>\n                          <\/a>\n                        <\/p>\n<p>                                <img decoding=\"async\" id=\"kep_71368211\" src=\"https:\/\/www.europesays.com\/hu\/wp-content\/uploads\/2026\/09\/71368211_a722bc8c118ea4ee2b0557d17eb579b6_wm.jpg\" alt=\"\" loading=\"lazy\"\/><\/p>\n<p>            (Fot\u00f3: Medgyesi Mil\u00e1n &#8211; We Love Budapest)<\/p>\n<p>\n                           Yof\u00e9le v\u00e1s\u00e1r \u00e9s mini feszt a Dugatty\u00fasban\n                        <\/p>\n<p>Szeptember 5-\u00e9n Yof\u00e9le v\u00e1s\u00e1r \u00e9s mini feszt k\u00f6lt\u00f6zik a <a href=\"https:\/\/welovebudapest.com\/hely\/dugattyus\/\u00a0\" id=\"hyperlink_fe883531d996be5b35ce274561661ec1\" target=\"_blank\" rel=\"nofollow noopener\">Dugatty\u00fasba<\/a>, ahol az eklektikus hangulat\u00fa diz\u00e1jnshop, gal\u00e9ria \u00e9s k\u00f6z\u00f6ss\u00e9gi t\u00e9r szelleme k\u00f6sz\u00f6n majd vissza. Az esem\u00e9nyen friss tervez\u0151i darabok \u00e9s k\u00fcl\u00f6nleges catering v\u00e1rja a l\u00e1togat\u00f3kat, mik\u00f6zben DJ-szettek, Aurorixa \u00e9s Omikah elektronikus zenei produkci\u00f3ja gondoskodik a hangulatr\u00f3l. Az est sor\u00e1n adom\u00e1nygy\u0171jt\u00e9st is szerveznek a Menstru\u00e1lni dr\u00e1ga \u00e9s az MF\u00d6EK jav\u00e1ra. A programon val\u00f3 r\u00e9szv\u00e9tel ingyenes.<\/p>\n<p>\n                          <a href=\"http:\/\/welovebudapest.com\/program\/yofele-vasar-mini-feszt-dugattyus-2026-augusztus\/\" id=\"hyperlink_8db6aab27b716a2f2ff9c89a78000ba8\" target=\"_blank\" title=\"Yof\u00e9le v\u00e1s\u00e1r \u00e9s mini feszt a Dugatty\u00fasban\" rel=\"nofollow noopener\"><\/p>\n<p>                             Tov\u00e1bbi inform\u00e1ci\u00f3<br \/>\n                          <\/a>\n                        <\/p>\n<p>                                <img decoding=\"async\" id=\"kep_71368215\" src=\"https:\/\/www.europesays.com\/hu\/wp-content\/uploads\/2026\/09\/71368215_645807ac4f9ee6e63973694b84bc8ef4_wm.jpg\" alt=\"\" loading=\"lazy\"\/><\/p>\n<p>            (Fot\u00f3: Szatm\u00e1ry Csenge &#8211; F\u00fcl\u00f6p Bindri &#8211; Yof\u00e9le)<\/p>\n<p>\n                           Ingyenes nyit\u00f3 h\u00e9tv\u00e9ge a R\u00f3th Miksa Eml\u00e9kh\u00e1z \u00e9s Gy\u0171jtem\u00e9nyben\n                        <\/p>\n<p>A ny\u00e1ri fel\u00faj\u00edt\u00e1s ut\u00e1n, szeptember 5-\u00e9n \u00e9s 6-\u00e1n ism\u00e9t megnyitja kapuit a <a href=\"https:\/\/welovebudapest.com\/hely\/roth-miksa-emlekhaz\/\" id=\"hyperlink_a978c258b0cf8487238bcdae96012618\" target=\"_blank\" rel=\"nofollow noopener\">R\u00f3th Miksa Eml\u00e9kh\u00e1z \u00e9s Gy\u0171jtem\u00e9ny<\/a>. A nyit\u00f3 h\u00e9tv\u00e9g\u00e9n a ki\u00e1ll\u00edt\u00e1sok eg\u00e9sz nap ingyenesen l\u00e1togathat\u00f3k, emellett \u00e1ltal\u00e1nos \u00e9s tematikus t\u00e1rlatvezet\u00e9sek, \u00e9p\u00fclett\u00f6rt\u00e9neti s\u00e9ta, valamint alkot\u00f3m\u0171helyek is v\u00e1rj\u00e1k a l\u00e1togat\u00f3kat. Az \u00faj m\u00fazeumi \u00e9vadot meg\u00fajult terekkel \u00e9s frissen restaur\u00e1lt t\u00e1rgyakkal k\u00f6sz\u00f6ntik. A vezetett programokon val\u00f3 r\u00e9szv\u00e9tel ingyenes, de el\u0151zetes regisztr\u00e1ci\u00f3hoz k\u00f6t\u00f6tt.\u00a0<\/p>\n<p>\n                          <a href=\"http:\/\/welovebudapest.com\/program\/ingyenes-nyitohetvege-roth-miksa-emlekhaz-es-gyujtemeny-2026-szeptember\/\" id=\"hyperlink_a7fbef197be2ddc5bd6b0aabad183662\" target=\"_blank\" title=\"Ingyenes nyit\u00f3h\u00e9tv\u00e9ge a R\u00f3th Miksa Eml\u00e9kh\u00e1z \u00e9s Gy\u0171jtem\u00e9nyben\" rel=\"nofollow noopener\"><\/p>\n<p>                             Tov\u00e1bbi inform\u00e1ci\u00f3<br \/>\n                          <\/a>\n                        <\/p>\n<p>                                <img decoding=\"async\" id=\"kep_71368219\" src=\"https:\/\/www.europesays.com\/hu\/wp-content\/uploads\/2026\/09\/71368219_64d750841b1edbb8d44cc0b78e261502_wm.jpg\" alt=\"\" loading=\"lazy\"\/><\/p>\n<p>            (Fot\u00f3: R\u00f3th Miksa Eml\u00e9kh\u00e1z \u00e9s Gy\u0171jtem\u00e9ny)<\/p>\n<p>\n                           Pozsonyi Piknik 2026\n                        <\/p>\n<p>A Pozsonyi Piknik \u00dajlip\u00f3tv\u00e1ros \u00e9s Budapest egyik legn\u00e9pszer\u0171bb \u00e9s legnagyobb civil kultur\u00e1lis rendezv\u00e9nye. Szeptember 5-\u00e9n ism\u00e9t igazi fesztiv\u00e1lhangulat t\u00f6lti meg az \u00dajpesti rakpartot: a kitelep\u00fcl\u0151 sz\u00ednh\u00e1zak \u00e9s v\u00e1s\u00e1rosok mellett koncertek, csal\u00e1di programok, k\u00e9zm\u0171ves-foglalkoz\u00e1sok, illetve gasztron\u00f3miai k\u00edn\u00e1lat v\u00e1rja az \u00e9rdekl\u0151d\u0151ket. A helysz\u00ednre t\u00f6bb mint 50 sz\u00ednh\u00e1z \u00e9s k\u00f6zel 150 \u00e1rus telep\u00fcl ki, a rakpartr\u00f3l ny\u00edl\u00f3 Radn\u00f3ti Mikl\u00f3s utc\u00e1ban pedig id\u00e9n ism\u00e9t a Gyerekpiknik kap helyet.\u00a0<\/p>\n<p>\n                          <a href=\"http:\/\/welovebudapest.com\/program\/pozsonyi-piknik-2026-szeptember\/\" id=\"hyperlink_9224e9b81d9fdb00c052c944b9507759\" target=\"_blank\" title=\"Pozsonyi Piknik 2026\" rel=\"nofollow noopener\"><\/p>\n<p>                             Tov\u00e1bbi inform\u00e1ci\u00f3<br \/>\n                          <\/a>\n                        <\/p>\n<p>                                <img decoding=\"async\" id=\"kep_71368223\" src=\"https:\/\/www.europesays.com\/hu\/wp-content\/uploads\/2026\/09\/71368223_b74f17a11225661dd18d1a6433c67bf1_wm.jpg\" alt=\"\" loading=\"lazy\"\/><\/p>\n<p>            (Fot\u00f3: Pozsonyi Piknik)<\/p>\n<p>\n                           SANTSAT \u00e9vadz\u00e1r\u00f3 buli a Kamaraerdei Ifj\u00fas\u00e1gi Parkban\n                        <\/p>\n<p>Szeptember 5-\u00e9n \u00e9vadz\u00e1r\u00f3 bulival b\u00facs\u00faztatja a nyarat a SANTSAT csapata a Kamaraerdei Ifj\u00fas\u00e1gi Parkban. Zenei fronton az Indigo, AHAOK &amp; Elza, valamint Adis Is OK, Goos Gyan, Mark Gill \u00e9s Enzio Etchaberri \u00e9rkezik. A t\u00e1nc mellett j\u00f3ga, medit\u00e1ci\u00f3, g\u00f6rkoris workshop, valamint t\u00f6bbf\u00e9le kreat\u00edv foglalkoz\u00e1s is v\u00e1rja a l\u00e1togat\u00f3kat: zine-k\u00e9sz\u00edt\u00e9s, szitanyom\u00e1s, m\u0171v\u00e9szetter\u00e1pi\u00e1s alkot\u00e1s \u00e9s hangszeres workshop is szerepelnek a programban. A parkban ezek mellett sportolni, piknikezni \u00e9s falatozni is lehet.<\/p>\n<p>\n                          <a href=\"http:\/\/welovebudapest.com\/program\/santsat-buli-kamaraerdei-ifjusagi-park-2026-szeptember\/\" id=\"hyperlink_df5c31b169e87035f8a8b2fc64955517\" target=\"_blank\" title=\"SANTSAT \u00e9vadz\u00e1r\u00f3 buli a Kamaraerdei Ifj\u00fas\u00e1gi Parkban\" rel=\"nofollow noopener\"><\/p>\n<p>                             Tov\u00e1bbi inform\u00e1ci\u00f3<br \/>\n                          <\/a>\n                        <\/p>\n<p>                                <img decoding=\"async\" id=\"kep_71368227\" src=\"https:\/\/www.europesays.com\/hu\/wp-content\/uploads\/2026\/09\/71368227_326b6bfbb6cf39d7bdf3f6a77e866dea_wm.jpg\" alt=\"\" loading=\"lazy\"\/><\/p>\n<p>            (Fot\u00f3: SANTSAT)<\/p>\n<p>                        Szeptember 6., vas\u00e1rnap\u00a0<\/p>\n<p>\n                           Kincsem+ TUTI Nemzetk\u00f6zi Ag\u00e1r- \u00e9s L\u00f3versenyh\u00e9tv\u00e9ge\n                        <\/p>\n<p>Szeptember 5-\u00e9n \u00e9s 6-\u00e1n ism\u00e9t a l\u00f3- \u00e9s ag\u00e1rversenyz\u00e9s\u00e9 lesz a f\u0151szerep a Kincsem+ TUTI Nemzetk\u00f6zi Ag\u00e1r- \u00e9s L\u00f3versenyh\u00e9tv\u00e9g\u00e9n, ahol a hazai versenyz\u0151k mellett nyugat- \u00e9s k\u00f6z\u00e9p-eur\u00f3pai indul\u00f3k is rajthoz \u00e1llnak. Szombaton az ag\u00e1r- \u00e9s \u00fcget\u0151versenyek\u00e9 a f\u0151szerep, vas\u00e1rnap pedig az angol teliv\u00e9rek ker\u00fclnek k\u00f6z\u00e9ppontba. A versenyek mellett sz\u00ednes programk\u00edn\u00e1lat is v\u00e1rja a l\u00e1togat\u00f3kat a Kincsem Parkban. A rendezv\u00e9ny ingyenesen l\u00e1togathat\u00f3.<\/p>\n<p>\n                          <a href=\"http:\/\/welovebudapest.com\/program\/kincsem-tuti-nemzetkozi-agar-es-loversenyhetvege-2026-szeptember\/\" id=\"hyperlink_b76a8328048f5681ecdfe2c33e52e0e3\" target=\"_blank\" title=\"Kincsem+ TUTI Nemzetk\u00f6zi Ag\u00e1r- \u00e9s L\u00f3versenyh\u00e9tv\u00e9ge\" rel=\"nofollow noopener\"><\/p>\n<p>                             Tov\u00e1bbi inform\u00e1ci\u00f3<br \/>\n                          <\/a>\n                        <\/p>\n<p>                                <img decoding=\"async\" id=\"kep_71368231\" src=\"https:\/\/www.europesays.com\/hu\/wp-content\/uploads\/2026\/09\/71368231_64edb0e46a37470ff272f0e423df5012_wm.jpg\" alt=\"\" loading=\"lazy\"\/><\/p>\n<p>            (Fot\u00f3: B\u00f3dis Kriszti\u00e1n &#8211; We Love Budapest)<\/p>\n<p>\n                           Mir\u00e1zs \u2013 \u00d6r\u00f6ks\u00e9g \u2013 el\u0151ad\u00e1s a F\u0151v\u00e1rosi Nagycirkuszban (x)\n                        <\/p>\n<p>Mesebeli alakok, l\u00e9legzetel\u00e1ll\u00edt\u00f3 artistaprodukci\u00f3k, k\u00fcl\u00f6nleges koreogr\u00e1fi\u00e1k \u00e9s leny\u0171g\u00f6z\u0151 l\u00e1tv\u00e1nyvil\u00e1g: ez a Mir\u00e1zs, a F\u0151v\u00e1rosi Nagycirkusz produkci\u00f3ja. Var\u00e1zslatos utaz\u00e1sra indulhatunk, amely sor\u00e1n k\u00fcl\u00f6nb\u00f6z\u0151 n\u00e9pek legend\u00e1i \u00e9s m\u00edtoszai elevenednek meg a porondon. A cirkuszm\u0171v\u00e9szet, a zene \u00e9s a t\u00e1nc k\u00fcl\u00f6nleges egys\u00e9gben fon\u00f3dik \u00f6ssze, \u00e9s kalauzolja el a n\u00e9z\u0151ket a csod\u00e1k vil\u00e1g\u00e1ba. Az el\u0151ad\u00e1s a b\u00e1tors\u00e1gr\u00f3l, az \u00f6sszetartoz\u00e1sr\u00f3l \u00e9s a megval\u00f3sul\u00f3 \u00e1lmokr\u00f3l mes\u00e9l, olyan \u00e9rt\u00e9kekr\u0151l, amelyek kult\u00far\u00e1kon \u00e9s gener\u00e1ci\u00f3kon \u00e1t\u00edvelve k\u00f6tnek \u00f6ssze benn\u00fcnket. A Mir\u00e1zs \u2013 \u00d6r\u00f6ks\u00e9g szeptember 27-ig t\u00f6bb id\u0151pontban is sz\u00ednpadra ker\u00fcl.<\/p>\n<p>\n                          <a href=\"http:\/\/welovebudapest.com\/program\/mirazs-orokseg-eloadas-fovarosi-nagycirkusz-2026-augusztus\/\" id=\"hyperlink_9df48cf641d551be31f91369fab523fa\" target=\"_blank\" title=\"Mir\u00e1zs \u2013 \u00d6r\u00f6ks\u00e9g \u2013 el\u0151ad\u00e1s a F\u0151v\u00e1rosi Nagycirkuszban\" rel=\"nofollow noopener\"><\/p>\n<p>                             Tov\u00e1bbi inform\u00e1ci\u00f3<br \/>\n                          <\/a>\n                        <\/p>\n<p>                                <img decoding=\"async\" id=\"kep_71368235\" src=\"https:\/\/www.europesays.com\/hu\/wp-content\/uploads\/2026\/09\/71368235_71b6a5d91e299a6856614cd873d45f5f_wm.jpg\" alt=\"\" loading=\"lazy\"\/><\/p>\n<p>            (Fot\u00f3: F\u0151v\u00e1rosi Nagycirkusz)<\/p>\n<p>\n                           Budafoki Pezsg\u0151- \u00e9s Borfesztiv\u00e1l 2026\n                        <\/p>\n<p>Szeptember 4. \u00e9s 6. k\u00f6z\u00f6tt 36. alkalommal rendezik meg a Budafoki Pezsg\u0151- \u00e9s Borfesztiv\u00e1lt, amely h\u00e1rom napon \u00e1t v\u00e1rja a l\u00e1togat\u00f3kat Budafok-T\u00e9t\u00e9ny t\u00f6bb helysz\u00edn\u00e9n. A program k\u00f6z\u00e9ppontj\u00e1ban ez\u00fattal is a bor \u00e9s a pezsg\u0151 \u00e1ll. A hazai pinc\u00e9szetek k\u00edn\u00e1lata mellett koncertek, kultur\u00e1lis programok, v\u00e1s\u00e1ri forgatag, valamint gasztron\u00f3miai \u00e9lm\u00e9nyek sz\u00ednes\u00edtik a h\u00e9tv\u00e9g\u00e9t. A csal\u00e1dokat j\u00e1t\u00e9kos \u00e9s kreat\u00edv foglalkoz\u00e1sokkal v\u00e1rj\u00e1k. A programokon val\u00f3 r\u00e9szv\u00e9tel ingyenes.<\/p>\n<p>\n                          <a href=\"http:\/\/welovebudapest.com\/program\/budafoki-pezsgo-es-borfesztival-2026-szeptember\/\" id=\"hyperlink_e26fb8766e9f440f0b95a58095a3299f\" target=\"_blank\" title=\"Budafoki Pezsg\u0151- \u00e9s Borfesztiv\u00e1l 2026\" rel=\"nofollow noopener\"><\/p>\n<p>                             Tov\u00e1bbi inform\u00e1ci\u00f3<br \/>\n                          <\/a>\n                        <\/p>\n<p>                                <img decoding=\"async\" id=\"kep_71368239\" src=\"https:\/\/www.europesays.com\/hu\/wp-content\/uploads\/2026\/09\/71368239_4f134a724773ccf1fd61063fed32d51e_wm.jpg\" alt=\"\" loading=\"lazy\"\/><\/p>\n<p>            (Fot\u00f3: Hirling B\u00e1lint &#8211; We Love Budapest)<\/p>\n<p>\n                           Zsid\u00f3 Kultur\u00e1lis Fesztiv\u00e1l 2026\n                        <\/p>\n<p>Augusztus 30. \u00e9s szeptember 10. k\u00f6z\u00f6tt rendezik meg a 28. alkalommal jelentkez\u0151 Zsid\u00f3 Kultur\u00e1lis Fesztiv\u00e1lt, amely id\u00e9n is ikonikus zsinag\u00f3g\u00e1kban \u00e9s m\u00e1s kultur\u00e1lis helysz\u00edneken v\u00e1rja a k\u00f6z\u00f6ns\u00e9get. A programsorozat a zene, az irodalom \u00e9s a m\u0171v\u00e9szet seg\u00edts\u00e9g\u00e9vel k\u00f6ti \u00f6ssze a m\u00falt eml\u00e9keit a jelen \u00e9lm\u00e9ny\u00e9vel. A fesztiv\u00e1lon neves el\u0151ad\u00f3k l\u00e9pnek sz\u00ednpadra k\u00fcl\u00f6nleges, sok esetben kifejezetten erre az alkalomra \u00f6ssze\u00e1ll\u00edtott produkci\u00f3kkal. A programk\u00edn\u00e1latban klasszikus zene, vil\u00e1gzene, klezmer, zsid\u00f3 liturgikus zene, irodalmi estek \u00e9s egy\u00e9b kultur\u00e1lis esem\u00e9nyek is helyet kapnak.\u00a0<\/p>\n<p>\n                          <a href=\"http:\/\/welovebudapest.com\/program\/zsido-kulturalis-fesztival-2026-augusztus\/\" id=\"hyperlink_39018841c699c9507291250396ba0984\" target=\"_blank\" title=\"Zsid\u00f3 Kultur\u00e1lis Fesztiv\u00e1l 2026\" rel=\"nofollow noopener\"><\/p>\n<p>                             Tov\u00e1bbi inform\u00e1ci\u00f3<br \/>\n                          <\/a>\n                        <\/p>\n<p>                                <img decoding=\"async\" id=\"kep_71368243\" src=\"https:\/\/www.europesays.com\/hu\/wp-content\/uploads\/2026\/09\/71368243_70c184c74fbb2121c3827cc5db0324e1_wm.jpg\" alt=\"\" loading=\"lazy\"\/><\/p>\n<p>            (Fot\u00f3: B\u00f3dis Kriszti\u00e1n &#8211; We Love Budapest)<\/p>\n<p>\n                          (Bor\u00edt\u00f3k\u00e9p: Mudra L\u00e1szl\u00f3 \u2013 We Love Budapest)\n                        <\/p>\n<p><a href=\"https:\/\/dex.hu\/x.php?id=googlepref_desktop_welovebudapest&amp;url=https:\/\/google.com\/preferences\/source?q=https:\/\/welovebudapest.com\/\" class=\"google-pref-banner \" id=\"googlePrefBanner\" rel=\"nofollow noopener\" target=\"_blank\"><\/p>\n<p>        \u00c1ll\u00edtsd be a Google keres\u0151j\u00e9t, hogy a tal\u00e1latok k\u00f6z\u00f6tt biztos ott legyen a We Love Budapest!    <\/p>\n<p><\/a><\/p>\n<p>        <img decoding=\"async\" class=\"wlbkonyv-ajanlo_img\" src=\"https:\/\/www.europesays.com\/hu\/wp-content\/uploads\/2026\/09\/1788419669_885_71107885_0d706056e4c2d5770ec30c3bc3ac7603_wm.jpg\" alt=\"\" style=\"\"\/><\/p>\n<p class=\"wlbkonyv-ajanlo_promocio\">hirdet\u00e9s<\/p>\n<p>Folytatn\u00e1d az olvas\u00e1st? Szeretsz mindig k\u00e9pben lenni, \u00e9rdekelnek a leg\u00fajabb budapesti h\u00edrek, t\u00f6rt\u00e9netek? <a target=\"_blank\" href=\"https:\/\/welovebudapest.com\/hirlevel\/feliratkozas\" rel=\"nofollow noopener\">Iratkozz fel heti h\u00edrlevel\u00fcnkre<\/a>, az Insiderre, \u00e9s legy\u00e9l te a t\u00e1rsas\u00e1g ir\u00e1nyt\u0171je, ha \u00e9ttermet, kir\u00e1ndul\u00f3helyet vagy programot kerestek!<\/p>\n<p>                C\u00edmk\u00e9k            <\/p>\n","protected":false},"excerpt":{"rendered":"Szeptember 3., cs\u00fct\u00f6rt\u00f6k IDE BUDA! 1686 \u2013 Budav\u00e1ri Fesztiv\u00e1l IDE BUDA! 1686 n\u00e9ven, kultur\u00e1lis \u00e9s k\u00f6z\u00f6ss\u00e9gi programok sor\u00e1val&hellip;\n","protected":false},"author":2,"featured_media":231017,"comment_status":"","ping_status":"","sticky":false,"template":"","format":"standard","meta":{"footnotes":"","_share_on_mastodon":"0"},"categories":[22],"tags":[73,2164,800,11036,1654,1644,44,42,40,1646,1166,1226,213,5444,43,41,3756,4022,939,1650,1656,1651],"class_list":["post-231016","post","type-post","status-publish","format-standard","has-post-thumbnail","category-budapest","tag-budapest","tag-buli","tag-cikkek","tag-cirkusz","tag-csaladi-program","tag-hetvegi-programok","tag-hu","tag-hungarian","tag-hungary","tag-ingyenes-program","tag-irodalom","tag-kiallitas","tag-koncert","tag-kostolo","tag-magyar","tag-magyarorszag","tag-programajanlo","tag-seta","tag-szabadido","tag-szinhaz","tag-vasar","tag-workshop"],"share_on_mastodon":{"url":"https:\/\/pubeurope.com\/@hu\/117205878469907071","error":""},"_links":{"self":[{"href":"https:\/\/www.europesays.com\/hu\/wp-json\/wp\/v2\/posts\/231016","targetHints":{"allow":["GET"]}}],"collection":[{"href":"https:\/\/www.europesays.com\/hu\/wp-json\/wp\/v2\/posts"}],"about":[{"href":"https:\/\/www.europesays.com\/hu\/wp-json\/wp\/v2\/types\/post"}],"author":[{"embeddable":true,"href":"https:\/\/www.europesays.com\/hu\/wp-json\/wp\/v2\/users\/2"}],"replies":[{"embeddable":true,"href":"https:\/\/www.europesays.com\/hu\/wp-json\/wp\/v2\/comments?post=231016"}],"version-history":[{"count":0,"href":"https:\/\/www.europesays.com\/hu\/wp-json\/wp\/v2\/posts\/231016\/revisions"}],"wp:featuredmedia":[{"embeddable":true,"href":"https:\/\/www.europesays.com\/hu\/wp-json\/wp\/v2\/media\/231017"}],"wp:attachment":[{"href":"https:\/\/www.europesays.com\/hu\/wp-json\/wp\/v2\/media?parent=231016"}],"wp:term":[{"taxonomy":"category","embeddable":true,"href":"https:\/\/www.europesays.com\/hu\/wp-json\/wp\/v2\/categories?post=231016"},{"taxonomy":"post_tag","embeddable":true,"href":"https:\/\/www.europesays.com\/hu\/wp-json\/wp\/v2\/tags?post=231016"}],"curies":[{"name":"wp","href":"https:\/\/api.w.org\/{rel}","templated":true}]}}