{"id":231037,"date":"2026-09-03T07:38:10","date_gmt":"2026-09-03T07:38:10","guid":{"rendered":"https:\/\/www.europesays.com\/hu\/231037\/"},"modified":"2026-09-03T07:38:10","modified_gmt":"2026-09-03T07:38:10","slug":"europe-today-europa-uj-biztonsagi-korszakba-lep-spanyolorszag-kormanya-valsagban","status":"publish","type":"post","link":"https:\/\/www.europesays.com\/hu\/231037\/","title":{"rendered":"Europe Today: Eur\u00f3pa \u00faj biztons\u00e1gi korszakba l\u00e9p, Spanyolorsz\u00e1g korm\u00e1nya v\u00e1ls\u00e1gban"},"content":{"rendered":"<p>\n                    K\u00f6zz\u00e9t\u00e9ve:                 03\/09\/2026 &#8211; 8:02 CEST\u2022A legfrissebb fejlem\u00e9nyek<br \/>\n                                     8:30\n                                        <\/p>\n<p>  A mai ad\u00e1sban:<\/p>\n<p>Angela Skujins r\u00e9szletesen ismerteti az eur\u00f3pai biztons\u00e1g leg\u00fajabb fejlem\u00e9nyeit, mik\u00f6zben Ursula von der Leyen, az Eur\u00f3pai Bizotts\u00e1g eln\u00f6ke arra figyelmeztet, hogy a kontinensnek fel kell k\u00e9sz\u00fclnie a fokoz\u00f3d\u00f3 hibrid fenyeget\u00e9sek \u00faj korszak\u00e1ra.<\/p>\n<p>          <img decoding=\"async\" class=\"c-ad__placeholder__logo\" src=\"https:\/\/static.euronews.com\/website\/images\/logos\/logo-euronews-stacked-outlined-72x72-grey-9.svg\" width=\"72\" height=\"72\" alt=\"\" loading=\"lazy\"\/><br \/>\n          HIRDET\u00c9S<\/p>\n<p>          <img decoding=\"async\" class=\"c-ad__placeholder__logo\" src=\"https:\/\/static.euronews.com\/website\/images\/logos\/logo-euronews-stacked-outlined-72x72-grey-9.svg\" width=\"72\" height=\"72\" alt=\"\" loading=\"lazy\"\/><br \/>\n          HIRDET\u00c9S<\/p>\n<p>Shona Murray Dublinb\u00f3l tud\u00f3s\u00edt, ahol az eur\u00f3pai \u00fcgyek\u00e9rt felel\u0151s miniszterek megkezdik az EU hossz\u00fa t\u00e1v\u00fa k\u00f6lts\u00e9gvet\u00e9s\u00e9r\u0151l sz\u00f3l\u00f3 t\u00e1rgyal\u00e1sokat. <\/p>\n<p>Szint\u00e9n Dublinb\u00f3l: interj\u00fa Litv\u00e1nia k\u00fcl\u00fcgyminiszter\u00e9vel, K\u0119stutis Budrysszal, azt k\u00f6vet\u0151en, hogy koll\u00e9g\u00e1ival tartott tal\u00e1lkoz\u00f3jukat Oroszorsz\u00e1g Ukrajna elleni legut\u00f3bbi t\u00e1mad\u00e1sai uralt\u00e1k. <\/p>\n<p>Maria Tadeo elmagyar\u00e1zza, mi\u00e9rt tasz\u00edtotta \u00fajabb v\u00e1ls\u00e1gba a spanyol korm\u00e1nyt egy kisziv\u00e1rgott rend\u0151rs\u00e9gi jelent\u00e9s, amely szerint marokk\u00f3i er\u0151k is szerepet j\u00e1tszottak abban, hogy migr\u00e1nsokat nyomjanak \u00e1t Ceut\u00e1ba egy p\u00e9ld\u00e1tlan hat\u00e1rs\u00e9rt\u00e9s sor\u00e1n. <\/p>\n<p>Laila Humairah a katari Doh\u00e1b\u00f3l sz\u00e1mol be az Ir\u00e1nnal kapcsolatos h\u00e1bor\u00fas fesz\u00fclts\u00e9gr\u0151l, miut\u00e1n Donald Trump amerikai eln\u00f6k kijelentette, hogy az Egyes\u00fclt \u00c1llamok \u201eb\u00e1rmikor\u201d k\u00e9sz csap\u00e1st m\u00e9rni Ir\u00e1nra, de a fell\u00e1ngol\u00e1s szerinte nem tart majd \u201et\u00fal sok\u00e1ig\u201d. <\/p>\n<p>Hol \u00e9s mikor l\u00e1that\u00f3 az Europe Today?<\/p>\n<p>Csatlakozhat az Euronews vezet\u0151 m\u0171sorvezet\u0151j\u00e9hez, M\u00e9abh Mc Mahonhoz, \u00e9s uni\u00f3s szerkeszt\u0151nkh\u00f6z, Maria Tade\u00f3hoz \u00e9l\u0151ben a telev\u00edzi\u00f3ban, az Euronews honlapj\u00e1n, valamint digit\u00e1lis platformjainkon (YouTube, Facebook, X \u00e9s Instagram) minden h\u00e9tk\u00f6znap reggel 8 \u00f3rakor, br\u00fcsszeli id\u0151 szerint.<\/p>\n<p>Mind\u00f6ssze 20 perc alatt \u00faj m\u0171sorform\u00e1tumunk bemutatja a nap legfontosabb esem\u00e9nyeit, valamint \u00e1tfog\u00f3 elemz\u00e9st ad az EU-t \u00e9s a t\u00e1gabb vil\u00e1got alak\u00edt\u00f3 t\u00f6rt\u00e9netekr\u0151l. Az ad\u00e1s el\u00e9rhet\u0151 h\u00edrlev\u00e9l \u00e9s podcast. form\u00e1j\u00e1ban is.<\/p>\n","protected":false},"excerpt":{"rendered":"K\u00f6zz\u00e9t\u00e9ve: 03\/09\/2026 &#8211; 8:02 CEST\u2022A legfrissebb fejlem\u00e9nyek 8:30 A mai ad\u00e1sban: Angela Skujins r\u00e9szletesen ismerteti az eur\u00f3pai biztons\u00e1g&hellip;\n","protected":false},"author":2,"featured_media":231038,"comment_status":"","ping_status":"","sticky":false,"template":"","format":"standard","meta":{"footnotes":"","_share_on_mastodon":"0"},"categories":[3],"tags":[1096,107,106,105,42,43,102,300,2494],"class_list":["post-231037","post","type-post","status-publish","format-standard","has-post-thumbnail","category-europa","tag-biztonsag","tag-eu","tag-europa","tag-europe","tag-hungarian","tag-magyar","tag-oroszorszag","tag-ukrajnai-haboru","tag-vedelem"],"share_on_mastodon":{"url":"https:\/\/pubeurope.com\/@hu\/117205972929902365","error":""},"_links":{"self":[{"href":"https:\/\/www.europesays.com\/hu\/wp-json\/wp\/v2\/posts\/231037","targetHints":{"allow":["GET"]}}],"collection":[{"href":"https:\/\/www.europesays.com\/hu\/wp-json\/wp\/v2\/posts"}],"about":[{"href":"https:\/\/www.europesays.com\/hu\/wp-json\/wp\/v2\/types\/post"}],"author":[{"embeddable":true,"href":"https:\/\/www.europesays.com\/hu\/wp-json\/wp\/v2\/users\/2"}],"replies":[{"embeddable":true,"href":"https:\/\/www.europesays.com\/hu\/wp-json\/wp\/v2\/comments?post=231037"}],"version-history":[{"count":0,"href":"https:\/\/www.europesays.com\/hu\/wp-json\/wp\/v2\/posts\/231037\/revisions"}],"wp:featuredmedia":[{"embeddable":true,"href":"https:\/\/www.europesays.com\/hu\/wp-json\/wp\/v2\/media\/231038"}],"wp:attachment":[{"href":"https:\/\/www.europesays.com\/hu\/wp-json\/wp\/v2\/media?parent=231037"}],"wp:term":[{"taxonomy":"category","embeddable":true,"href":"https:\/\/www.europesays.com\/hu\/wp-json\/wp\/v2\/categories?post=231037"},{"taxonomy":"post_tag","embeddable":true,"href":"https:\/\/www.europesays.com\/hu\/wp-json\/wp\/v2\/tags?post=231037"}],"curies":[{"name":"wp","href":"https:\/\/api.w.org\/{rel}","templated":true}]}}