{"id":231057,"date":"2026-09-03T07:56:12","date_gmt":"2026-09-03T07:56:12","guid":{"rendered":"https:\/\/www.europesays.com\/hu\/231057\/"},"modified":"2026-09-03T07:56:12","modified_gmt":"2026-09-03T07:56:12","slug":"ezek-magyarorszag-legfejlettebb-telepulesei-ezert-akarna-mindenki-inkabb-itt-elni","status":"publish","type":"post","link":"https:\/\/www.europesays.com\/hu\/231057\/","title":{"rendered":"Ezek Magyarorsz\u00e1g legfejlettebb telep\u00fcl\u00e9sei: ez\u00e9rt akarna mindenki ink\u00e1bb itt \u00e9lni"},"content":{"rendered":"<p>2026. szeptember 3. 09:27<\/p>\n<p>Szinte minden hazai telep\u00fcl\u00e9s fejl\u0151d\u00f6tt 2014 \u00f3ta, \u00e1m a n\u00f6veked\u00e9s \u00fctem\u00e9ben jelent\u0151s elt\u00e9r\u00e9sek mutatkoznak \u2013 der\u00fcl ki az Egyens\u00faly Int\u00e9zet legfrissebb, 2026-os Telep\u00fcl\u00e9sindex\u00e9b\u0151l. A felm\u00e9r\u00e9s szerint a dinamikus felz\u00e1rk\u00f3z\u00e1s kulcsa a diplom\u00e1sok magas ar\u00e1nya \u00e9s a f\u0151v\u00e1ros k\u00f6zels\u00e9ge. Mik\u00f6zben a nagyv\u00e1rosok fejletts\u00e9gi k\u00fcl\u00f6nbs\u00e9gei m\u00e9rs\u00e9kl\u0151dtek, a kistelep\u00fcl\u00e9sek k\u00f6z\u00f6tti egyenl\u0151tlens\u00e9gek egyre mark\u00e1nsabb\u00e1 v\u00e1lnak, a leggyorsabb \u00fctemben pedig az ipari, energetikai \u00e9s logisztikai k\u00f6zpontok, valamint a kiemelt turisztikai c\u00e9lpontok gyarapodtak &#8211; sz\u00e1molt be az adatokr\u00f3l a <a href=\"https:\/\/telex.hu\/gazdasag\/2026\/09\/03\/egyensuly-intezet-telepulesindex-leggazdagabb-legszegenyebb-telepules\" target=\"_blank\" rel=\"noopener nofollow\">Telex<\/a>.<\/p>\n<p>Az 53 statisztikai indik\u00e1tor alapj\u00e1n \u00f6ssze\u00e1ll\u00edtott, t\u00f6bb mint h\u00e1romezer magyar telep\u00fcl\u00e9st \u00e9s a budapesti ker\u00fcleteket vizsg\u00e1l\u00f3 kutat\u00e1s r\u00e1mutat, hogy a tart\u00f3s fejl\u0151d\u00e9shez elengedhetetlen a magasan k\u00e9pzett munkaer\u0151 helyben tart\u00e1sa.<\/p>\n<p>\t\t\t\t<a href=\"https:\/\/www.penzcentrum.hu\/frisshirek\" rel=\"nofollow noopener\" target=\"_blank\">A legfrissebb h\u00edrek, id\u0151rendben ITT!<\/a><\/p>\n<p>\t\t\t\t<a href=\"https:\/\/news.google.com\/publications\/CAAiECtCpL84n14N1lGAd73KUFMqFAgKIhArQqS_OJ9eDdZRgHe9ylBT?hl=hu&amp;gl=HU&amp;ceid=HU%3Ahu\" rel=\"nofollow noopener\" target=\"_blank\">K\u00f6vess minket a Google H\u00edrek-ben is!<\/a><\/p>\n<p>&#13;<\/p>\n<p>A f\u0151v\u00e1rosban a turisztikai \u00e9s \u00fczleti k\u00f6zpontk\u00e9nt funkcion\u00e1l\u00f3 V. ker\u00fclet vezeti a fejletts\u00e9gi \u00e9s a n\u00f6veked\u00e9si rangsort is. A Belv\u00e1rost Ter\u00e9zv\u00e1ros \u00e9s az I. ker\u00fclet k\u00f6veti, m\u00edg a fejl\u0151d\u00e9s \u00fctem\u00e9t tekintve a v\u00e1rosrehabilit\u00e1ci\u00f3n \u00e1tesett J\u00f3zsefv\u00e1ros, valamint a rengeteg \u00faj beruh\u00e1z\u00e1st vonz\u00f3 \u00dajbuda is kiemelkedik. A megyesz\u00e9khelyek k\u00f6z\u00f6tt Sz\u00e9kesfeh\u00e9rv\u00e1r stabilan \u0151rzi els\u0151 hely\u00e9t az er\u0151s ipari b\u00e1zis\u00e1nak k\u00f6sz\u00f6nhet\u0151en. M\u00f6g\u00f6tte Veszpr\u00e9m megel\u0151zte Egert, a legdinamikusabb n\u00f6veked\u00e9st pedig Miskolc produk\u00e1lta, amely ugr\u00e1sszer\u0171 fejl\u0151d\u00e9s\u00e9vel n\u00e9gy helyet jav\u00edtott a rangsorban.<\/p>\n<p>&#13;<\/p>\n<p>A 15 ezer f\u0151 feletti v\u00e1rosok mez\u0151ny\u00e9t egy\u00e9rtelm\u0171en a gazdas\u00e1gi, energetikai \u00e9s logisztikai potenci\u00e1l hat\u00e1rozza meg. Az \u00e9len az olajfinom\u00edt\u00f3j\u00e1r\u00f3l ismert Sz\u00e1zhalombatta \u00e1ll, megel\u0151zve a kiemelked\u0151 agglomer\u00e1ci\u00f3s logisztikai k\u00f6zpontot, Buda\u00f6rs\u00f6t, valamint az atomer\u0151m\u0171ve r\u00e9v\u00e9n jelent\u0151s bev\u00e9teleket elk\u00f6nyvel\u0151 Paksot. A 15 ezer lakos alatti kateg\u00f3ri\u00e1ban a tudatos turizmusfejleszt\u00e9sre \u00e9p\u00edt\u0151 Balatonf\u00fcred v\u00e9gzett az els\u0151 helyen, megel\u0151zve a vegyipar\u00e1r\u00f3l ismert Tisza\u00fajv\u00e1rost \u00e9s T\u00f6r\u00f6kb\u00e1lintot.<\/p>\n<p>&#13;<\/p>\n<p>&#13;<\/p>\n<p>A legl\u00e1tv\u00e1nyosabb elmozdul\u00e1sokat az \u00f6tezer lakos alatti kistelep\u00fcl\u00e9sek hozt\u00e1k. B\u00e1r ebben a kateg\u00f3ri\u00e1ban jellemz\u0151en a turizmus h\u00fazza felfel\u00e9 a telep\u00fcl\u00e9seket \u2013 mint a dobog\u00f3s H\u00e9v\u00edzt \u00e9s Tihanyt \u2013, az abszol\u00fat els\u0151 helyet Felcs\u00fat szerezte meg. A telep\u00fcl\u00e9s 2014 \u00f3ta tart\u00f3 fel\u00edvel\u00e9se \u00e9s a rendk\u00edv\u00fcl magas egy f\u0151re jut\u00f3 j\u00f6vedelme nagyr\u00e9szt a NER-hez k\u00f6thet\u0151 beruh\u00e1z\u00e1soknak k\u00f6sz\u00f6nhet\u0151. Ez a fejl\u0151d\u00e9s azonban nem sug\u00e1rzik ki a k\u00f6rnyezet\u00e9re, a szomsz\u00e9dos Sz\u00e1r \u00e9s Sz\u00e1rliget ugyanis t\u00f6bb sz\u00e1z helyet zuhant a rangsorban.<\/p>\n<p>&#13;<\/p>\n<p>A kutat\u00e1sb\u00f3l kider\u00fcl, hogy az orsz\u00e1gban mind\u00f6ssze 24 kistelep\u00fcl\u00e9s esett vissza az elm\u00falt tizenk\u00e9t \u00e9vben. Ezek jellemz\u0151en nem a legszeg\u00e9nyebb falvak, hanem olyan, kor\u00e1bban jobb helyzet\u0171 telep\u00fcl\u00e9sek, ahol megsz\u0171nt valamilyen alapvet\u0151 szolg\u00e1ltat\u00e1s, p\u00e9ld\u00e1ul bez\u00e1rt a bolt vagy le\u00e9p\u00fclt a szoci\u00e1lis h\u00e1l\u00f3. A nagyobb telep\u00fcl\u00e9sek k\u00f6z\u00fcl egyed\u00fcl Rajka pontsz\u00e1ma cs\u00f6kkent, aminek h\u00e1tter\u00e9ben a robban\u00e1sszer\u0171 n\u00e9pess\u00e9gn\u00f6veked\u00e9s \u00e9s az ezzel l\u00e9p\u00e9st tartani k\u00e9ptelen infrastrukt\u00fara \u00e1ll. Ez a jelens\u00e9g a j\u00f3m\u00f3d\u00fa agglomer\u00e1ci\u00f3s telep\u00fcl\u00e9sek legs\u00falyosabb \u00e1rnyoldala, hiszen a szolg\u00e1ltat\u00e1sok, az oktat\u00e1s \u00e9s az eg\u00e9szs\u00e9g\u00fcgy t\u00falterhel\u0151d\u00e9se megfelel\u0151 fejleszt\u00e9sek hi\u00e1ny\u00e1ban id\u0151vel a fejletts\u00e9gi szint visszaes\u00e9s\u00e9hez vezethet.<\/p>\n<p>LAK\u00c1ST, H\u00c1ZAT VENN\u00c9L, DE NINCS EL\u00c9G P\u00c9NZED? VAN OLCS\u00d3 MEGOLD\u00c1S!<\/p>\n<p><a href=\"https:\/\/kalkulator.penzcentrum.hu\/lakashitel\/\" rel=\"nofollow noopener\" target=\"_blank\">A P\u00e9nzcentrum lak\u00e1shitel-kalkul\u00e1tora<\/a> szerint ma <a href=\"https:\/\/kalkulator.penzcentrum.hu\/lakashitel\/?loanGoal=HASZNALT_LAKAS&amp;loanAmount=30000000&amp;maturity=20&amp;income=500000&amp;onePerBank=true&amp;interestPeriods[]=FIVE_YEARS&amp;interestPeriods[]=TEN_YEARS&amp;interestPeriods[]=FIFTEEN_YEARS%2CTWENTY_YEARS&amp;interestPeriods[]=FULL&amp;realEstateValue=40000000&amp;realEstateLocation=&amp;age=30&amp;numberOfChildren=0&amp;currentInstallment=0&amp;currentCreditLine=0&amp;monthlyDeposit=0&amp;receiptOfIncome=true&amp;definedInsuranceUsage=true&amp;activeAccountPackageUsage=true&amp;loanCoverageInsurance=false&amp;activeCreditCardUsage=true&amp;definedAccountPackageUsage=false&amp;socialDiscount=false&amp;csok=false&amp;onlyFbl=false&amp;onlyOfk=false&amp;publicSectorToo=false&amp;calculationDate=2026-07-06&amp;start=0&amp;count=10\" target=\"_blank\" rel=\"noopener nofollow\">30 000 000 forintot 20 \u00e9ves futamid\u0151re m\u00e1r 6,62 sz\u00e1zal\u00e9kos THM-el, havi 184 778 Ft forintos t\u00f6rleszt\u0151vel fel lehet venni<\/a> a K&amp;H Bankn\u00e1l. De nem sokkal marad el ett\u0151l a t\u00f6bbi hazai nagybank aj\u00e1nlata sem: az UniCredit Bankn\u00e1l 6,78%, az Erste Bankn\u00e1l 6,78%, a CIB Bankn\u00e1l 6,89%, m\u00edg a MagNet Bankn\u00e1l 7,02%. \u00c9rdemes m\u00e9g megn\u00e9zni magyar hitelint\u00e9zetetek tov\u00e1bbi konstrukci\u00f3it is, \u00e9s egyedi kalkul\u00e1ci\u00f3t v\u00e9gezni, saj\u00e1t preferenci\u00e1ink alapj\u00e1n k\u00fcl\u00f6nb\u00f6z\u0151 hitel\u00f6sszegekre \u00e9s futamid\u0151kre. Ehhez keresd fel a <a href=\"https:\/\/kalkulator.penzcentrum.hu\/lakashitel\/\" rel=\"nofollow noopener\" target=\"_blank\">P\u00e9nzcentrum kalkul\u00e1tor\u00e1t.<\/a> (x)<\/p>\n<p>&#13;<\/p>\n<p>M\u00edg a nagyobb v\u00e1rosok fokozatosan felz\u00e1rk\u00f3znak egym\u00e1shoz, a kisebb k\u00f6zs\u00e9gek \u00e9s falvak k\u00f6z\u00f6tt egyre m\u00e9ly\u00fcl a szakad\u00e9k. Az orsz\u00e1g legszeg\u00e9nyebb telep\u00fcl\u00e9sei tov\u00e1bbra is a borsodi \u00e9s zalai apr\u00f3falvas t\u00e9rs\u00e9gekben tal\u00e1lhat\u00f3k, a sort Cseny\u00e9te, Szak\u00e1csi, B\u00f3dvalenke \u00e9s Gadna z\u00e1rja.<\/p>\n<p>&#13;<\/p>\n<p>A statisztik\u00e1t az elm\u00falt \u00e9vekben a szolidarit\u00e1si hozz\u00e1j\u00e1rul\u00e1s is befoly\u00e1solta, amely t\u00f6bb tehet\u0151s telep\u00fcl\u00e9s \u2013 k\u00f6zt\u00fck Buda\u00f6rs vagy Kazincbarcika \u2013 relat\u00edv visszaes\u00e9s\u00e9t okozta a rangsorban. A rendszer ar\u00e1nytalans\u00e1gai miatt id\u00e9n \u00e1prilisban t\u00f6bb v\u00e1ros vezet\u00e9se bojkott\u00e1lta is az ad\u00f3 befizet\u00e9s\u00e9t, abban b\u00edzva, hogy a hivatalba l\u00e9p\u0151 Tisza-korm\u00e1ny alatt az \u00f6nkorm\u00e1nyzatok visszakaphatj\u00e1k elvesztett p\u00e9nz\u00fcgyi auton\u00f3mi\u00e1jukat.<\/p>\n<p>Ennek a cikknek az el\u0151k\u00e9sz\u00edt\u00e9s\u00e9ben AI-asszisztens m\u0171k\u00f6d\u00f6tt k\u00f6zre, a v\u00e9gleges tartalmat \u00fajs\u00e1g\u00edr\u00f3nk szerkesztette \u00e9s ellen\u0151rizte.<\/p>\n","protected":false},"excerpt":{"rendered":"2026. szeptember 3. 09:27 Szinte minden hazai telep\u00fcl\u00e9s fejl\u0151d\u00f6tt 2014 \u00f3ta, \u00e1m a n\u00f6veked\u00e9s \u00fctem\u00e9ben jelent\u0151s elt\u00e9r\u00e9sek mutatkoznak&hellip;\n","protected":false},"author":2,"featured_media":231058,"comment_status":"","ping_status":"","sticky":false,"template":"","format":"standard","meta":{"footnotes":"","_share_on_mastodon":"0"},"categories":[22],"tags":[393,73,44,42,40,672,43,41,669,671,670,674,111,673],"class_list":["post-231057","post","type-post","status-publish","format-standard","has-post-thumbnail","category-budapest","tag-biztositas","tag-budapest","tag-hu","tag-hungarian","tag-hungary","tag-karrier","tag-magyar","tag-magyarorszag","tag-megtakaritas","tag-nyugdij","tag-otthon","tag-utazas","tag-vallalkozas","tag-vasarlas"],"share_on_mastodon":{"url":"https:\/\/pubeurope.com\/@hu\/117206042798118599","error":""},"_links":{"self":[{"href":"https:\/\/www.europesays.com\/hu\/wp-json\/wp\/v2\/posts\/231057","targetHints":{"allow":["GET"]}}],"collection":[{"href":"https:\/\/www.europesays.com\/hu\/wp-json\/wp\/v2\/posts"}],"about":[{"href":"https:\/\/www.europesays.com\/hu\/wp-json\/wp\/v2\/types\/post"}],"author":[{"embeddable":true,"href":"https:\/\/www.europesays.com\/hu\/wp-json\/wp\/v2\/users\/2"}],"replies":[{"embeddable":true,"href":"https:\/\/www.europesays.com\/hu\/wp-json\/wp\/v2\/comments?post=231057"}],"version-history":[{"count":0,"href":"https:\/\/www.europesays.com\/hu\/wp-json\/wp\/v2\/posts\/231057\/revisions"}],"wp:featuredmedia":[{"embeddable":true,"href":"https:\/\/www.europesays.com\/hu\/wp-json\/wp\/v2\/media\/231058"}],"wp:attachment":[{"href":"https:\/\/www.europesays.com\/hu\/wp-json\/wp\/v2\/media?parent=231057"}],"wp:term":[{"taxonomy":"category","embeddable":true,"href":"https:\/\/www.europesays.com\/hu\/wp-json\/wp\/v2\/categories?post=231057"},{"taxonomy":"post_tag","embeddable":true,"href":"https:\/\/www.europesays.com\/hu\/wp-json\/wp\/v2\/tags?post=231057"}],"curies":[{"name":"wp","href":"https:\/\/api.w.org\/{rel}","templated":true}]}}