{"id":231061,"date":"2026-09-03T08:02:09","date_gmt":"2026-09-03T08:02:09","guid":{"rendered":"https:\/\/www.europesays.com\/hu\/231061\/"},"modified":"2026-09-03T08:02:09","modified_gmt":"2026-09-03T08:02:09","slug":"teljesitettek-kalloy-molnar-peter-utolso-kivansagat","status":"publish","type":"post","link":"https:\/\/www.europesays.com\/hu\/231061\/","title":{"rendered":"Teljes\u00edtett\u00e9k K\u00e1lloy Moln\u00e1r P\u00e9ter utols\u00f3 k\u00edv\u00e1ns\u00e1g\u00e1t"},"content":{"rendered":"<p><a href=\"https:\/\/nlc.hu\/ezvan\/20260204\/kalloy-molnar-peter-forgatokonyv-megvalositas-bagi-ivan\/\" target=\"_blank\" rel=\"noopener nofollow\">K\u00e1lloy Moln\u00e1r P\u00e9ter utols\u00f3 k\u00edv\u00e1ns\u00e1g\u00e1nak<\/a> tett eleget G\u00e1sp\u00e1r Andr\u00e1s azzal, hogy \u2013 \u00faj t\u00e1rsakkal ugyan \u2013 folytatta a 33. \u00e9v\u00e9be l\u00e9p\u0151 S.\u00d6.R. \u2013 Shakespeare \u00d6sszes R\u00f6vid\u00edtve c\u00edm\u0171 el\u0151ad\u00e1st \u2013 <a rel=\"nofollow noopener noreferrer\" href=\"https:\/\/www.blikk.hu\/sztarvilag\/hazai-sztarok\/kalloy-molnar-peter-eloadas-sor-folytatas-gaspar-andras\/cb05ty5\" target=\"_blank\">sz\u00e1molt be a Blikk<\/a>. A <a href=\"https:\/\/nlc.hu\/ezvan\/20251201\/kalloy-molnar-peter-meghalt\/\" target=\"_blank\" rel=\"noopener nofollow\">tavaly december 1-j\u00e9n elhunyt sz\u00edn\u00e9sz<\/a> nem csak a m\u00falt, de a jelen \u00e9s a j\u00f6v\u0151 r\u00e9sze is, s\u0151t a j\u00f3 bar\u00e1tja szerint im\u00e1dn\u00e1 az el\u0151ad\u00e1sban l\u00e9v\u0151 v\u00e1ltoz\u00e1sokat.<\/p>\n<p>\u201eMinden egyes el\u0151ad\u00e1sban elhangzik P\u00e9ter neve, mert be van \u00e9p\u00edtve egy improviz\u00e1ci\u00f3ba, \u00e9s amikor kimondom, felcsend\u00fcl a taps. Ez egy \u00faj t\u00e1rsulat, egy \u00faj \u00e1llapot \u00e9s r\u00e9szben \u00faj el\u0151ad\u00e1s. (\u2026) Vannak v\u00e1ltoz\u00e1sok az eredeti darabhoz k\u00e9pest, vannak \u00faj dial\u00f3gok, \u00faj jelenetek is. (\u2026) A velencei kalm\u00e1rb\u00f3l P\u00e9ter stand-upot csin\u00e1lt, (\u2026) mi roma diszk\u00f3t, de azt gondolom, \u0151 is im\u00e1dn\u00e1, a t\u00e9rd\u00e9t csapkodn\u00e1 a nevet\u00e9st\u0151l\u201d \u2013 mondta el a lapnak G\u00e1sp\u00e1r Andr\u00e1s, aki Simon Korn\u00e9l \u00e9s S\u00f6vegj\u00e1rt\u00f3 \u00c1ron csatlakoz\u00e1s\u00e1val folytatta az el\u0151ad\u00e1st.<\/p>\n<p>Az elvesztett bar\u00e1tja egy m\u00e1sik \u00e1lm\u00e1t is val\u00f3ra v\u00e1ltotta. Mint mondja, az\u00a0el\u0151ad\u00e1s m\u00f6g\u00f6tt imm\u00e1r egy komoly menedzsment \u00e1ll, a Dud\u00e1s Produkci\u00f3, akik utaztatj\u00e1k a produkci\u00f3t az orsz\u00e1gban. \u201eP\u00e9ter mindig is erre v\u00e1gyott. Arr\u00f3l \u00e1lmodott, hogy ne nek\u00fcnk kelljen szervezni \u00e9s a technikai r\u00e9sz\u00e9vel bajl\u00f3dni\u201d \u2013 magyar\u00e1zta a sz\u00edn\u00e9sz, aki az elhunyt bar\u00e1tja m\u0171v\u00e9szi hagyat\u00e9k\u00e1t \u00e1polja.<\/p>\n<p>K\u00e1lloy Moln\u00e1r P\u00e9ter \u00e9lete k\u00e9pekben:<\/p>\n<p><a id=\"galeria-1\" class=\"m-nextGallery _ce_measure_widget _ce_measure_link\" href=\"https:\/\/nlc.hu\/sztarok\/20260903\/kalloy-molnar-peter-utolso-kivansag-teljesult\/?gallery=1\/1\/591833930-1264091239097640-2415749539544687442-n.jpg\" data-ce-measure-widget=\"gallery-open\" rel=\"nofollow noopener\" target=\"_blank\"><\/p>\n<p>\t\t<img decoding=\"async\" width=\"987\" height=\"1280\" src=\"https:\/\/www.europesays.com\/hu\/wp-content\/uploads\/2026\/09\/591833930-1264091239097640-2415749539544687442-n.jpg\" class=\"m-nextGallery__featureImage wp-image-2066062\" alt=\"K\u00e1lloy Moln\u00e1r P\u00e9ter portr\u00e9\"   loading=\"lazy\"\/>\t<\/p>\n<p><\/a><\/p>\n<p>Kiemelked\u0151 tehets\u00e9g\u0171, sokoldal\u00fa alkot\u00f3 volt<\/p>\n<p>K\u00e1lloy Moln\u00e1r P\u00e9ter 1993-ban v\u00e9gzett a Sz\u00ednh\u00e1z- \u00e9s Filmm\u0171v\u00e9szeti F\u0151iskol\u00e1n, 1993-1997 k\u00f6z\u00f6tt a V\u00edgsz\u00ednh\u00e1z t\u00e1rsulat\u00e1nak tagja volt. 1997 \u00f3ta szabadfoglalkoz\u00e1s\u00fa m\u0171v\u00e9sz volt.<\/p>\n<p>A nagyk\u00f6z\u00f6ns\u00e9g t\u00f6bbek k\u00f6zt a <a href=\"https:\/\/nlc.hu\/sztarok\/20240621\/beugro-akkor-es-most\/\" target=\"_blank\" rel=\"noopener nofollow\">Beugr\u00f3\u00a0c\u00edm\u0171 telev\u00edzi\u00f3s m\u0171sor<\/a> \u00e1lland\u00f3 szerepl\u0151jek\u00e9nt ismerhette meg, de m\u00e1r el\u0151tte sz\u00e1mos magyar filmben szerepelt: j\u00e1tszott a Valami Amerik\u00e1ban, az \u00dcvegtigris-tril\u00f3gi\u00e1ban, az \u00c1ll\u00edts\u00e1tok meg Ter\u00e9zanyut!-ban, szerepelt a Pasik!, a Tea, a Marslak\u00f3k sorozatban.<\/p>\n<p>Sz\u00e1mos sz\u00edn\u00e9sz, p\u00e9ld\u00e1ul Rowan Atkinson, Ben Stiller, Jack Black \u00e9s Chris Rock is K\u00e1lloy Moln\u00e1r hangj\u00e1n sz\u00f3lalt meg magyarul.<\/p>\n<p>T\u00edz lemeze mellett h\u00e9t k\u00f6nyvet adott ki, verseket is \u00edrt.<\/p>\n<p>Rendezett\u00a0R\u00f3me\u00f3 \u00e9s J\u00fali\u00e1t,\u00a0Macbethet, legnagyobb sz\u00ednh\u00e1zi siker\u00e9t a\u00a0Shakespeare \u00d6sszes R\u00f6vid\u00edtve hozta meg sz\u00e1m\u00e1ra, amelyet t\u00f6bb mint k\u00e9t \u00e9vtized alatt 600-n\u00e1l is t\u00f6bbsz\u00f6r adtak el\u0151. Dr\u00e1mai sz\u00edn\u00e9szk\u00e9nt felejthetetlent ny\u00fajtott Rudolf P\u00e9terrel a K\u00f6vek a zsebben c\u00edm\u0171 k\u00e9tszerepl\u0151s darabban, amelyet t\u00f6bb, mint 500-szor j\u00e1tszottak.<\/p>\n<p>Kiemelt fot\u00f3: Birton Szabolcs \/ Fot\u00f3centr\u00e1l<\/p>\n","protected":false},"excerpt":{"rendered":"K\u00e1lloy Moln\u00e1r P\u00e9ter utols\u00f3 k\u00edv\u00e1ns\u00e1g\u00e1nak tett eleget G\u00e1sp\u00e1r Andr\u00e1s azzal, hogy \u2013 \u00faj t\u00e1rsakkal ugyan \u2013 folytatta a&hellip;\n","protected":false},"author":2,"featured_media":231062,"comment_status":"","ping_status":"","sticky":false,"template":"","format":"standard","meta":{"footnotes":"","_share_on_mastodon":"0"},"categories":[16],"tags":[137,44,42,40,8742,43,41,138,235],"class_list":["post-231061","post","type-post","status-publish","format-standard","has-post-thumbnail","category-szorakozas","tag-entertainment","tag-hu","tag-hungarian","tag-hungary","tag-kalloy-molnar-peter","tag-magyar","tag-magyarorszag","tag-szorakozas","tag-sztarok"],"share_on_mastodon":{"url":"https:\/\/pubeurope.com\/@hu\/117206066607009738","error":""},"_links":{"self":[{"href":"https:\/\/www.europesays.com\/hu\/wp-json\/wp\/v2\/posts\/231061","targetHints":{"allow":["GET"]}}],"collection":[{"href":"https:\/\/www.europesays.com\/hu\/wp-json\/wp\/v2\/posts"}],"about":[{"href":"https:\/\/www.europesays.com\/hu\/wp-json\/wp\/v2\/types\/post"}],"author":[{"embeddable":true,"href":"https:\/\/www.europesays.com\/hu\/wp-json\/wp\/v2\/users\/2"}],"replies":[{"embeddable":true,"href":"https:\/\/www.europesays.com\/hu\/wp-json\/wp\/v2\/comments?post=231061"}],"version-history":[{"count":0,"href":"https:\/\/www.europesays.com\/hu\/wp-json\/wp\/v2\/posts\/231061\/revisions"}],"wp:featuredmedia":[{"embeddable":true,"href":"https:\/\/www.europesays.com\/hu\/wp-json\/wp\/v2\/media\/231062"}],"wp:attachment":[{"href":"https:\/\/www.europesays.com\/hu\/wp-json\/wp\/v2\/media?parent=231061"}],"wp:term":[{"taxonomy":"category","embeddable":true,"href":"https:\/\/www.europesays.com\/hu\/wp-json\/wp\/v2\/categories?post=231061"},{"taxonomy":"post_tag","embeddable":true,"href":"https:\/\/www.europesays.com\/hu\/wp-json\/wp\/v2\/tags?post=231061"}],"curies":[{"name":"wp","href":"https:\/\/api.w.org\/{rel}","templated":true}]}}