{"id":231099,"date":"2026-09-03T08:36:12","date_gmt":"2026-09-03T08:36:12","guid":{"rendered":"https:\/\/www.europesays.com\/hu\/231099\/"},"modified":"2026-09-03T08:36:12","modified_gmt":"2026-09-03T08:36:12","slug":"index-belfold-kigyulladt-egy-dabasi-autobonto-meghalt-egy-szerelo-a-muhelyben-keletkezett-tuzben","status":"publish","type":"post","link":"https:\/\/www.europesays.com\/hu\/231099\/","title":{"rendered":"Index &#8211; Belf\u00f6ld &#8211; Kigyulladt egy dabasi aut\u00f3bont\u00f3, meghalt egy szerel\u0151 a m\u0171helyben keletkezett t\u0171zben"},"content":{"rendered":"<p>A Dabasi J\u00e1r\u00e1si \u00dcgy\u00e9szs\u00e9g v\u00e1dat emelt egy aut\u00f3bont\u00e1ssal foglalkoz\u00f3 c\u00e9g \u00fcgyvezet\u0151je ellen, akinek mulaszt\u00e1sai miatt t\u0171z \u00fct\u00f6tt ki egy dabasi m\u0171helyben, \u00e9s az eset egy alkalmazott hal\u00e1l\u00e1hoz vezetett. A f\u00e9rfit hal\u00e1lt okoz\u00f3, foglalkoz\u00e1s k\u00f6r\u00e9ben elk\u00f6vetett gondatlan vesz\u00e9lyeztet\u00e9s v\u00e9ts\u00e9g\u00e9vel v\u00e1dolj\u00e1k \u2013 olvashat\u00f3 a Pest V\u00e1rmegyei F\u0151\u00fcgy\u00e9szs\u00e9g k\u00f6zlem\u00e9ny\u00e9ben.\u00a0<\/p>\n<p>                        <img decoding=\"async\" id=\"kep_szerkfoto_image_71380141\" src=\"https:\/\/www.europesays.com\/hu\/wp-content\/uploads\/2026\/09\/71380141_f05c3aa0efbb0aca42c44ed512ae157c_wm.png\" loading=\"lazy\" alt=\"A kigyulladt dabasi aut\u00f3bont\u00f3\" data-image_width=\"727\" data-image_height=\"484\"\/>A kigyulladt dabasi aut\u00f3bont\u00f3<\/p>\n<p>Fot\u00f3: Magyarorsz\u00e1g \u00dcgy\u00e9szs\u00e9ge<\/p>\n<p>A v\u00e1dirat szerint a b\u0171ncselekm\u00e9ny s\u00e9rtettje t\u00f6bb mint h\u00fasz \u00e9ve seg\u00e9dmunk\u00e1sk\u00e9nt dolgozott a telephelyen. 2025 november\u00e9ben a v\u00e1dlott egy bont\u00e1sra sz\u00e1nt aut\u00f3t vitt be a m\u0171helybe, ahol a dolgoz\u00f3 a hidegebb id\u0151 miatt d\u00e9lut\u00e1n bez\u00e1rta az ajt\u00f3kat, majd begy\u00fajtott a helyis\u00e9gben m\u0171k\u00f6d\u0151 vegyes t\u00fczel\u00e9s\u0171 kaz\u00e1nba.<\/p>\n<p>A f\u00e9rfi ezt k\u00f6vet\u0151en megkezdte az aut\u00f3 \u00fczemanyagtart\u00e1ly\u00e1nak leszerel\u00e9s\u00e9t, azonban abb\u00f3l el\u0151zetesen nem \u00fcr\u00edtette ki a benzint. A tart\u00e1ly megbillent, \u00e9s t\u00f6bb mint 30 liter \u00fczemanyag folyt ki bel\u0151le.<\/p>\n<p>Mivel a m\u0171helyben sem term\u00e9szetes, sem mesters\u00e9ges szell\u0151ztet\u00e9s nem volt kialak\u00edtva, a benzing\u0151z r\u00f6vid id\u0151 alatt berobbant, \u00e9s t\u0171z keletkezett.<\/p>\n<p>A dolgoz\u00f3 a l\u00e1ngokban s\u00falyos \u00e9g\u00e9si s\u00e9r\u00fcl\u00e9seket szenvedett. K\u00f3rh\u00e1zba sz\u00e1ll\u00edtott\u00e1k, de s\u00e9r\u00fcl\u00e9sei olyan s\u00falyosak voltak, hogy k\u00e9s\u0151bb \u00e9let\u00e9t vesztette.<\/p>\n<p>                        Munka- \u00e9s t\u0171zv\u00e9delmi hi\u00e1nyoss\u00e1g is hozz\u00e1j\u00e1rult a trag\u00e9di\u00e1hoz<\/p>\n<p>Az \u00fcgy\u00e9szs\u00e9g szerint a trag\u00e9di\u00e1hoz t\u00f6bb munka- \u00e9s t\u0171zv\u00e9delmi hi\u00e1nyoss\u00e1g is hozz\u00e1j\u00e1rult. A v\u00e1dlott a t\u0171zvesz\u00e9lyes szerel\u00e9si munk\u00e1k hely\u00e9t\u0151l mind\u00f6ssze n\u00e9h\u00e1ny m\u00e9terre \u00fczemeltetett ny\u00edlt l\u00e1ngter\u0171, vegyes t\u00fczel\u00e9s\u0171 kaz\u00e1nt, mik\u00f6zben nem gondoskodott a m\u0171hely megfelel\u0151 term\u00e9szetes szell\u0151z\u00e9s\u00e9r\u0151l, \u00e9s mesters\u00e9ges szell\u0151ztet\u0151 rendszert sem alak\u00edtott ki.<\/p>\n<p>Tov\u00e1bbi probl\u00e9m\u00e1t jelentett, hogy nem \u00e9p\u00edtettek ki olyan elfoly\u00f3- \u00e9s \u00fclep\u00edt\u0151rendszert sem, amely az esetlegesen ki\u00f6ml\u0151 \u00fczemanyag biztons\u00e1gos elvezet\u00e9s\u00e9t biztos\u00edtotta volna. Az \u00fcgy\u00e9szs\u00e9g szerint a v\u00e1dlott mulaszt\u00e1sai miatt nem voltak meg a biztons\u00e1gos munkav\u00e9gz\u00e9shez sz\u00fcks\u00e9ges felt\u00e9telek.<\/p>\n<p>A Dabasi J\u00e1r\u00e1si \u00dcgy\u00e9szs\u00e9g ez\u00e9rt hal\u00e1lt okoz\u00f3, foglalkoz\u00e1s k\u00f6r\u00e9ben gondatlans\u00e1gb\u00f3l elk\u00f6vetett vesz\u00e9lyeztet\u00e9s v\u00e9ts\u00e9g\u00e9vel emelt v\u00e1dat a c\u00e9gvezet\u0151 ellen. A v\u00e1dlott b\u0171n\u00f6ss\u00e9g\u00e9r\u0151l a Dabasi J\u00e1r\u00e1sb\u00edr\u00f3s\u00e1g d\u00f6nt.<\/p>\n<p><a href=\"https:\/\/dex.hu\/x.php?id=googlepref_desktop&amp;url=https:\/\/google.com\/preferences\/source?q=https:\/\/index.hu\" class=\"google-pref-banner \" id=\"googlePrefBanner\" rel=\"nofollow noopener\" target=\"_blank\"><\/p>\n<p>    Itt \u00e1ll\u00edtsa be, hogy az Index az els\u0151k k\u00f6z\u00f6tt legyen a Google-tal\u00e1latokban!<\/p>\n<p><\/a><\/p>\n<p>    <img decoding=\"async\" src=\"https:\/\/index.hu\/assets\/images\/social-follow\/logo-big.svg\" alt=\"Index.hu logo\"\/><\/p>\n<p>K\u00f6vesse az Indexet Facebookon is!<\/p>\n<p>    <a href=\"https:\/\/facebook.com\/Indexhu\" target=\"_blank\" rel=\"nofollow noopener\"><\/p>\n<p>        K\u00f6vetem!<br \/>\n    <\/a><\/p>\n","protected":false},"excerpt":{"rendered":"A Dabasi J\u00e1r\u00e1si \u00dcgy\u00e9szs\u00e9g v\u00e1dat emelt egy aut\u00f3bont\u00e1ssal foglalkoz\u00f3 c\u00e9g \u00fcgyvezet\u0151je ellen, akinek mulaszt\u00e1sai miatt t\u0171z \u00fct\u00f6tt ki&hellip;\n","protected":false},"author":2,"featured_media":231100,"comment_status":"","ping_status":"","sticky":false,"template":"","format":"standard","meta":{"footnotes":"","_share_on_mastodon":"0"},"categories":[6],"tags":[2941,80,152,11615,307,44,42,40,43,41,3321,1048],"class_list":["post-231099","post","type-post","status-publish","format-standard","has-post-thumbnail","category-magyarorszag","tag-autobonto","tag-belfold","tag-ce-napi","tag-dabas","tag-elhunyt","tag-hu","tag-hungarian","tag-hungary","tag-magyar","tag-magyarorszag","tag-tuz","tag-uzemanyag"],"share_on_mastodon":{"url":"https:\/\/pubeurope.com\/@hu\/117206200622552294","error":""},"_links":{"self":[{"href":"https:\/\/www.europesays.com\/hu\/wp-json\/wp\/v2\/posts\/231099","targetHints":{"allow":["GET"]}}],"collection":[{"href":"https:\/\/www.europesays.com\/hu\/wp-json\/wp\/v2\/posts"}],"about":[{"href":"https:\/\/www.europesays.com\/hu\/wp-json\/wp\/v2\/types\/post"}],"author":[{"embeddable":true,"href":"https:\/\/www.europesays.com\/hu\/wp-json\/wp\/v2\/users\/2"}],"replies":[{"embeddable":true,"href":"https:\/\/www.europesays.com\/hu\/wp-json\/wp\/v2\/comments?post=231099"}],"version-history":[{"count":0,"href":"https:\/\/www.europesays.com\/hu\/wp-json\/wp\/v2\/posts\/231099\/revisions"}],"wp:featuredmedia":[{"embeddable":true,"href":"https:\/\/www.europesays.com\/hu\/wp-json\/wp\/v2\/media\/231100"}],"wp:attachment":[{"href":"https:\/\/www.europesays.com\/hu\/wp-json\/wp\/v2\/media?parent=231099"}],"wp:term":[{"taxonomy":"category","embeddable":true,"href":"https:\/\/www.europesays.com\/hu\/wp-json\/wp\/v2\/categories?post=231099"},{"taxonomy":"post_tag","embeddable":true,"href":"https:\/\/www.europesays.com\/hu\/wp-json\/wp\/v2\/tags?post=231099"}],"curies":[{"name":"wp","href":"https:\/\/api.w.org\/{rel}","templated":true}]}}