{"id":231111,"date":"2026-09-03T08:49:08","date_gmt":"2026-09-03T08:49:08","guid":{"rendered":"https:\/\/www.europesays.com\/hu\/231111\/"},"modified":"2026-09-03T08:49:08","modified_gmt":"2026-09-03T08:49:08","slug":"sajat-konvoja-egyik-autojat-tarolta-le-a-szloven-elnok-autoja","status":"publish","type":"post","link":"https:\/\/www.europesays.com\/hu\/231111\/","title":{"rendered":"Saj\u00e1t konvoja egyik aut\u00f3j\u00e1t tarolta le a szlov\u00e9n eln\u00f6k aut\u00f3ja"},"content":{"rendered":"<p class=\"\">\n    Natasa Pirc Musar szlov\u00e9n \u00e1llamf\u0151 m\u00e9g j\u00falius 31-\u00e9n szenvedett k\u00f6nnyebb s\u00e9r\u00fcl\u00e9seket egy aut\u00f3balesetben Szlov\u00e9ni\u00e1ban az A1-es aut\u00f3p\u00e1ly\u00e1n, Ljubljana k\u00f6zel\u00e9ben. Az akkori k\u00f6zlem\u00e9nyben csak annyit mondtak, hogy az \u00e1llamf\u0151t k\u00f3rh\u00e1zba sz\u00e1ll\u00edtott\u00e1k, ahonnan hamar haza is engedt\u00e9k, a baleset k\u00f6r\u00fclm\u00e9nyeir\u0151l azonban nem k\u00f6z\u00f6ltek r\u00e9szleteket.\n  <\/p>\n<p class=\"\">\n    Szeptember 2-\u00e1n azonban k\u00f6zz\u00e9tett\u00e9k azokat <a href=\"https:\/\/www.facebook.com\/reel\/1949241462423484\" target=\"_blank\" rel=\"nofollow noopener\">a biztons\u00e1gi kamer\u00e1s felv\u00e9teleket<\/a>, amiken azt l\u00e1tni, hogy az eln\u00f6k\u00f6t sz\u00e1ll\u00edt\u00f3 Mercedes-Benz V300-as nekicsap\u00f3dik a k\u00eds\u00e9r\u0151j\u00e1rm\u0171nek. A vide\u00f3t k\u00f6zz\u00e9tev\u0151 Anadolu Agency azt \u00edrja, Pirc Musar kulcscsontt\u00f6r\u00e9st szenvedett, k\u00e9t vele utaz\u00f3 bar\u00e1tja k\u00f6z\u00fcl az egyik pedig s\u00falyosabb s\u00e9r\u00fcl\u00e9seket szenvedett. Az eln\u00f6k k\u00e9s\u0151bb elismerte, hogy az aut\u00f3ban nem volt bek\u00f6tve a biztons\u00e1gi \u00f6ve.\n  <\/p>\n","protected":false},"excerpt":{"rendered":"Natasa Pirc Musar szlov\u00e9n \u00e1llamf\u0151 m\u00e9g j\u00falius 31-\u00e9n szenvedett k\u00f6nnyebb s\u00e9r\u00fcl\u00e9seket egy aut\u00f3balesetben Szlov\u00e9ni\u00e1ban az A1-es aut\u00f3p\u00e1ly\u00e1n, Ljubljana&hellip;\n","protected":false},"author":2,"featured_media":231112,"comment_status":"","ping_status":"","sticky":false,"template":"","format":"standard","meta":{"footnotes":"","_share_on_mastodon":"0"},"categories":[8],"tags":[61073,11456,469,42,10660,64,15555,43,32673,34,2062,94,93,92],"class_list":["post-231111","post","type-post","status-publish","format-standard","has-post-thumbnail","category-vilag","tag-a1-es-autopalya","tag-autobaleset","tag-baleset","tag-hungarian","tag-konvoj","tag-kulfold","tag-ljubljana","tag-magyar","tag-natasa-pirc-musar","tag-news","tag-szlovenia","tag-vilag","tag-world","tag-world-news"],"share_on_mastodon":{"url":"https:\/\/pubeurope.com\/@hu\/117206251152756629","error":""},"_links":{"self":[{"href":"https:\/\/www.europesays.com\/hu\/wp-json\/wp\/v2\/posts\/231111","targetHints":{"allow":["GET"]}}],"collection":[{"href":"https:\/\/www.europesays.com\/hu\/wp-json\/wp\/v2\/posts"}],"about":[{"href":"https:\/\/www.europesays.com\/hu\/wp-json\/wp\/v2\/types\/post"}],"author":[{"embeddable":true,"href":"https:\/\/www.europesays.com\/hu\/wp-json\/wp\/v2\/users\/2"}],"replies":[{"embeddable":true,"href":"https:\/\/www.europesays.com\/hu\/wp-json\/wp\/v2\/comments?post=231111"}],"version-history":[{"count":0,"href":"https:\/\/www.europesays.com\/hu\/wp-json\/wp\/v2\/posts\/231111\/revisions"}],"wp:featuredmedia":[{"embeddable":true,"href":"https:\/\/www.europesays.com\/hu\/wp-json\/wp\/v2\/media\/231112"}],"wp:attachment":[{"href":"https:\/\/www.europesays.com\/hu\/wp-json\/wp\/v2\/media?parent=231111"}],"wp:term":[{"taxonomy":"category","embeddable":true,"href":"https:\/\/www.europesays.com\/hu\/wp-json\/wp\/v2\/categories?post=231111"},{"taxonomy":"post_tag","embeddable":true,"href":"https:\/\/www.europesays.com\/hu\/wp-json\/wp\/v2\/tags?post=231111"}],"curies":[{"name":"wp","href":"https:\/\/api.w.org\/{rel}","templated":true}]}}