{"id":231129,"date":"2026-09-03T09:05:10","date_gmt":"2026-09-03T09:05:10","guid":{"rendered":"https:\/\/www.europesays.com\/hu\/231129\/"},"modified":"2026-09-03T09:05:10","modified_gmt":"2026-09-03T09:05:10","slug":"uj-musorvezetok-az-atv-startban","status":"publish","type":"post","link":"https:\/\/www.europesays.com\/hu\/231129\/","title":{"rendered":"\u00daj m\u0171sorvezet\u0151k az ATV Startban"},"content":{"rendered":"<p>Szeptembert\u0151l <a href=\"https:\/\/nlc.hu\/sztarok\/20260825\/atv-start-tavozas-szlazsanszky-ferenc\/\" rel=\"nofollow noopener\" target=\"_blank\">meg\u00fajult csapattal<\/a> folytatja az ATV Start. A nagy n\u00e9zetts\u00e9g\u0171 reggeli m\u0171sor szakmai ir\u00e1ny\u00edt\u00e1s\u00e1t Szirmay D\u00e1vid l\u00e1tja el f\u0151szerkeszt\u0151k\u00e9nt, aki t\u00f6bb \u00e9vtizedes \u00fajs\u00e1g\u00edr\u00f3i tapasztalatot hoz a telev\u00edzi\u00f3ba. A m\u0171sor k\u00e9perny\u0151s <a href=\"https:\/\/nlc.hu\/sztarok\/20260528\/ronai-egon-valtja-kobol-anitat-ebben-a-szerepben\/\" rel=\"nofollow noopener\" target=\"_blank\">csapata is b\u0151v\u00fcl<\/a>:\u00a0R\u00f3nai Egon\u00a0\u00e9s\u00a0Somos Andr\u00e1s\u00a0mellett\u00a0Szirmay D\u00e1vid, valamint k\u00e9t <a href=\"https:\/\/nlc.hu\/sztarok\/20251215\/nemes-anna-az-atv-startban\/\" rel=\"nofollow noopener\" target=\"_blank\">fiatal \u00fajs\u00e1g\u00edr\u00f3-riporter<\/a>,\u00a0T\u00f6r\u00f6k R\u00e9ka \u00e9s Benke L\u00facia\u00a0is csatlakozik a m\u0171sorhoz.<\/p>\n<p>T\u00f6r\u00f6k R\u00e9ka a\u00a0Heti Napl\u00f3 Sv\u00e1by Andr\u00e1ssal\u00a0indul\u00e1sa \u00f3ta meghat\u00e1roz\u00f3 riportere, munk\u00e1j\u00e1t\u00a0Junior Prima D\u00edjjal\u00a0ismert\u00e9k el. Szeptembert\u0151l a Start mellett a H\u00edrad\u00f3ban is tal\u00e1lkozhatnak vele a n\u00e9z\u0151k.<\/p>\n<p>Nagy \u00f6r\u00f6m \u00e9s megtiszteltet\u00e9s sz\u00e1momra, hogy hamarosan \u00faj szerepben tal\u00e1lkozhatnak velem a n\u00e9z\u0151k, a Start \u00e9s a Reggeli H\u00edrad\u00f3 m\u0171sorvezet\u0151jek\u00e9nt. Mellette persze a Heti Napl\u00f3ban is ott leszek minden vas\u00e1rnap este. Nagyon k\u00f6sz\u00f6n\u00f6m a vezet\u0151s\u00e9g bizalm\u00e1t \u00e9s a lehet\u0151s\u00e9get. Mindig k\u00fcl\u00f6nleges \u00e9rz\u00e9s egy \u00faj feladat el\u0151tt \u00e1llni, f\u0151leg akkor, amikor az ember egyszerre \u00e9rez izgatotts\u00e1got, k\u00edv\u00e1ncsis\u00e1got \u00e9s persze egy kis eg\u00e9szs\u00e9ges drukkot is. \u00c9n most pontosan \u00edgy vagyok ezzel, \u00e9s nagyon v\u00e1rom, hogy belev\u00e1gjak ebbe az \u00faj id\u0151szakba<\/p>\n<p>\u2013 mondta T\u00f6r\u00f6k R\u00e9ka.<\/p>\n<p><img fetchpriority=\"high\" decoding=\"async\" class=\"img-responsive alignnone size-full wp-image-2179256\" src=\"https:\/\/www.europesays.com\/hu\/wp-content\/uploads\/2026\/09\/atv-start.jpg\" alt=\"atv start\" width=\"1280\" height=\"720\"   loading=\"lazy\"\/><\/p>\n<p>\u201eA hajnali \u00e9bred\u00e9sek nem fognak gondot okozni\u201d<\/p>\n<p>Benke L\u00facia a H\u00edrad\u00f3 riporterek\u00e9nt \u00e9s m\u0171sorvezet\u0151jek\u00e9nt \u00e9vek \u00f3ta a csatorna arca. \u0150sszel \u00faj szerepben is bemutatkozik: szeptembert\u0151l az ATV Start m\u0171sorvezet\u0151jek\u00e9nt is kamer\u00e1k el\u00e9 \u00e1ll.<\/p>\n<p>\u201eNagyon megtisztel\u0151nek \u00e9reztem, mikor N\u00e9meth S. Szil\u00e1rd, az ATV vez\u00e9rigazgat\u00f3ja megkeresett a feladattal. Nagy b\u00fcszkes\u00e9ggel t\u00f6lt el, hogy a Start m\u0171sorvezet\u0151i csapat\u00e1hoz csatlakozhatok. A H\u00edrad\u00f3ban tov\u00e1bbra is l\u00e1thatnak a n\u00e9z\u0151k, az \u00faj kih\u00edv\u00e1s pedig nagyon motiv\u00e1l. \u00dagy gondolom, a k\u00f6z\u00e9leti m\u0171sorban hasznos\u00edthatom majd a riporterk\u00e9nt szerzett tud\u00e1somat, emellett pedig folyamatosan k\u00e9sz\u00fcl\u00f6k a deb\u00fct\u00e1l\u00e1sra, \u00e9s igyekszem feln\u0151ni a feladathoz. A hajnali \u00e9bred\u00e9sek nem fognak gondot okozni, a reggel 6 \u00f3rai h\u00edrad\u00f3k m\u00e1r megedzettek\u201d \u2013 mondta Benke L\u00facia.<\/p>\n<p>Az ATV Start meg\u00fajul\u00e1s\u00e1val a csatorna a tapasztalt telev\u00edzi\u00f3s szakemberek mellett a fiatal \u00fajs\u00e1g\u00edr\u00f3i gener\u00e1ci\u00f3 kiemelked\u0151 k\u00e9pvisel\u0151inek is nagyobb teret ad \u2013 \u00edrj\u00e1k k\u00f6zlem\u00e9ny\u00fckben. A nagy n\u00e9zetts\u00e9g\u0171, pr\u00e9mium k\u00f6z\u00e9leti reggeli m\u0171sorban a legfontosabb k\u00f6z\u00fcgyek \u00e9s aktu\u00e1lis t\u00e1rsadalmi k\u00e9rd\u00e9sek mellett kultur\u00e1lis t\u00e9m\u00e1k, valamint a k\u00f6z\u00e9let meghat\u00e1roz\u00f3 szerepl\u0151i is rendszeresen megjelennek.<\/p>\n","protected":false},"excerpt":{"rendered":"Szeptembert\u0151l meg\u00fajult csapattal folytatja az ATV Start. A nagy n\u00e9zetts\u00e9g\u0171 reggeli m\u0171sor szakmai ir\u00e1ny\u00edt\u00e1s\u00e1t Szirmay D\u00e1vid l\u00e1tja el&hellip;\n","protected":false},"author":2,"featured_media":231130,"comment_status":"","ping_status":"","sticky":false,"template":"","format":"standard","meta":{"footnotes":"","_share_on_mastodon":"0"},"categories":[33],"tags":[2384,37769,61076,38,35,37,44,42,40,43,41,203,34,235,36,61077,39],"class_list":["post-231129","post","type-post","status-publish","format-standard","has-post-thumbnail","category-hirek","tag-atv","tag-atv-start","tag-benke-lucia","tag-focimek","tag-headlines","tag-hirek","tag-hu","tag-hungarian","tag-hungary","tag-magyar","tag-magyarorszag","tag-musorvezeto","tag-news","tag-sztarok","tag-top-stories","tag-torok-reka","tag-vezeto-hirek"],"share_on_mastodon":{"url":"https:\/\/pubeurope.com\/@hu\/117206314575598854","error":""},"_links":{"self":[{"href":"https:\/\/www.europesays.com\/hu\/wp-json\/wp\/v2\/posts\/231129","targetHints":{"allow":["GET"]}}],"collection":[{"href":"https:\/\/www.europesays.com\/hu\/wp-json\/wp\/v2\/posts"}],"about":[{"href":"https:\/\/www.europesays.com\/hu\/wp-json\/wp\/v2\/types\/post"}],"author":[{"embeddable":true,"href":"https:\/\/www.europesays.com\/hu\/wp-json\/wp\/v2\/users\/2"}],"replies":[{"embeddable":true,"href":"https:\/\/www.europesays.com\/hu\/wp-json\/wp\/v2\/comments?post=231129"}],"version-history":[{"count":0,"href":"https:\/\/www.europesays.com\/hu\/wp-json\/wp\/v2\/posts\/231129\/revisions"}],"wp:featuredmedia":[{"embeddable":true,"href":"https:\/\/www.europesays.com\/hu\/wp-json\/wp\/v2\/media\/231130"}],"wp:attachment":[{"href":"https:\/\/www.europesays.com\/hu\/wp-json\/wp\/v2\/media?parent=231129"}],"wp:term":[{"taxonomy":"category","embeddable":true,"href":"https:\/\/www.europesays.com\/hu\/wp-json\/wp\/v2\/categories?post=231129"},{"taxonomy":"post_tag","embeddable":true,"href":"https:\/\/www.europesays.com\/hu\/wp-json\/wp\/v2\/tags?post=231129"}],"curies":[{"name":"wp","href":"https:\/\/api.w.org\/{rel}","templated":true}]}}