{"id":231161,"date":"2026-09-03T09:41:11","date_gmt":"2026-09-03T09:41:11","guid":{"rendered":"https:\/\/www.europesays.com\/hu\/231161\/"},"modified":"2026-09-03T09:41:11","modified_gmt":"2026-09-03T09:41:11","slug":"index-futball-futball-1155","status":"publish","type":"post","link":"https:\/\/www.europesays.com\/hu\/231161\/","title":{"rendered":"Index &#8211; Futball &#8211; Futball"},"content":{"rendered":"<p>A helyi sport\u00e1gi sz\u00f6vets\u00e9g (AFA) bejelent\u00e9se szerint a k\u00f6vetkez\u0151 bajnoki fordul\u00f3ban minden f\u00e9rfi \u00e9s n\u0151i, futsal- \u00e9s strandlabdar\u00fag\u00f3-m\u00e9rk\u0151z\u00e9st megszak\u00edtanak a 10. percben \u2013 <a href=\"https:\/\/index.hu\/sport\/futball\/2026\/08\/31\/lionel-messi-labdarugas-argentin-valogatott-visszavonulas\/\" id=\"hyperlink_061fa03a4fe9fd59243863b0e39feca2\" target=\"_blank\" title=\"Lionel Messi bejelentette azt, amit\u0151l minden argentin f\u00e9lt: visszavonul a v\u00e1logatott\u00f3l\" data-recommendation=\"bekezdes_utan\" data-recommendation-preview=\"{&quot;og:title&quot;:&quot;Lionel Messi bejelentette azt, amit\\u0151l minden argentin f\u00e9lt: visszavonul a v\u00e1logatott\u00f3l&quot;,&quot;og:description&quot;:&quot;Nagyon f\u00e1j sz\u00e1m\u00e1ra, de meg kellett hoznia ezt a d\u00f6nt\u00e9st.&quot;,&quot;og:image&quot;:&quot;\\\/\\\/kep.cdn.indexvas.hu\\\/1\\\/0\\\/7135\\\/71354\\\/713544\\\/71354433_5261727_a3d05b9a2eac420cdd4edf28b522b85a_wm.jpg&quot;}\" data-recommendation-id=\"6270601\" rel=\"nofollow noopener\">Messi mezsz\u00e1m\u00e1ra utalva<\/a> \u2013, majd egyperces tapssal k\u00f6sz\u00f6nik meg a 2022-es vil\u00e1gbajnok t\u00e1mad\u00f3 v\u00e1logatott\u00e9rt tett \u201eszolg\u00e1latait\u201d.<\/p>\n<p>Messi a nemzeti csapatban 2005. augusztus 17-\u00e9n, Budapesten l\u00e9pett el\u0151sz\u00f6r p\u00e1ly\u00e1ra cserek\u00e9nt, de k\u00f6ny\u00f6kl\u00e9s\u00e9rt egy perc ut\u00e1n piros lapot kapott. C\u00edmeres mezben az utols\u00f3 tal\u00e1lkoz\u00f3ja az idei vb d\u00f6nt\u0151je volt, amelyet a d\u00e9l-amerikai egy\u00fcttes hosszabb\u00edt\u00e1sban 1\u20130-ra elvesz\u00edtett Spanyolorsz\u00e1ggal szemben. A nyolcszoros aranylabd\u00e1s futballista 207-szer j\u00e1tszott a v\u00e1logatottban, 125 g\u00f3lt szerzett, 2022-ben csapatkapit\u00e1nya volt a vil\u00e1gbajnok egy\u00fcttesnek \u2013 az idei el\u0151tt 2014-ben is vb-d\u00f6nt\u0151s volt \u2013, illetve k\u00e9tszer nyert Copa Am\u00e9ric\u00e1t.<\/p>\n<p>A most 39 \u00e9ves Messi egy\u00e9bk\u00e9nt h\u00e9tf\u0151n m\u00e1r m\u00e1sodszor mondta le a v\u00e1logatotts\u00e1got, el\u0151sz\u00f6r 2016-ban, amikor Argent\u00edna tizenegyesp\u00e1rbajban kikapott Chil\u00e9t\u0151l a Copa Am\u00e9rica d\u00f6nt\u0151j\u00e9ben. Az argentinok k\u00f6z\u00fcl ketten hib\u00e1ztak, az egyik Messi volt. Mindezt k\u00e9t \u00e9vvel a braz\u00edliai vb-d\u00f6nt\u0151 ut\u00e1n, amelyben a n\u00e9metekkel szemben hosszabb\u00edt\u00e1sban maradtak alul. Messi csal\u00f3d\u00e1sk\u00e9nt \u00e9lte meg az \u00fajabb elvesz\u00edtett fin\u00e1l\u00e9t, mert haz\u00e1j\u00e1ban \u00e9vek \u00f3ta mindenki azt v\u00e1rta t\u0151le, gy\u0151zelmekre vezeti az argentin v\u00e1logatottat. Ezt v\u00e9g\u00fcl siker\u00fclt megval\u00f3s\u00edtania, de csak azt k\u00f6vet\u0151en, hogy visszavonta a visszavonul\u00e1s\u00e1val kapcsolatos kor\u00e1bbi elhat\u00e1roz\u00e1s\u00e1t.<\/p>\n<p>A csat\u00e1r klubszinten 2023 nyara \u00f3ta az Inter Miami j\u00e1t\u00e9kosa, amellyel 2028 december v\u00e9g\u00e9ig \u00e9rv\u00e9nyes a szerz\u0151d\u00e9se. El\u0151tte 2021-ig az FC Barcelon\u00e1ban futballozott, amellyel n\u00e9gyszer nyert Bajnokok Lig\u00e1j\u00e1t, a k\u00f6ztes k\u00e9t \u00e9vben pedig a Paris Saint-Germaint er\u0151s\u00edtette, \u00edrja az MTI.<\/p>\n<p><a href=\"https:\/\/dex.hu\/x.php?id=googlepref_desktop&amp;url=https:\/\/google.com\/preferences\/source?q=https:\/\/index.hu\" class=\"google-pref-banner \" id=\"googlePrefBanner\" rel=\"nofollow noopener\" target=\"_blank\"><\/p>\n<p>    Itt \u00e1ll\u00edtsa be, hogy az Index az els\u0151k k\u00f6z\u00f6tt legyen a Google-tal\u00e1latokban!<\/p>\n<p><\/a><\/p>\n<p>                <a href=\"https:\/\/konyvek.index.hu\/\" target=\"_blank\" rel=\"nofollow noopener\"><br \/>\n                <img decoding=\"async\" src=\"https:\/\/index.hu\/assets\/images\/konyvajanlo\/book_indapress\/book_indapress_logo.svg\" loading=\"lazy\" alt=\"Inda Press Kiad\u00f3\"\/><br \/>\n                <\/a><\/p>\n<p>                <img decoding=\"async\" src=\"https:\/\/www.europesays.com\/hu\/wp-content\/uploads\/2026\/09\/1788428468_527_rossi.png\" loading=\"lazy\" alt=\"Rossi\"\/><\/p>\n<p>Ismerd meg a magyar labdar\u00fag\u00e1s h\u0151s\u00e9nek eml\u00e9kezetes pillanatait!<br \/>Folytassa, Mister!<\/p>\n<p>                <a class=\"book_index_btn\" href=\"https:\/\/indexadhu.hit.gemius.pl\/hitredir\/id=nSCbubuYpDWJZLZs0TssLrbt33Lk5kbipuiZrkg89G3.g7\/stparam=uciklwjurk\/fastid=efdamtuhsxcjschvtzobuxredglq\/nc=0\/url=https:\/\/www.indapresskiado.hu\/products\/marco-rossi?_pos=1&amp;_psq=rossi&amp;_ss=e&amp;_v=1.0\" target=\"_blank\" rel=\"nofollow noopener\">MEGVESZEM<\/a><\/p>\n<p>    <img loading=\"lazy\" decoding=\"async\" src=\"https:\/\/www.europesays.com\/hu\/wp-content\/uploads\/2026\/09\/1788428470_315_nc=0.gif\" border=\"0\" height=\"0\" width=\"0\"\/><\/p>\n<p>    <img decoding=\"async\" src=\"https:\/\/index.hu\/assets\/images\/social-follow\/logo-big.svg\" alt=\"Index.hu logo\"\/><\/p>\n<p>K\u00f6vesse az Indexet Facebookon is!<\/p>\n<p>    <a href=\"https:\/\/facebook.com\/Indexhu\" target=\"_blank\" rel=\"nofollow noopener\"><\/p>\n<p>        K\u00f6vetem!<br \/>\n    <\/a><\/p>\n","protected":false},"excerpt":{"rendered":"A helyi sport\u00e1gi sz\u00f6vets\u00e9g (AFA) bejelent\u00e9se szerint a k\u00f6vetkez\u0151 bajnoki fordul\u00f3ban minden f\u00e9rfi \u00e9s n\u0151i, futsal- \u00e9s strandlabdar\u00fag\u00f3-m\u00e9rk\u0151z\u00e9st&hellip;\n","protected":false},"author":2,"featured_media":231162,"comment_status":"","ping_status":"","sticky":false,"template":"","format":"standard","meta":{"footnotes":"","_share_on_mastodon":"0"},"categories":[14],"tags":[21922,9414,44,42,40,502,1981,43,41,45,131],"class_list":["post-231161","post","type-post","status-publish","format-standard","has-post-thumbnail","category-sport","tag-argentin-bajnoksag","tag-argentin-valogatott","tag-hu","tag-hungarian","tag-hungary","tag-labdarugas","tag-lionel-messi","tag-magyar","tag-magyarorszag","tag-sport","tag-sports"],"share_on_mastodon":{"url":"https:\/\/pubeurope.com\/@hu\/117206456109528187","error":""},"_links":{"self":[{"href":"https:\/\/www.europesays.com\/hu\/wp-json\/wp\/v2\/posts\/231161","targetHints":{"allow":["GET"]}}],"collection":[{"href":"https:\/\/www.europesays.com\/hu\/wp-json\/wp\/v2\/posts"}],"about":[{"href":"https:\/\/www.europesays.com\/hu\/wp-json\/wp\/v2\/types\/post"}],"author":[{"embeddable":true,"href":"https:\/\/www.europesays.com\/hu\/wp-json\/wp\/v2\/users\/2"}],"replies":[{"embeddable":true,"href":"https:\/\/www.europesays.com\/hu\/wp-json\/wp\/v2\/comments?post=231161"}],"version-history":[{"count":0,"href":"https:\/\/www.europesays.com\/hu\/wp-json\/wp\/v2\/posts\/231161\/revisions"}],"wp:featuredmedia":[{"embeddable":true,"href":"https:\/\/www.europesays.com\/hu\/wp-json\/wp\/v2\/media\/231162"}],"wp:attachment":[{"href":"https:\/\/www.europesays.com\/hu\/wp-json\/wp\/v2\/media?parent=231161"}],"wp:term":[{"taxonomy":"category","embeddable":true,"href":"https:\/\/www.europesays.com\/hu\/wp-json\/wp\/v2\/categories?post=231161"},{"taxonomy":"post_tag","embeddable":true,"href":"https:\/\/www.europesays.com\/hu\/wp-json\/wp\/v2\/tags?post=231161"}],"curies":[{"name":"wp","href":"https:\/\/api.w.org\/{rel}","templated":true}]}}