{"id":231202,"date":"2026-09-03T10:16:17","date_gmt":"2026-09-03T10:16:17","guid":{"rendered":"https:\/\/www.europesays.com\/hu\/231202\/"},"modified":"2026-09-03T10:16:17","modified_gmt":"2026-09-03T10:16:17","slug":"open-markets-day-2026-english","status":"publish","type":"post","link":"https:\/\/www.europesays.com\/hu\/231202\/","title":{"rendered":"Open Markets Day 2026 &#8211; English"},"content":{"rendered":"<p>Open Markets Day 2026 takes place on 18 &#8211; 19 September, with several Budapest markets joining the programme, including those at Teleki t\u00e9r, F\u00e9ny utca, F\u0151v\u00e1m t\u00e9r, Feh\u00e9rv\u00e1ri \u00fat and R\u00e1k\u00f3czi t\u00e9r. This year\u2019s event is all about breakfast, with tastings featuring fresh fruit and vegetables, cheeses, cold cuts, baked goods, pickles and homemade specialities. At Teleki t\u00e9r, visitors can sample breakfast dishes from different cultures, while vendors at the participating market halls will serve up classic market-style breakfasts.<\/p>\n<p>&#13;<br \/>\n&#13;<\/p>\n<p>(Cover photo: Poly\u00e1k Attila &#8211; We Love Budapest)<\/p>\n<p>&#13;<br \/>\n&#13;<\/p>\n<p>\u00a0<\/p>\n<p><a href=\"https:\/\/dex.hu\/x.php?id=googlepref_desktop_welovebudapest&amp;url=https:\/\/google.com\/preferences\/source?q=https:\/\/welovebudapest.com\/\" class=\"google-pref-banner \" id=\"googlePrefBanner\" rel=\"nofollow noopener\" target=\"_blank\"><\/p>\n<p>        \u00c1ll\u00edtsd be a Google keres\u0151j\u00e9t, hogy a tal\u00e1latok k\u00f6z\u00f6tt biztos ott legyen a We Love Budapest!    <\/p>\n<p><\/a><\/p>\n<p>        <img decoding=\"async\" class=\"wlbkonyv-ajanlo_img\" src=\"https:\/\/www.europesays.com\/hu\/wp-content\/uploads\/2026\/09\/1788430577_820_71107885_0d706056e4c2d5770ec30c3bc3ac7603_wm.jpg\" alt=\"\" style=\"\"\/><\/p>\n<p class=\"wlbkonyv-ajanlo_promocio\">hirdet\u00e9s<\/p>\n<p>                Tags            <\/p>\n","protected":false},"excerpt":{"rendered":"Open Markets Day 2026 takes place on 18 &#8211; 19 September, with several Budapest markets joining the programme,&hellip;\n","protected":false},"author":2,"featured_media":231203,"comment_status":"","ping_status":"","sticky":false,"template":"","format":"standard","meta":{"footnotes":"","_share_on_mastodon":"0"},"categories":[22],"tags":[73,13291,61085,61086,44,42,40,43,41,30990,61084,3816,6237],"class_list":["post-231202","post","type-post","status-publish","format-standard","has-post-thumbnail","category-budapest","tag-budapest","tag-english","tag-fair-market","tag-free-programmes","tag-hu","tag-hungarian","tag-hungary","tag-magyar","tag-magyarorszag","tag-market","tag-open-market-day","tag-piac","tag-shopping"],"share_on_mastodon":{"url":"https:\/\/pubeurope.com\/@hu\/117206593241597506","error":""},"_links":{"self":[{"href":"https:\/\/www.europesays.com\/hu\/wp-json\/wp\/v2\/posts\/231202","targetHints":{"allow":["GET"]}}],"collection":[{"href":"https:\/\/www.europesays.com\/hu\/wp-json\/wp\/v2\/posts"}],"about":[{"href":"https:\/\/www.europesays.com\/hu\/wp-json\/wp\/v2\/types\/post"}],"author":[{"embeddable":true,"href":"https:\/\/www.europesays.com\/hu\/wp-json\/wp\/v2\/users\/2"}],"replies":[{"embeddable":true,"href":"https:\/\/www.europesays.com\/hu\/wp-json\/wp\/v2\/comments?post=231202"}],"version-history":[{"count":0,"href":"https:\/\/www.europesays.com\/hu\/wp-json\/wp\/v2\/posts\/231202\/revisions"}],"wp:featuredmedia":[{"embeddable":true,"href":"https:\/\/www.europesays.com\/hu\/wp-json\/wp\/v2\/media\/231203"}],"wp:attachment":[{"href":"https:\/\/www.europesays.com\/hu\/wp-json\/wp\/v2\/media?parent=231202"}],"wp:term":[{"taxonomy":"category","embeddable":true,"href":"https:\/\/www.europesays.com\/hu\/wp-json\/wp\/v2\/categories?post=231202"},{"taxonomy":"post_tag","embeddable":true,"href":"https:\/\/www.europesays.com\/hu\/wp-json\/wp\/v2\/tags?post=231202"}],"curies":[{"name":"wp","href":"https:\/\/api.w.org\/{rel}","templated":true}]}}