{"id":231230,"date":"2026-09-03T10:43:12","date_gmt":"2026-09-03T10:43:12","guid":{"rendered":"https:\/\/www.europesays.com\/hu\/231230\/"},"modified":"2026-09-03T10:43:12","modified_gmt":"2026-09-03T10:43:12","slug":"itthon-magyar-peter-kiugroan-magas-lesz-az-augusztusi-koltsegvetesi-hiany","status":"publish","type":"post","link":"https:\/\/www.europesays.com\/hu\/231230\/","title":{"rendered":"Itthon: Magyar P\u00e9ter: Kiugr\u00f3an magas lesz az augusztusi k\u00f6lts\u00e9gvet\u00e9si hi\u00e1ny"},"content":{"rendered":"<p>Cs\u00fct\u00f6rt\u00f6k\u00f6n d\u00e9lel\u0151tt Baka Andr\u00e1s k\u00f6zt\u00e1rsas\u00e1gi eln\u00f6kkel tal\u00e1lkozik a S\u00e1ndor-palot\u00e1ban Magyar P\u00e9ter, aki korm\u00e1nya els\u0151 100 napj\u00e1nak eredm\u00e9nyeir\u0151l sz\u00e1mol be az \u00e1llamf\u0151nek. Kiemelte, hogy az uni\u00f3s forr\u00e1sokhoz kapcsol\u00f3d\u00f3 \u00f6sszes felt\u00e9telt teljes\u00edtett\u00e9k, ez\u00e9rt \u201ea gazdas\u00e1gfejleszt\u00e9si programok, a v\u00e1llalatokat \u00e9s a lakoss\u00e1got t\u00e1mogat\u00f3 p\u00e1ly\u00e1zatok ki\u00edr\u00e1sa, az eg\u00e9szs\u00e9g\u00fcgyet, oktat\u00e1st \u00e9s a k\u00f6zleked\u00e9st fejleszt\u0151 programok elind\u00edt\u00e1sa mellett<\/p>\n<p>az a feladatunk \u0151sszel, hogy fogadjuk az Eur\u00f3pai Uni\u00f3t\u00f3l \u00e9rkez\u0151 ezermilli\u00e1rdokat.<\/p>\n<p>Magyar a Facebookra felt\u00f6lt\u00f6tt <a href=\"https:\/\/www.facebook.com\/reel\/2985651548442418\" target=\"_blank\" rel=\"nofollow noopener\">vide\u00f3j\u00e1ban <\/a>besz\u00e9lt arr\u00f3l is, hogy augusztusban a korm\u00e1nynak t\u00f6bb ter\u00fcleten meg kellett el\u0151legeznie az uni\u00f3s t\u00e1mogat\u00e1sokat,<\/p>\n<p class=\"highlighted\">emiatt az augusztusi k\u00f6lts\u00e9gvet\u00e9si hi\u00e1ny v\u00e1rhat\u00f3an kiugr\u00f3an magas lesz.<\/p>\n<p> <a href=\"https:\/\/hvg.hu\/gazdasag\/20260902_euro-bevezetes-menetrend-inflacio-hiany-trippon-mariann\" target=\"_self\" rel=\"nofollow noopener\"> <\/p>\n<p>https:\/\/hvg.hu\/gazdasag\/20260902_euro-bevezetes-menetrend-inflacio-hiany-trippon-mariann<\/p>\n<p>Hozz\u00e1tette, hogy \u0151sszel meg\u00e9rkeznek az uni\u00f3s p\u00e9nzek az \u00e1llamkincst\u00e1r sz\u00e1ml\u00e1j\u00e1ra, ezzel pedig \u00edg\u00e9rete szerint vissza\u00e1ll majd a tervezett cs\u00f6kken\u0151 p\u00e1ly\u00e1ra a k\u00f6lts\u00e9gvet\u00e9si hi\u00e1ny.<\/p>\n<p>A korm\u00e1ny szerd\u00e1n \u00fcl\u00e9sezett, a friss d\u00f6nt\u00e9sekr\u0151l b\u0151vebben a cs\u00fct\u00f6rt\u00f6ki sajt\u00f3t\u00e1j\u00e9koztat\u00f3n sz\u00e1mol be a minisztereln\u00f6k \u00e9s a korm\u00e1nysz\u00f3viv\u0151k. Sz\u00f3 lesz <a href=\"https:\/\/hvg.hu\/gazdasag\/20260903_magyar-peter-mohu-hulladekgazdalkodas-rendszer-teljes-felulvizsgalat\" target=\"_self\" rel=\"nofollow noopener\">a hullad\u00e9kgazd\u00e1lkod\u00e1si rendszer fel\u00fclvizsg\u00e1lat\u00e1r\u00f3l<\/a>, illetve gyermekv\u00e9delmi t\u00e9m\u00e1kr\u00f3l. <\/p>\n<p>Magyar megeml\u00edtette, hogy a korm\u00e1ny\u00fcl\u00e9sen a szoci\u00e1lis- \u00e9s csal\u00e1d\u00fcgyi miniszter, K\u00e1tai-N\u00e9meth Vilmos jelent\u00e9st tett a bicskei gyermekotthonban t\u00f6rt\u00e9ntekr\u0151l, valamint a \u201eteljes gyermekv\u00e9delem \u00e1ldatlan \u00e9s embertelen \u00e1llapotair\u00f3l\u201d besz\u00e9lt. A korm\u00e1ny m\u00e9g az els\u0151, m\u00e1jusban kiadott <a href=\"https:\/\/hvg.hu\/itthon\/20260514_vizsgalat-sor-elrendel-kormany-hatarozat-kozlony\" target=\"_self\" rel=\"nofollow noopener\">hat\u00e1rozatban <\/a>augusztus v\u00e9gi hat\u00e1rid\u0151t szabott mag\u00e1nak arra, hogy \u201ea bicskei Kossuth Zsuzsa Gyermekotthon \u00e9s \u00c1ltal\u00e1nos Iskol\u00e1ban 2005 \u00e9s 2025 k\u00f6z\u00f6tt t\u00f6rt\u00e9nt jogs\u00e9rt\u00e9seket\u201d teljesk\u00f6r\u0171en, soron k\u00edv\u00fcl kivizsg\u00e1lja.<\/p>\n<p> <a href=\"https:\/\/hvg.hu\/itthon\/20260819_ehezes-szexualis-bantalmazas-gyermekotthon-jelentes-orban-kormany-ellenorzes\" target=\"_self\" rel=\"nofollow noopener\"> <\/p>\n<p>https:\/\/hvg.hu\/itthon\/20260819_ehezes-szexualis-bantalmazas-gyermekotthon-jelentes-orban-kormany-ellenorzes<\/p>\n<p>Magyar szerint szerd\u00e1n eld\u00f6nt\u00f6tt\u00e9k, hogy a gyermekv\u00e9delembe azonnal pluszforr\u00e1sokat csoportos\u00edtanak \u00e1t, j\u00f6v\u0151 h\u00e9ten pedig \u00fajabb 10 milli\u00e1rdot k\u00fcl\u00f6n\u00edthetnek el a szektor t\u00e1mogat\u00e1s\u00e1ra \u00e9s fejleszt\u00e9s\u00e9re. Ugyancsak d\u00f6nt\u00e9st hoztak a \u201ekaszin\u00f3koncesszi\u00f3 \u00fcgy\u00e9ben\u201d, elindul a doh\u00e1nykoncesszi\u00f3 teljes \u00e1talak\u00edt\u00e1sa, \u00e9s egy f\u00e1s\u00edt\u00e1si program, amelynek keret\u00e9ben t\u00f6bb milli\u00f3 f\u00e1t telep\u00edtenek.<\/p>\n<p class=\"highlighted\">A t\u0171zifa \u00e1r\u00e1t az \u00e1llami erd\u0151gazd\u00e1lkod\u00e1sokn\u00e1l befagyasztj\u00e1k a lakoss\u00e1gi vev\u0151k sz\u00e1m\u00e1ra, a 2026. janu\u00e1r 1-i \u00e1rakon lesz el\u00e9rhet\u0151.<\/p>\n<p>Egy friss korm\u00e1nyd\u00f6nt\u00e9s \u00e9rtelm\u00e9ben 2027. janu\u00e1r 1-t\u0151l megemelik a megv\u00e1ltozott munkak\u00e9pess\u00e9g\u0171ek ell\u00e1t\u00e1s\u00e1t, az int\u00e9zked\u00e9s Magyar szerint t\u00f6bb sz\u00e1zezer embert \u00e9rint.<\/p>\n<p>Nyit\u00f3k\u00e9p: HVG \/ Cabrera Martin<\/p>\n","protected":false},"excerpt":{"rendered":"Cs\u00fct\u00f6rt\u00f6k\u00f6n d\u00e9lel\u0151tt Baka Andr\u00e1s k\u00f6zt\u00e1rsas\u00e1gi eln\u00f6kkel tal\u00e1lkozik a S\u00e1ndor-palot\u00e1ban Magyar P\u00e9ter, aki korm\u00e1nya els\u0151 100 napj\u00e1nak eredm\u00e9nyeir\u0151l sz\u00e1mol&hellip;\n","protected":false},"author":2,"featured_media":231231,"comment_status":"","ping_status":"","sticky":false,"template":"","format":"standard","meta":{"footnotes":"","_share_on_mastodon":"0"},"categories":[33],"tags":[91,38,2596,35,37,44,42,40,23149,32233,33862,43,944,41,34,36,30471,39],"class_list":["post-231230","post","type-post","status-publish","format-standard","has-post-thumbnail","category-hirek","tag-belpolitika","tag-focimek","tag-gyermekvedelem","tag-headlines","tag-hirek","tag-hu","tag-hungarian","tag-hungary","tag-koltsegvetesi-hiany","tag-koncesszio","tag-kormanydontes","tag-magyar","tag-magyar-peter","tag-magyarorszag","tag-news","tag-top-stories","tag-tuzifa","tag-vezeto-hirek"],"share_on_mastodon":{"url":"https:\/\/pubeurope.com\/@hu\/117206699837846042","error":""},"_links":{"self":[{"href":"https:\/\/www.europesays.com\/hu\/wp-json\/wp\/v2\/posts\/231230","targetHints":{"allow":["GET"]}}],"collection":[{"href":"https:\/\/www.europesays.com\/hu\/wp-json\/wp\/v2\/posts"}],"about":[{"href":"https:\/\/www.europesays.com\/hu\/wp-json\/wp\/v2\/types\/post"}],"author":[{"embeddable":true,"href":"https:\/\/www.europesays.com\/hu\/wp-json\/wp\/v2\/users\/2"}],"replies":[{"embeddable":true,"href":"https:\/\/www.europesays.com\/hu\/wp-json\/wp\/v2\/comments?post=231230"}],"version-history":[{"count":0,"href":"https:\/\/www.europesays.com\/hu\/wp-json\/wp\/v2\/posts\/231230\/revisions"}],"wp:featuredmedia":[{"embeddable":true,"href":"https:\/\/www.europesays.com\/hu\/wp-json\/wp\/v2\/media\/231231"}],"wp:attachment":[{"href":"https:\/\/www.europesays.com\/hu\/wp-json\/wp\/v2\/media?parent=231230"}],"wp:term":[{"taxonomy":"category","embeddable":true,"href":"https:\/\/www.europesays.com\/hu\/wp-json\/wp\/v2\/categories?post=231230"},{"taxonomy":"post_tag","embeddable":true,"href":"https:\/\/www.europesays.com\/hu\/wp-json\/wp\/v2\/tags?post=231230"}],"curies":[{"name":"wp","href":"https:\/\/api.w.org\/{rel}","templated":true}]}}