{"id":231240,"date":"2026-09-03T10:54:16","date_gmt":"2026-09-03T10:54:16","guid":{"rendered":"https:\/\/www.europesays.com\/hu\/231240\/"},"modified":"2026-09-03T10:54:16","modified_gmt":"2026-09-03T10:54:16","slug":"napenergia-kontra-szen-kina-tortenelmet-irt-europa-kullog-mogotte","status":"publish","type":"post","link":"https:\/\/www.europesays.com\/hu\/231240\/","title":{"rendered":"Napenergia kontra sz\u00e9n: K\u00edna t\u00f6rt\u00e9nelmet \u00edrt, Eur\u00f3pa kullog m\u00f6g\u00f6tte"},"content":{"rendered":"<p>Devenyi Dalma | 2026.09.03. 05:35<\/p>\n<p>\tK\u00edn\u00e1ban rekordtemp\u00f3ban n\u0151 a meg\u00fajul\u00f3k kapacit\u00e1sa, mik\u00f6zben a sz\u00e9n s\u00falya folyamatosan cs\u00f6kken.<\/p>\n<p>\u00a0<\/p>\n<p>K\u00edna napenergia-kapacit\u00e1sa most el\u0151sz\u00f6r haladta meg a sz\u00e9nt\u00fczel\u00e9s\u0171 er\u0151m\u0171vek\u00e9t. A k\u00ednai Nemzeti Energia\u00fcgyi Hivatal (NEA) adatai szerint j\u00falius v\u00e9g\u00e9re az orsz\u00e1g be\u00e9p\u00edtett naper\u0151m\u0171vi kapacit\u00e1sa el\u00e9rte az 1,286 milli\u00e1rd kilowattot, mik\u00f6zben a sz\u00e9ner\u0151m\u0171vek kapacit\u00e1sa 1,285 milli\u00e1rd kilowatt volt \u2013 \u00edrja az <a href=\"https:\/\/www.euronews.com\/2026\/09\/01\/solar-outpaces-coal-for-the-first-time-in-china-how-does-europe-compare\" target=\"_blank\" rel=\"noopener nofollow\">Euronews<\/a>.<\/p>\n<p>\u00a0<\/p>\n<p>Egyre gyorsabban b\u0151v\u00fcl a meg\u00fajul\u00f3 energia<\/p>\n<p>A sz\u00e9n \u00e9vtizedek \u00f3ta K\u00edna meghat\u00e1roz\u00f3 energiaforr\u00e1sa, \u00e9s tov\u00e1bbra is fontos szerepet j\u00e1tszik az \u00e1ramell\u00e1t\u00e1sban. Ugyanakkor a sz\u00e9ner\u0151m\u0171vek termel\u00e9se 2025-ben k\u00f6zel 2 sz\u00e1zal\u00e9kkal cs\u00f6kkent annak ellen\u00e9re, hogy az orsz\u00e1g villamosenergia-ig\u00e9nye tov\u00e1bb n\u0151tt.<\/p>\n<p style=\"padding-left: 40px;\">Ez hat \u00e9v ut\u00e1n el\u0151sz\u00f6r jelentett visszaes\u00e9st, \u00e9s elemz\u0151k szerint t\u00f6rt\u00e9nelmi jelent\u0151s\u00e9g\u0171, hogy a sz\u00e9nfelhaszn\u00e1l\u00e1s cs\u00f6kkent a n\u00f6vekv\u0151 \u00e1ramkereslet mellett.<\/p>\n<p><a href=\"https:\/\/nrgreport.com\/cikk\/2026\/04\/27\/kina-uj-atomoriasa-elindult-evi-9-milliard-kwh-aramot-ad-a-regionak\/\" target=\"_blank\" rel=\"noopener nofollow\">K\u00edna<\/a> k\u00f6zben rekordtemp\u00f3ban telep\u00edti a <a href=\"https:\/\/nrgreport.com\/cikk\/2026\/07\/21\/harom-gyakori-tevhit-a-megujulo-energiarol\/\" target=\"_blank\" rel=\"noopener nofollow\">meg\u00fajul\u00f3<\/a> energiaforr\u00e1sokat. Tavaly 315 gigawatt \u00faj naper\u0151m\u0171vi \u00e9s 119 gigawatt sz\u00e9ler\u0151m\u0171vi kapacit\u00e1st \u00e9p\u00edtett ki. Ez az \u00f6sszes \u00fajonnan telep\u00edtett energiatermel\u0151 kapacit\u00e1s t\u00f6bb mint 80 sz\u00e1zal\u00e9k\u00e1t tette ki.<\/p>\n<p>Peking 2030-ig tet\u0151zni szeretn\u00e9 sz\u00e9n-dioxid-kibocs\u00e1t\u00e1s\u00e1t, 2060-ra pedig karbonsemlegess\u00e9get \u00edg\u00e9r.<\/p>\n<p>\u00a0<\/p>\n<p>Eur\u00f3pa m\u00e9g jelent\u0151s lemarad\u00e1sban van<\/p>\n<p>K\u00edna el\u0151nye Eur\u00f3p\u00e1val szemben nemcsak a beruh\u00e1z\u00e1sok m\u00e9ret\u00e9ben, hanem az ipari h\u00e1tt\u00e9rben is jelent\u0151s. 2023-ban K\u00edna \u00f6nmag\u00e1ban 180-230 gigawatt naper\u0151m\u0171vi kapacit\u00e1st telep\u00edtett, mik\u00f6zben Eur\u00f3pa \u00f6sszes orsz\u00e1ga egy\u00fctt 58 gigawattot.<\/p>\n<p style=\"padding-left: 40px;\">A gyorsabb \u00e9s olcs\u00f3bb k\u00ednai fejleszt\u00e9seket seg\u00edti, hogy az orsz\u00e1g meghat\u00e1roz\u00f3 szerepl\u0151je a tisztaenergia-technol\u00f3gi\u00e1k gy\u00e1rt\u00e1s\u00e1nak \u00e9s szabadalmainak, mik\u00f6zben a munkaer\u0151k\u00f6lts\u00e9gek is alacsonyabbak.<\/p>\n<p>Az eur\u00f3pai lemarad\u00e1st az el\u00f6reged\u0151 <a href=\"https:\/\/nrgreport.com\/cikk\/2026\/07\/27\/negativ-az-aram-ara-megsem-fizetnek-nekunk-erte-mi-tortenik-valojaban\/\" target=\"_blank\" rel=\"noopener nofollow\">villamosenergia<\/a>-h\u00e1l\u00f3zat is nehez\u00edti. K\u00edna h\u00e1l\u00f3zata hat\u00e9konyabban k\u00e9pes kezelni a k\u00fcl\u00f6nb\u00f6z\u0151 energiaforr\u00e1sokb\u00f3l \u00e9rkez\u0151 termel\u00e9st, m\u00edg Eur\u00f3p\u00e1ban a h\u00e1l\u00f3zat korszer\u0171s\u00edt\u00e9se egyre s\u00fcrget\u0151bb. A szak\u00e9rt\u0151k egyik lehets\u00e9ges megold\u00e1sk\u00e9nt a k\u00fcl\u00f6nb\u00f6z\u0151 energiaforr\u00e1sok \u00e9s technol\u00f3gi\u00e1k \u00f6sszehangolt, \u00fagynevezett hibrid rendszereit javasolj\u00e1k.<\/p>\n<p>\u00a0<\/p>\n<p>Kiemelt k\u00e9p forr\u00e1sa: Unsplash<\/p>\n","protected":false},"excerpt":{"rendered":"Devenyi Dalma | 2026.09.03. 05:35 K\u00edn\u00e1ban rekordtemp\u00f3ban n\u0151 a meg\u00fajul\u00f3k kapacit\u00e1sa, mik\u00f6zben a sz\u00e9n s\u00falya folyamatosan cs\u00f6kken. \u00a0&hellip;\n","protected":false},"author":2,"featured_media":231241,"comment_status":"","ping_status":"","sticky":false,"template":"","format":"standard","meta":{"footnotes":"","_share_on_mastodon":"0"},"categories":[3],"tags":[5171,61091,10646,107,106,61092,105,42,61093,104,43,5175,9090,9092,61094,10644,20583,61095,45566,61096],"class_list":["post-231240","post","type-post","status-publish","format-standard","has-post-thumbnail","category-europa","tag-energiaatmenet","tag-energiakapacitas","tag-energiamix","tag-eu","tag-europa","tag-europa-energiapiaca","tag-europe","tag-hungarian","tag-karbonsemlegesseg","tag-kina","tag-magyar","tag-megujulo-energia","tag-napelem","tag-napenergia","tag-napenergia-kapacitas","tag-szelenergia","tag-szen-dioxid-kibocsatas","tag-szenenergia","tag-villamosenergia-halozat","tag-villamosenergia-termeles"],"share_on_mastodon":{"url":"https:\/\/pubeurope.com\/@hu\/117206742893588466","error":""},"_links":{"self":[{"href":"https:\/\/www.europesays.com\/hu\/wp-json\/wp\/v2\/posts\/231240","targetHints":{"allow":["GET"]}}],"collection":[{"href":"https:\/\/www.europesays.com\/hu\/wp-json\/wp\/v2\/posts"}],"about":[{"href":"https:\/\/www.europesays.com\/hu\/wp-json\/wp\/v2\/types\/post"}],"author":[{"embeddable":true,"href":"https:\/\/www.europesays.com\/hu\/wp-json\/wp\/v2\/users\/2"}],"replies":[{"embeddable":true,"href":"https:\/\/www.europesays.com\/hu\/wp-json\/wp\/v2\/comments?post=231240"}],"version-history":[{"count":0,"href":"https:\/\/www.europesays.com\/hu\/wp-json\/wp\/v2\/posts\/231240\/revisions"}],"wp:featuredmedia":[{"embeddable":true,"href":"https:\/\/www.europesays.com\/hu\/wp-json\/wp\/v2\/media\/231241"}],"wp:attachment":[{"href":"https:\/\/www.europesays.com\/hu\/wp-json\/wp\/v2\/media?parent=231240"}],"wp:term":[{"taxonomy":"category","embeddable":true,"href":"https:\/\/www.europesays.com\/hu\/wp-json\/wp\/v2\/categories?post=231240"},{"taxonomy":"post_tag","embeddable":true,"href":"https:\/\/www.europesays.com\/hu\/wp-json\/wp\/v2\/tags?post=231240"}],"curies":[{"name":"wp","href":"https:\/\/api.w.org\/{rel}","templated":true}]}}