{"id":231259,"date":"2026-09-03T11:11:10","date_gmt":"2026-09-03T11:11:10","guid":{"rendered":"https:\/\/www.europesays.com\/hu\/231259\/"},"modified":"2026-09-03T11:11:10","modified_gmt":"2026-09-03T11:11:10","slug":"hosszas-hallgatas-utan-semjen-zsolt-is-megszolalt-a-szolo-utcai-botranyrol","status":"publish","type":"post","link":"https:\/\/www.europesays.com\/hu\/231259\/","title":{"rendered":"Hosszas hallgat\u00e1s ut\u00e1n Semj\u00e9n Zsolt is megsz\u00f3lalt a Sz\u0151l\u0151 utcai botr\u00e1nyr\u00f3l"},"content":{"rendered":"<p data-alignment=\"left\" class=\"text-left\" data-block-key=\"qcqwy\">A <a href=\"https:\/\/vasarnap.hu\/2026\/08\/31\/semjen-zsolt-a-zsolti-bacsi-ugyben-birosag-elott-kell-felelniuk-a-ragalmazoknak\/\" target=\"_blank\" rel=\" noopener noreferrer nofollow\">Vas\u00e1rnap.hu<\/a> k\u00e9sz\u00edtett interj\u00fat a KDNP eln\u00f6k\u00e9vel, aki t\u00f6bbek k\u00f6zt a Fidesz veres\u00e9g\u00e9nek okair\u00f3l, a Zsolti b\u00e1csi-\u00fcgyr\u0151l \u00e9s a kamp\u00e1nyhib\u00e1kr\u00f3l besz\u00e9lt.<\/p>\n<p data-alignment=\"left\" class=\"text-left\" data-block-key=\"qcqwy\">Azt hangs\u00falyozta a KDNP eln\u00f6ke, hogy nem fogja visszavonni a feljelent\u00e9st, melyet a <a href=\"https:\/\/www.economx.hu\/belfold\/2026\/07\/28\/zsolti-bacsi-megnevezese-fidesz-kdnp-reagalas-per\/\" target=\"_blank\" rel=\" noopener noreferrer nofollow\">szem\u00e9ly\u00e9t \u00e9rint\u0151 r\u00e1galmaz\u00e1sok<\/a> miatt ind\u00edtott a Sz\u0151l\u0151 utcai botr\u00e1ny fell\u00e1ngol\u00e1s\u00e1t k\u00f6vet\u0151en.<\/p>\n<p>  <a rel=\"noopener nofollow\" href=\"https:\/\/indamediasales.hu\/2019\/06\/25\/quality_placement_minosegbiztositasi_tajekoztato_728\" target=\"_blank\" class=\"flex items-center\"><\/p>\n<p>      <img loading=\"lazy\" decoding=\"async\" src=\"https:\/\/www.economx.hu\/neon\/static\/images\/brand\/quality_placement_logo.svg\" alt=\"Quality Placement\" width=\"150\" height=\"15\"\/><\/p>\n<p>  <\/a><\/p>\n<p>\n  hirdet\u00e9s<\/p>\n<p>    X<\/p>\n<p data-alignment=\"left\" class=\"text-left\" data-block-key=\"57ebj\">Fontosnak tartja, hogy felel\u0151ss\u00e9gre vonj\u00e1k b\u00edr\u00f3s\u00e1g el\u0151tt azokat, akik val\u00f3tlans\u00e1gokat \u00e1ll\u00edtottak \u00e9s <a href=\"https:\/\/www.economx.hu\/belfold\/2026\/07\/03\/semjen-zsolt-feljelentes-tordai-bence-szabo-timea-zsoltibacsi\/\" target=\"_blank\" rel=\" noopener noreferrer nofollow\">r\u00e1galmakat fogalmaztak meg szem\u00e9lye ellen<\/a>.<\/p>\n<p>\n          J\u00e9zus azt mondta, hogy ahogy engem \u00fcld\u00f6ztek, titeket is \u00fcld\u00f6zni fognak. Ha valaki nem h\u00edv\u0151 ember, \u00e9s nem tudja ezt kereszthordoz\u00e1sk\u00e9nt meg\u00e9lni, akkor ebbe feltehet\u0151leg belehal. De a helyzet az, hogy kereszt\u00e9ny emberk\u00e9nt az, hogy \u00fcld\u00f6znek minket, azt megszoktuk.\n        <\/p>\n<p data-alignment=\"left\" class=\"text-left\" data-block-key=\"qcqwy\">\u2013 tett hasonlatot a kereszt\u00e9nys\u00e9g \u00e9s a politikai r\u00e1galmaz\u00e1s k\u00f6z\u00f6tt a KDNP eln\u00f6ke.<\/p>\n<p>Hib\u00e1k a kamp\u00e1nyszezonban<\/p>\n<p data-alignment=\"left\" class=\"text-left\" data-block-key=\"3r0s7\">T\u00f6bb h\u00e1tr\u00e1ltat\u00f3 t\u00e9nyez\u0151 egy\u00fctt\u00e1ll\u00e1s\u00e1t okolta a politikus, mikor a v\u00e1laszt\u00e1si veres\u00e9gr\u0151l k\u00e9rdezt\u00e9k. Olyan faktorokat hib\u00e1ztatott, mint a koronav\u00edrus-j\u00e1rv\u00e1ny, az orosz-ukr\u00e1n h\u00e1bor\u00fa vagy az uni\u00f3s szankci\u00f3s politika, de pszichol\u00f3giai t\u00e9nyez\u0151nek hozta fel, hogy sok fiatal szavaz\u00f3 a Fidesz-KDNP korm\u00e1nyz\u00e1sa alatt n\u0151tt fel, \u00edgy nekik vonz\u00f3 volt az ellenz\u00e9k \u00e1ltal hirdetett v\u00e1ltoz\u00e1s.<\/p>\n<p>                <img loading=\"lazy\" decoding=\"async\" alt=\"\" class=\"w-full h-full object-cover\" height=\"278\"  src=\"https:\/\/www.europesays.com\/hu\/wp-content\/uploads\/2026\/09\/image1656347912.2e16d0ba.format-jpeg.fill-370x278.jpg\"  width=\"370\"\/><\/p>\n<p>    Fot\u00f3: MTI Fot\u00f3 \/ Kov\u00e1cs Attila<\/p>\n<p data-alignment=\"left\" class=\"text-left\" data-block-key=\"945bc\">Hib\u00e1nak r\u00f3tta fel, hogy k\u00e9s\u0151n kapcsolt a korm\u00e1nyoldal a politika k\u00f6z\u00f6ss\u00e9gi m\u00e9di\u00e1ba val\u00f3 \u00e1tt\u00e9r\u00e9s\u00e9re, \u00e9s hogy az ellenz\u00e9k t\u00e1mad\u00e1saira sem reag\u00e1ltak id\u0151ben. Kritiz\u00e1lta a volt korm\u00e1ny strat\u00e9gi\u00e1j\u00e1t, miszerint nem \u00e1llnak bele szakpolitikai vit\u00e1kba, ezzel elker\u00fclve az ellenz\u00e9k t\u00e9m\u00e1inak er\u0151s\u00edt\u00e9s\u00e9t. Szerinte a korm\u00e1nyoldal sz\u00e1mos t\u00e9m\u00e1ban meg tudta volna gy\u0151zni a v\u00e1laszt\u00f3kat.<\/p>\n<p data-alignment=\"left\" class=\"text-left\" data-block-key=\"fakji\">\u00c9lesen b\u00edr\u00e1lta Orb\u00e1n Bal\u00e1zs <a href=\"https:\/\/www.economx.hu\/belfold\/2026\/08\/19\/kampanyidoszak-kozpenz-lejaratas-fidesz-vitalyos-piko\/\" target=\"_blank\" rel=\" noopener noreferrer nofollow\">kamp\u00e1nyf\u0151n\u00f6ki munk\u00e1j\u00e1t<\/a> is az eg\u00e9sz kamp\u00e1nyszezon mellett:<\/p>\n<p>\n          Ilyen gyenge kamp\u00e1nycsapatunk m\u00e9g soha nem volt. Teh\u00e1t eg\u00e9sz egyszer\u0171en amat\u0151r.\n        <\/p>\n<p data-alignment=\"left\" class=\"text-left\" data-block-key=\"qcqwy\">\u2013 mondta Semj\u00e9n Zsolt.<\/p>\n<p data-alignment=\"left\" class=\"text-left\" data-block-key=\"4dejv\">Semj\u00e9n szerint a KDNP-nek szellemileg \u00e9s szervezetileg is meg kell \u00fajulnia. Azt javasolta, hogy az \u00e9v v\u00e9g\u00e9re legyen k\u00e9szen a teljes tiszt\u00faj\u00edt\u00e1s, eg\u00e9szen az \u00faj p\u00e1rteln\u00f6k megv\u00e1laszt\u00e1s\u00e1ig.<\/p>\n<p data-alignment=\"left\" class=\"text-left\" data-block-key=\"2ftmu\">Szerinte a KDNP-nek minden lehets\u00e9ges v\u00e1laszt\u00e1si rendszerre fel kell k\u00e9sz\u00fclnie. Ha a helyzet \u00fagy dikt\u00e1lja, akkor \u00f6n\u00e1ll\u00f3an is tudnia kell elindulni, m\u00e1s esetben pedig a sz\u00f6vets\u00e9gi rendszerben kell a lehet\u0151 leger\u0151sebben k\u00e9pviselnie a kereszt\u00e9ny, nemzeti \u00e9s polg\u00e1ri oldalt.<\/p>\n<p>Semj\u00e9n: Nem lesz\u00fcnk \u00e1rul\u00f3i Orb\u00e1n Viktornak<\/p>\n<p>\n          Mi soha nem sz\u00farjuk h\u00e1tba a sz\u00f6vets\u00e9ges\u00fcnket, \u00e9s soha nem lesz\u00fcnk \u00e1rul\u00f3i Orb\u00e1n Viktornak.\n        <\/p>\n<p data-alignment=\"left\" class=\"text-left\" data-block-key=\"c842v\">\u2013 mondta a KDNP eln\u00f6ke, amikor <a href=\"https:\/\/www.economx.hu\/belfold\/2026\/09\/02\/kegyelmi-ugy-bizottsag-novak-katalin-balog-orban-varga-judit\/\" target=\"_blank\" rel=\" noopener noreferrer nofollow\" data-link-preview=\"true\" data-og-title=\"\u201eOrb\u00e1n is list\u00e1ra ker\u00fclhet\u201d \u2013 ak\u00e1r el\u0151vezet\u00e9ssel is j\u00f6het a kegyelmi \u00fcgy meghallgat\u00e1sa\" data-og-description=\"Megkezdi munk\u00e1j\u00e1t a kegyelmi \u00fcgyet vizsg\u00e1l\u00f3 parlamenti bizotts\u00e1g. Schummer Orsolya eln\u00f6k szerint Nov\u00e1k Katalin \u00e9s Balog Zolt\u00e1n meghallgat\u00e1s\u00e1t is kezdem\u00e9nyezni fogj\u00e1k, \u00e9s ha a vizsg\u00e1lat sor\u00e1n sz\u00fcks\u00e9gess\u00e9 v\u00e1lik, Orb\u00e1n Viktor is a beid\u00e9zend\u0151k k\u00f6z\u00f6tt lehet. A test\u00fclet minden \u00fcl\u00e9se nyilv\u00e1nos lesz, a megjelen\u00e9st pedig p\u00e9nzb\u00edrs\u00e1ggal, sz\u00fcks\u00e9g eset\u00e9n el\u0151vezet\u00e9ssel is kik\u00e9nyszer\u00edthetik.\" data-og-image=\"https:\/\/www.economx.hu\/neon\/media\/images\/AFP__20211026__9QF4AF__v2__MidR.format-avif.max-600x400.avif\" data-og-image-small=\"https:\/\/www.economx.hu\/neon\/media\/images\/AFP__20211026__9QF4AF__v2__MidR.format-avif.max-370x278.avif\" data-og-column=\"Belf\u00f6ld\" data-og-tags=\"[&quot;Belf\\u00f6ld&quot;, &quot;kegyelmi_d\\u00f6nt\\u00e9s&quot;, &quot;kegyelmi \\u00fcgy&quot;, &quot;vizsg\\u00e1l\\u00f3bizotts\\u00e1g&quot;, &quot;Schummer Orsolya&quot;, &quot;Orb\\u00e1n Viktor&quot;, &quot;balog_zolt\\u00e1n&quot;, &quot;K. Endre&quot;, &quot;varga_judit&quot;]\">Orb\u00e1n Viktor<\/a> j\u00f6v\u0151beli szerep\u00e9r\u0151l k\u00e9rdezt\u00e9k. A volt minisztereln\u00f6k\u00f6t a jelenkor \u201emegker\u00fclhetetlen \u00e1llamf\u00e9rfij\u00e1nak\u201d nevezte, \u00e9s szem\u00e9lyes kapcsolat\u00e1t is hangs\u00falyozta: \u201e\u00c9n szem\u00e9lyesen bar\u00e1tja, bajt\u00e1rsa \u00e9s h\u00edve vagyok Orb\u00e1n Viktornak mindhal\u00e1lig.\u201d<\/p>\n<p><a href=\"https:\/\/google.com\/preferences\/source?q=https%3A\/\/www.economx.hu\" rel=\"noopener nofollow\" referrerpolicy=\"no-referrer-when-downgrade\" class=\"!flex !items-center !gap-5 !py-2 !px-3 w-full !rounded-xl !font-bold cursor-pointer !no-underline relative !bg-white !text-[#202124] !border !border-[#858585] dark:!bg-[#323232] dark:!text-white dark:border-none my-4 \" target=\"_blank\"><br \/>\n  <img decoding=\"async\" src=\"https:\/\/www.economx.hu\/neon\/static\/images\/favicons\/google_favicon.svg\" alt=\"Google\" class=\"shrink-0 w-7 h-7\"\/><br \/>\n  \u00c1ll\u00edtsd be, hogy az Economx az els\u0151k k\u00f6z\u00f6tt legyen a Google-tal\u00e1latokban!<\/p>\n<p><\/a><\/p>\n","protected":false},"excerpt":{"rendered":"A Vas\u00e1rnap.hu k\u00e9sz\u00edtett interj\u00fat a KDNP eln\u00f6k\u00e9vel, aki t\u00f6bbek k\u00f6zt a Fidesz veres\u00e9g\u00e9nek okair\u00f3l, a Zsolti b\u00e1csi-\u00fcgyr\u0151l \u00e9s&hellip;\n","protected":false},"author":2,"featured_media":231260,"comment_status":"","ping_status":"","sticky":false,"template":"","format":"standard","meta":{"footnotes":"","_share_on_mastodon":"0"},"categories":[33],"tags":[954,1777,89,38,35,37,44,42,40,4434,43,41,34,66,43840,43839,36,39],"class_list":["post-231259","post","type-post","status-publish","format-standard","has-post-thumbnail","category-hirek","tag-botrany","tag-feljelentes","tag-fidesz","tag-focimek","tag-headlines","tag-hirek","tag-hu","tag-hungarian","tag-hungary","tag-kdnp","tag-magyar","tag-magyarorszag","tag-news","tag-orban-viktor","tag-semjen_zsolt","tag-szolo_utca","tag-top-stories","tag-vezeto-hirek"],"share_on_mastodon":{"url":"https:\/\/pubeurope.com\/@hu\/117206809861151805","error":""},"_links":{"self":[{"href":"https:\/\/www.europesays.com\/hu\/wp-json\/wp\/v2\/posts\/231259","targetHints":{"allow":["GET"]}}],"collection":[{"href":"https:\/\/www.europesays.com\/hu\/wp-json\/wp\/v2\/posts"}],"about":[{"href":"https:\/\/www.europesays.com\/hu\/wp-json\/wp\/v2\/types\/post"}],"author":[{"embeddable":true,"href":"https:\/\/www.europesays.com\/hu\/wp-json\/wp\/v2\/users\/2"}],"replies":[{"embeddable":true,"href":"https:\/\/www.europesays.com\/hu\/wp-json\/wp\/v2\/comments?post=231259"}],"version-history":[{"count":0,"href":"https:\/\/www.europesays.com\/hu\/wp-json\/wp\/v2\/posts\/231259\/revisions"}],"wp:featuredmedia":[{"embeddable":true,"href":"https:\/\/www.europesays.com\/hu\/wp-json\/wp\/v2\/media\/231260"}],"wp:attachment":[{"href":"https:\/\/www.europesays.com\/hu\/wp-json\/wp\/v2\/media?parent=231259"}],"wp:term":[{"taxonomy":"category","embeddable":true,"href":"https:\/\/www.europesays.com\/hu\/wp-json\/wp\/v2\/categories?post=231259"},{"taxonomy":"post_tag","embeddable":true,"href":"https:\/\/www.europesays.com\/hu\/wp-json\/wp\/v2\/tags?post=231259"}],"curies":[{"name":"wp","href":"https:\/\/api.w.org\/{rel}","templated":true}]}}