{"id":231277,"date":"2026-09-03T11:32:11","date_gmt":"2026-09-03T11:32:11","guid":{"rendered":"https:\/\/www.europesays.com\/hu\/231277\/"},"modified":"2026-09-03T11:32:11","modified_gmt":"2026-09-03T11:32:11","slug":"gorbe-nora-70-eves-ezert-volt-szamara-aldas-es-atok-a-linda","status":"publish","type":"post","link":"https:\/\/www.europesays.com\/hu\/231277\/","title":{"rendered":"G\u00f6rbe N\u00f3ra 70 \u00e9ves: ez\u00e9rt volt sz\u00e1m\u00e1ra \u00e1ld\u00e1s \u00e9s \u00e1tok a Linda"},"content":{"rendered":"<p>Azt gondolhatn\u00e1nk, hogy \u00e9desapja, <a href=\"https:\/\/nfi.hu\/filmarchivum\/hirek-1\/gorbe-janos-110.html\" target=\"_blank\" rel=\"noopener noreferrer nofollow\">G\u00f6rbe J\u00e1nos<\/a> miatt m\u00e1r kor\u00e1n ott sertepert\u00e9lt a filmes vil\u00e1gban, pedig ez saj\u00e1t bevall\u00e1sa szerint nem volt jellemz\u0151.<\/p>\n<p>G\u00f6rbe N\u00f3ra p\u00e1lyakezd\u00e9se: \u00e9p testben sz\u00edn\u00e9szl\u00e9lek<\/p>\n<p>Sz\u00fclei (\u00e9desanyja Megyeri \u00c9va pedag\u00f3gus) kor\u00e1n elv\u00e1ltak, Szarvason nevelkedett, gyerekkor\u00e1t ink\u00e1bb a mozg\u00e1skult\u00fara hat\u00e1rozta meg: ritmikus sportgimnasztik\u00e1zott, atletiz\u00e1lt, \u00faszott, de n\u00e9pt\u00e1ncot \u00e9s pantomimet is tanult.\u00a0<\/p>\n<p>Innen n\u00e9zve aligha meglep\u0151, hogy fiatal feln\u0151ttk\u00e9nt pont egy olyan k\u00fcl\u00f6nleges szerep tal\u00e1lta meg, mint amilyen Veszpr\u00e9mi Linda, akinek fizikai teljes\u00edtm\u00e9nye legal\u00e1bb annyira fontos, mint cserfes-frapp\u00e1ns besz\u00f3l\u00e1sai.<\/p>\n<p><img fetchpriority=\"high\" decoding=\"async\" class=\"img-responsive size-large wp-image-2178947\" src=\"https:\/\/www.europesays.com\/hu\/wp-content\/uploads\/2026\/09\/gorbenora4-1024x986.jpg\" alt=\"G\u00f6rbe N\u00f3ra 1981-ben.\" width=\"1024\" height=\"986\"   loading=\"lazy\"\/><\/p>\n<p class=\"wp-caption-text\">1981. G\u00f6rbe N\u00f3ra a Magyar Filmgy\u00e1rt\u00f3 V\u00e1llalat telephely\u00e9n, Budapesten. (Forr\u00e1s: Kende J\u00e1nos\/Fortepan)<\/p>\n<p>A Sz\u00ednh\u00e1z- \u00e9s Filmm\u0171v\u00e9szeti F\u0151iskol\u00e1n 1979-ben v\u00e9gzett, Horvai Istv\u00e1n \u00e9s Kap\u00e1s Dezs\u0151 oszt\u00e1ly\u00e1ban, olyan oszt\u00e1lyt\u00e1rsakkal, mint p\u00e9ld\u00e1ul Frajt Edit, D\u00f6rner Gy\u00f6rgy, B\u00e1n J\u00e1nos, Kov\u00e1ts Kriszta, G\u00e1sp\u00e1r S\u00e1ndor, Jakab Csaba \u2013 annak idej\u00e9n k\u00e9sz\u00fclt is egy t\u00e9v\u00e9m\u0171sor, amelyben sz\u00ednin\u00f6vend\u00e9k-t\u00e1rsaival szerepelt egy\u00fctt. F\u0151iskolai gyakorlat\u00e1t a Mad\u00e1chban t\u00f6lt\u00f6tte, diploma ut\u00e1n j\u00f6tt ki Bacs\u00f3 P\u00e9ter <a href=\"https:\/\/hu.wikipedia.org\/wiki\/%C3%81ram%C3%BCt%C3%A9s_(film)\" target=\"_blank\" rel=\"noopener noreferrer nofollow\">\u00c1ram\u00fct\u00e9s <\/a>c\u00edm\u0171 filmje, melyben f\u0151szerepet j\u00e1tszott, s m\u00e9g ekkor tagja lett a Mafilm akkor megszervezett filmsz\u00edn\u00e9szt\u00e1rsulat\u00e1nak, aminek k\u00f6sz\u00f6nhet\u0151en sz\u00e1mos t\u00e9v\u00e9s \u00e9s mozis alkot\u00e1sban kapott, ink\u00e1bb kisebb feladatokat.<\/p>\n<p>\u201eKarat\u00e9z\u00f3s\u201d filmsl\u00e1gerek \u2013 magyarul<\/p>\n<p>A <a href=\"https:\/\/hu.wikipedia.org\/wiki\/Linda_(telev%C3%ADzi%C3%B3s_sorozat)\" target=\"_blank\" rel=\"noopener noreferrer nofollow\">Lind\u00e1t<\/a> tulajdonk\u00e9ppen neki \u00edrt\u00e1k, pontosabban els\u0151 f\u00e9rje (akivel 1976-ban k\u00f6t\u00f6ttek h\u00e1zass\u00e1got), G\u00e1t Gy\u00f6rgy \u00f6tletgazda r\u00e1 gondolva tal\u00e1lta ki k\u00e9sz\u00fcl\u0151 t\u00e9v\u00e9sorozat\u00e1nak f\u0151h\u0151s\u00e9nek karakter\u00e9t.<\/p>\n<p>A Magyar Telev\u00edzi\u00f3 vezet\u0151s\u00e9ge meglehet\u0151sen gyanakodva, s\u0151t idegenkedve fogadta a produkci\u00f3t: nem voltak k\u00fcl\u00f6n\u00f6sebben el\u00e1julva egy olyan tervt\u0151l, amely kapitalista mint\u00e1k alapj\u00e1n kevern\u00e9 a krimit a v\u00edgj\u00e1t\u00e9kkal \u00e9s a harcm\u0171v\u00e9szeti m\u0171fajjal.<\/p>\n<p>G\u00e1t meglehet\u0151sen magabiztosan fogott neki a projektnek, melynek kreat\u00edv ir\u00e1ny\u00e1t a Bruce Lee \u00e9s Jackie Chan-filmek, valamint a Bud Spencer-Terence Hil p\u00e1ros \u00e1ltal kimunk\u00e1lt komikus vereked\u00e9sek st\u00edlusa hat\u00e1rozta meg. Ezek mellett a Linda (melynek egyes t\u00f6rt\u00e9neteit R\u00e9z Andr\u00e1s \u00edrta Coper Andr\u00e1s \u00e1ln\u00e9ven), hagyom\u00e1nyos krimik\u00e9nt is funkcion\u00e1lt, csavaros cselekm\u00e9nnyel, csod\u00e1san f\u00e9nyk\u00e9pezett v\u00e1rosk\u00e9pekkel.<\/p>\n<p>G\u00e1t\u00e9k v\u00e9g\u00fcl nagy nehezen kaptak p\u00e9nzt a Lind\u00e1ra, 1980-81-t\u0151l forgattak, viszont h\u00e1rom, kv\u00e1zi bevezet\u0151 epiz\u00f3dot is legy\u00e1rtottak a sorozathoz, mire az MTV-n\u00e9l enged\u00e9lyt adtak arra is, hogy a r\u00e9szekhez f\u0151c\u00edmet k\u00e9sz\u00edthessenek (\u00e9s zseni\u00e1lis f\u0151c\u00edmet k\u00e9sz\u00edtettek) \u2013 vagyis addigra jutottak el oda, hogy a sorozat sug\u00e1rz\u00e1sa z\u00f6ld utat kaphasson. Ekkor 1984-et \u00edrtunk. A t\u00e9v\u00e9 gyanakv\u00f3-szkeptikus hozz\u00e1\u00e1ll\u00e1sa akkor v\u00e1ltozott meg v\u00e9gleg, amikor ad\u00e1sba ker\u00fcltek az epiz\u00f3dok. B\u00e1r a sz\u00e9ri\u00e1t sikerei cs\u00facs\u00e1n is t\u00e1madt\u00e1k szakmai oldalr\u00f3l (sokan t\u00fals\u00e1gosan b\u00e1rgy\u00fanak tal\u00e1lt\u00e1k a hollywoodi eszt\u00e9tik\u00e1val elk\u00e9sz\u00edtett \u201ecsihi-puhi karat\u00e9z\u00e1st\u201d) a siker a 80-as \u00e9vekben mifel\u00e9nk is egyre nagyobb \u00far volt, \u00edgy nem akad\u00e1lyozt\u00e1k tov\u00e1bb a sorozat tov\u00e1bbi r\u00e9szeinek leforgat\u00e1s\u00e1t.<\/p>\n<p>G\u00f6rbe N\u00f3ra gyermekeivel \u00e9s m\u00e1sodik f\u00e9rj\u00e9vel, dr. Ormos P\u00e9terrel 2004-ben.<\/p>\n<p>Suhog\u00e1sok \u00e9s sikolyok<\/p>\n<p>A Linda hatalmas n\u00e9pszer\u0171s\u00e9gnek \u00f6rvendett a n\u00e9z\u0151k \u2013 legink\u00e1bb a kamaszok \u2013 k\u00f6reiben: a sokmilli\u00f3s n\u00e9zetts\u00e9gi adatok csakhamar hozt\u00e1k magukkal G\u00f6rbe N\u00f3ra szt\u00e1rr\u00e1 v\u00e1l\u00e1s\u00e1nak csalhatatlan jeleit, majd k\u00f6vetkezm\u00e9nyeit is. A klasszikus sorozat utols\u00f3 r\u00e9sze 1990-ben ker\u00fclt ad\u00e1sba, G\u00f6rbe addigra kiadott (legink\u00e1bb a Linda-imidzsre \u00e9p\u00fcl\u0151) <a href=\"https:\/\/www.youtube.com\/watch?v=9_rvUHSJr88\" target=\"_blank\" rel=\"noopener noreferrer nofollow\">gyerek<\/a>\u00a0-\u00e9s <a href=\"https:\/\/www.discogs.com\/artist\/1440482-G%C3%B6rbe-N%C3%B3ra?srsltid=AfmBOop4yK2vC7WPv6YiEMeiZwQ6DeEfmwCfRrvhay7XoeZT_7pmKe70\" target=\"_blank\" rel=\"noopener noreferrer nofollow\">poplemezt<\/a>, t\u00e9v\u00e9m\u0171sorokban szerepelt (p\u00e9ld\u00e1nak ok\u00e1\u00e9rt rendszeres, \u00fcnnepelt szerepl\u0151je volt a H\u00e1rom k\u00edv\u00e1ns\u00e1gnak\u00a0is D\u00e9v\u00e9nyi Tiborn\u00e1l), dalainak egy r\u00e9sz\u00e9t Szikora R\u00f3bert \u00edrta, akivel m\u00e9g <a href=\"https:\/\/www.youtube.com\/watch?v=wLzTnvIGPI0&amp;list=RDwLzTnvIGPI0&amp;start_radio=1\" target=\"_blank\" rel=\"noopener noreferrer nofollow\">duettezett<\/a> is annak idej\u00e9n. A Lind\u00e1nak k\u00f6sz\u00f6nhet\u0151en gyerekek sokas\u00e1ga fordult m\u00e9g nagyobb lelkesed\u00e9ssel a harcm\u0171v\u00e9szetek fel\u00e9 (G\u00f6rbe a sz\u00e9ria miatt kezdett taekwond\u00f3zni, \u00f6ve sz\u00edne: z\u00f6ld), a sorozat alapj\u00e1n k\u00e9sz\u00fclt k\u00f6nyv, <a href=\"https:\/\/www.youtube.com\/watch?v=OjQlLVos2Iw\" target=\"_blank\" rel=\"noopener noreferrer nofollow\">k\u00e9preg\u00e9ny<\/a>, tal\u00e1n m\u00e9g kifest\u0151 is.\u00a0<\/p>\n<p>B\u00e1r mifel\u00e9nk akkort\u00e1jt m\u00e9g nem volt rendszeres\u00edtett szok\u00e1s filmek alapj\u00e1n m\u00e1rk\u00e1zott aj\u00e1nd\u00e9kt\u00e1rgyak \u00e9rt\u00e9kes\u00edt\u00e9se, de a Linda nagyon k\u00f6zel \u00e1lt ahhoz, hogy felismerhess\u00fck benne a nyugati t\u00e9v\u00e9sorozatok \u00e1ltal gerjesztett divathull\u00e1mok mint\u00e1zat\u00e1t.<\/p>\n<p><img decoding=\"async\" class=\"img-responsive size-large wp-image-2178948\" src=\"https:\/\/www.europesays.com\/hu\/wp-content\/uploads\/2026\/09\/gorbenora2-1024x745.jpeg\" alt=\"G\u00f6rbe N\u00f3ra \u00e9s az Els\u0151 emelet\" width=\"1024\" height=\"745\"   loading=\"lazy\"\/><\/p>\n<p class=\"wp-caption-text\">1985, Pet\u0151fi Csarnok. G\u00f6rbe N\u00f3ra \u00e9s az Els\u0151 Emelet egy\u00fcttes a Linda egyik epiz\u00f3dj\u00e1nak felv\u00e9tel\u00e9n. (Forr\u00e1s: Kany\u00f3 B\u00e9la\/Fortepan)<\/p>\n<p>A sorozat nagyszer\u0171en haszn\u00e1lta Budapestet, s az egy\u00e9b magyarorsz\u00e1gi helysz\u00edneket is: amikor Veszpr\u00e9mi felpattant Babett\u00e1j\u00e1ra a f\u0151v\u00e1ros \u00e9s az orsz\u00e1g a legszebb, legpatin\u00e1sabb arc\u00e1t mutatta. Kev\u00e9s filmben tud olyan hangulatos lenni Budapest, mint a Lind\u00e1ban. A recept sikere azonban nemcsak a c\u00edmszerepl\u0151n \u00e9s az epiz\u00f3donk\u00e9nti 2-3 \u2013 sokszor mai szemmel is l\u00e1tv\u00e1nyos \u00e9s bev\u00e1llal\u00f3s \u2013 akci\u00f3jeleneten m\u00falott, hanem az eg\u00e9szen nagyszer\u0171 mell\u00e9kszerepl\u0151k\u00f6n is: olyan kiv\u00e1l\u00f3 sz\u00edn\u00e9szek ny\u00fajtottak rendk\u00edv\u00fcl szerethet\u0151 alak\u00edt\u00e1sokat, mint <a href=\"https:\/\/nlc.hu\/tv_sztarok\/20230908\/szerednyey-belanak-azt-mondtak-hogy-a-linda-sorozattal-tonkreteszi-a-karrierjet\/\" target=\"_blank\" rel=\"noopener nofollow\">Szerednyey B\u00e9la<\/a>, <a href=\"https:\/\/nlc.hu\/sztarok\/20260604\/bodrogi-gyula-mutet-betegseg\/\" target=\"_blank\" rel=\"noopener nofollow\">Bodrogi Gyula<\/a>, <a href=\"https:\/\/nlc.hu\/sztarok\/20260901\/nagy-darvas-pecsi-eperjes-szineszkepviselok\/\" target=\"_blank\" rel=\"noopener nofollow\">P\u00e9csi Ildik\u00f3<\/a>, <a href=\"https:\/\/nlc.hu\/sztarok\/20260901\/nagy-darvas-pecsi-eperjes-szineszkepviselok\/\" target=\"_blank\" rel=\"noopener nofollow\">B\u00e1nffy Gy\u00f6rgy<\/a>, <a href=\"https:\/\/nlc.hu\/csalad\/20251212\/balazs-peter-ozvegye-csilla-ez-a-csodalatos-ferfi-mar-nincs-tobbe-mar-nincs-mellettem\/\" target=\"_blank\" rel=\"noopener nofollow\">Bal\u00e1zs P\u00e9ter<\/a>, <a href=\"https:\/\/nlc.hu\/sztarok\/20260429\/harsanyi-gabor-sztrok\/\" target=\"_blank\" rel=\"noopener nofollow\">Hars\u00e1nyi G\u00e1bor<\/a>, <a href=\"https:\/\/hu.wikipedia.org\/wiki\/Ronyecz_M%C3%A1ria\" target=\"_blank\" rel=\"noopener noreferrer nofollow\">Ronyecz M\u00e1ria<\/a>, Deme G\u00e1bor \u00e9s Vayer Tam\u00e1s, s az \u0151 teljes\u00edtm\u00e9ny\u00fck legal\u00e1bb annyira hozz\u00e1j\u00e1rult a fogadtat\u00e1shoz, mint a figur\u00e1hoz tartoz\u00f3 \u201ev\u00e9djegyek\u201d:\u00a0<\/p>\n<p>A motor, a sikongat\u00e1s, a kaszkad\u0151r-mutatv\u00e1nyok, a suhog\u00f3s-csattan\u00f3s hangeffektek \u2013 \u00e9s a klumpa, amelyb\u0151l a h\u0151s minden buny\u00f3 el\u0151tt l\u00e1tv\u00e1nyosan kil\u00e9pett.<\/p>\n<p>\u00a0<\/p>\n<p><a id=\"galeria-1\" class=\"m-nextGallery _ce_measure_widget _ce_measure_link\" href=\"https:\/\/nlc.hu\/sztarok\/20260903\/gorbe-nora-70-eves\/?gallery=1\/1\/gorbenora3.jpeg\" data-ce-measure-widget=\"gallery-open\" rel=\"nofollow noopener\" target=\"_blank\"><\/p>\n<p>\t\t<img decoding=\"async\" width=\"1280\" height=\"835\" src=\"https:\/\/www.europesays.com\/hu\/wp-content\/uploads\/2026\/09\/gorbenora3.jpeg\" class=\"m-nextGallery__featureImage wp-image-2178963\" alt=\"1986 a Magyar R\u00e1di\u00f3 22-es st\u00fadi\u00f3ja: G\u00f6rbe N\u00f3ra, Kom\u00e1r L\u00e1szl\u00f3, Zsoldos B\u00e9la, Kiss Gabi, Kov\u00e1cs Kati. El\u0151k\u00e9sz\u00fclet a Sportseg\u00e9ly g\u00e1laestre.\"   loading=\"lazy\"\/>\t<\/p>\n<p><\/a><\/p>\n<p>\u00c1ld\u00e1s \u00e9s skatulya<\/p>\n<p>A Linda \u00e1lland\u00f3 szerepl\u0151je a t\u00e9v\u00e9 aranykor\u00e1t taglal\u00f3 nosztalgia-\u00f6ssze\u00e1ll\u00edt\u00e1soknak, s azzal egy\u00fctt is kedvence a k\u00f6z\u00f6ns\u00e9gnek m\u00e9g mindig, hogy sokan az\u00e9rt megmosolyogtat\u00f3nak tartj\u00e1k sz\u00e1mos komolynak sz\u00e1nt elem\u00e9t. De kellemesen feminista hangulata \u00e9s a humora ma is m\u0171k\u00f6dik. G\u00f6rbe N\u00f3ra sokszor besz\u00e9lt arr\u00f3l, hogy a t\u00fal nagy siker azt\u00e1n skatuly\u00e1ba z\u00e1rta sz\u00edn\u00e9szi p\u00e1ly\u00e1j\u00e1t. Egy\u00e9bir\u00e1nt 1999\u20132000-ben leforgatott \u00f6t \u00faj Linda-epiz\u00f3dot, amelyeket 2002-ben mutattak be, de ez a k\u00e9s\u0151i \u00e9vad hangnem\u00e9ben, l\u00e1tv\u00e1nyvil\u00e1g\u00e1ban, vagyis nagyj\u00e1b\u00f3l mindenben alul maradt az eredeti sorozattal szemben. Sokan hajlamosak is elfelejteni, hogy egy\u00e1ltal\u00e1n l\u00e9tezik.<\/p>\n<p><img loading=\"lazy\" decoding=\"async\" class=\"img-responsive size-large wp-image-2178949\" src=\"https:\/\/www.europesays.com\/hu\/wp-content\/uploads\/2026\/09\/gorbenora10-1024x733.jpg\" alt=\"G\u00f6rbe N\u00f3ra \u00e9s csal\u00e1dja\" width=\"1024\" height=\"733\"  \/><\/p>\n<p class=\"wp-caption-text\">2004. G\u00f6rbe N\u00f3ra gyermekeivel \u00e9s m\u00e1sodik f\u00e9rj\u00e9vel, dr. Ormos P\u00e9terrel otthonukban. (Forr\u00e1s: Csibi Szilvia\/Central M\u00e9diacsoport)<\/p>\n<p>G\u00f6rbe N\u00f3ra nem vonult vissza a sz\u00edn\u00e9szett\u0151l, a felk\u00e9r\u00e9seket megv\u00e1logatja: csak olyan szerepet v\u00e1llalna, amelyet \u00e9rt\u00e9kesnek \u00e9s hozz\u00e1 m\u00e9lt\u00f3nak \u00e9rez. Els\u0151sorban a filmez\u00e9s vonzan\u00e1, a sz\u00ednpad kev\u00e9sb\u00e9. M\u00e1sodik f\u00e9rje, dr. Ormos P\u00e9ter 2016-ban, hossz\u00fa betegs\u00e9g ut\u00e1n hunyt el, G\u00f6rbe hossz\u00fa ideig \u00e1polta, majd a f\u00e9rfi hal\u00e1la ut\u00e1n kezdett rendszeresebben az utaz\u00e1snak \u00e9lni.<\/p>\n<p>J\u00e1rt Kub\u00e1ban, Indi\u00e1ban \u00e9s t\u00f6bbsz\u00f6r Sr\u00ed Lank\u00e1n is \u2013 sokszor kev\u00e9s csomaggal, nem hagyom\u00e1nyos turistasz\u00e1ll\u00e1sokon. Egy id\u0151ben arr\u00f3l is cikkeztek, hogy tal\u00e1n <a href=\"https:\/\/24.hu\/elet-stilus\/2024\/05\/08\/gorbe-nora-sri-lanka-nyugdijas-evek-linda-gat-gyorgy\/\" target=\"_blank\" rel=\"noopener noreferrer nofollow\">ki is k\u00f6lt\u00f6zik<\/a> Sr\u00ed Lank\u00e1ra.<\/p>\n","protected":false},"excerpt":{"rendered":"Azt gondolhatn\u00e1nk, hogy \u00e9desapja, G\u00f6rbe J\u00e1nos miatt m\u00e1r kor\u00e1n ott sertepert\u00e9lt a filmes vil\u00e1gban, pedig ez saj\u00e1t bevall\u00e1sa&hellip;\n","protected":false},"author":2,"featured_media":231278,"comment_status":"","ping_status":"","sticky":false,"template":"","format":"standard","meta":{"footnotes":"","_share_on_mastodon":"0"},"categories":[16],"tags":[137,61101,44,42,40,2914,43,41,840,138,235,154],"class_list":["post-231277","post","type-post","status-publish","format-standard","has-post-thumbnail","category-szorakozas","tag-entertainment","tag-gorbe-nora","tag-hu","tag-hungarian","tag-hungary","tag-linda","tag-magyar","tag-magyarorszag","tag-retro","tag-szorakozas","tag-sztarok","tag-szuletesnap"],"share_on_mastodon":{"url":"https:\/\/pubeurope.com\/@hu\/117206892651469549","error":""},"_links":{"self":[{"href":"https:\/\/www.europesays.com\/hu\/wp-json\/wp\/v2\/posts\/231277","targetHints":{"allow":["GET"]}}],"collection":[{"href":"https:\/\/www.europesays.com\/hu\/wp-json\/wp\/v2\/posts"}],"about":[{"href":"https:\/\/www.europesays.com\/hu\/wp-json\/wp\/v2\/types\/post"}],"author":[{"embeddable":true,"href":"https:\/\/www.europesays.com\/hu\/wp-json\/wp\/v2\/users\/2"}],"replies":[{"embeddable":true,"href":"https:\/\/www.europesays.com\/hu\/wp-json\/wp\/v2\/comments?post=231277"}],"version-history":[{"count":0,"href":"https:\/\/www.europesays.com\/hu\/wp-json\/wp\/v2\/posts\/231277\/revisions"}],"wp:featuredmedia":[{"embeddable":true,"href":"https:\/\/www.europesays.com\/hu\/wp-json\/wp\/v2\/media\/231278"}],"wp:attachment":[{"href":"https:\/\/www.europesays.com\/hu\/wp-json\/wp\/v2\/media?parent=231277"}],"wp:term":[{"taxonomy":"category","embeddable":true,"href":"https:\/\/www.europesays.com\/hu\/wp-json\/wp\/v2\/categories?post=231277"},{"taxonomy":"post_tag","embeddable":true,"href":"https:\/\/www.europesays.com\/hu\/wp-json\/wp\/v2\/tags?post=231277"}],"curies":[{"name":"wp","href":"https:\/\/api.w.org\/{rel}","templated":true}]}}