{"id":231283,"date":"2026-09-03T11:37:11","date_gmt":"2026-09-03T11:37:11","guid":{"rendered":"https:\/\/www.europesays.com\/hu\/231283\/"},"modified":"2026-09-03T11:37:11","modified_gmt":"2026-09-03T11:37:11","slug":"maganzarkaban-vagyok-orultek-es-terroristak-vesznek-korul-mbappe-elrablasat-tervezte-egy-banda-amelyet-egy-bortonben-ulo-18-eves-iranyitott","status":"publish","type":"post","link":"https:\/\/www.europesays.com\/hu\/231283\/","title":{"rendered":"&#8222;Mag\u00e1nz\u00e1rk\u00e1ban vagyok, \u0151r\u00fcltek \u00e9s terrorist\u00e1k vesznek k\u00f6r\u00fcl&#8221; \u2013 Mbapp\u00e9 elrabl\u00e1s\u00e1t tervezte egy banda, amelyet egy b\u00f6rt\u00f6nben \u00fcl\u0151 18 \u00e9ves ir\u00e1ny\u00edtott"},"content":{"rendered":"<p>A Real Madrid 27 \u00e9ves, vil\u00e1gbajnok csat\u00e1ra, Kylian Mbapp\u00e9 azon 26 ember k\u00f6z\u00f6tt volt, akiket egy 18 \u00e9ves b\u0171n\u00f6z\u0151 \u00e9s k\u00f6re egy emberrabl\u00e1s lehets\u00e9ges c\u00e9lpontjaik\u00e9nt tartott sz\u00e1mon, <a target=\"_blank\" href=\"https:\/\/www.leparisien.fr\/faits-divers\/riche-grossiste-en-viande-horloger-kylian-mbappe-les-troublants-projets-denlevement-de-lester-z-02-09-2026-CJWB7MJUKFGRPBFR3GIGDJL37I.php\" rel=\"nofollow noopener\">\u00edrta a Le Parisien<\/a>.<\/p>\n<p>A felt\u00e9telezett vezet\u0151t, akit Cl\u00e9ment L.-k\u00e9nt (alias Lester Z) azonos\u00edtottak, augusztus 21-\u00e9n t\u00f6bbek k\u00f6z\u00f6tt szervezett rabl\u00e1ssal, lak\u00e1sbet\u00f6r\u00e9ssel \u00e9s emberrabl\u00e1si tervvel v\u00e1doltak meg. A 18 \u00e9ves fiatalembert azzal gyan\u00fas\u00edtj\u00e1k, hogy \u0151 volt az \u00e1prilis 11. \u00e9s augusztus 19. k\u00f6z\u00f6tti, Neuilly-sur-Seine-ben, Saint-Brice-sous-For\u00e9t-ben \u00e9s Santenay-ben t\u00f6rt\u00e9nt bet\u00f6r\u00e9sek kitervel\u0151je.<\/p>\n<p>Emellett a band\u00e1ja \u00fczleti vezet\u0151k, valamint egy rapper \u00e9s Kylian Mbapp\u00e9 megt\u00e1mad\u00e1s\u00e1t \u00e9s elrabl\u00e1s\u00e1t is tervezte.<\/p>\n<p>\u201eEz a fiatalember m\u00e1r kor\u00e1bban is b\u00f6rt\u00f6nben \u00fclt s\u00falyos b\u0171ncselekm\u00e9nyek miatt, most pedig egy olyan \u00fcgyben bukkant fel a neve, amely egy neves rappert \u00e9s focist\u00e1t \u00e9rint. Csak a mag\u00e1nz\u00e1rka seg\u00edthet neki \u00e1t\u00e9rt\u00e9kelni a dolgokat, tekintve, hogy rendezetlen b\u0171n\u00f6z\u0151i \u00e9letet \u00e9l\u201d \u2013 \u00e1ll\u00edtotta az \u00fcgy\u00e9sz.<\/p>\n<p dir=\"ltr\" lang=\"fr\">\ud83d\udd35INFO LE PARISIEN | En prison pour vol en bande organis\u00e9e et prox\u00e9n\u00e9tisme, un jeune homme de 18 ans projetait de s\u2019en prendre \u00e0 26 personnes<\/p>\n<p>Cette bande projetait d\u2019enlever et d\u2019agresser des chefs d\u2019entreprise, mais aussi un rappeur et\u2026 le footballeur Kylian Mbapp\u00e9<\/p>\n<p>\u27a1\ufe0f\u2026 <a target=\"_blank\" href=\"https:\/\/t.co\/GYzxRCmgVx\" rel=\"nofollow\">pic.twitter.com\/GYzxRCmgVx<\/a><\/p>\n<p>\u2014 Le Parisien (@le_Parisien) <a target=\"_blank\" href=\"https:\/\/x.com\/le_Parisien\/status\/2095120200974614532?ref_src=twsrc%5Etfw\" rel=\"nofollow\">September 2, 2026<\/a><\/p>\n<p>H\u00e1rom \u00e1lfut\u00e1r az ajt\u00f3 el\u0151tt<\/p>\n<p>\u00c1prilis 25-\u00e9n, reggel 9 \u00f3ra k\u00f6r\u00fcl Neuilly-sur-Seine-ben h\u00e1rom, k\u00e9zbes\u00edt\u0151nek \u00e1lc\u00e1zott f\u00e9rfi egy \u00fcres dobozzal \u00e9rkezett egy \u00f3r\u00e1smester h\u00e1z\u00e1hoz. A boltos csapd\u00e1t \u00e9rzett, \u00e9s nem nyitotta ki az ajt\u00f3t. A tri\u00f3 a dobozt ott hagyva elmenek\u00fclt, de terv\u00e9vel nem hagyott fel, m\u00e1jus 4-\u00e9n, P\u00e1rizsban ugyanennek az \u00f3r\u00e1snak az \u00fczlet\u00e9t megt\u00e1madt\u00e1k \u00e9s tizenegy, \u00f6sszesen 150 ezer eur\u00f3 \u00e9rt\u00e9k\u0171 luxus\u00f3r\u00e1t vittek el.<\/p>\n<p>Az egyik gyan\u00fas\u00edtottat f\u00e9l \u00f3r\u00e1val k\u00e9s\u0151bb elfogt\u00e1k, miut\u00e1n robog\u00f3j\u00e1val egy teheraut\u00f3nak \u00fctk\u00f6z\u00f6tt. Miut\u00e1n az \u00fcres doboz ujjlenyomatokat tartalmazott, a vizsg\u00e1lat el tudott indulni, v\u00e9g\u00fcl a nyomoz\u00f3k \u00edgy jutottak el Cl\u00e9ment L.-ig, aki akkor m\u00e1r el\u0151zetes letart\u00f3ztat\u00e1sban volt nemi er\u0151szak \u00e9s futtat\u00e1s, valamint rabl\u00e1s miatt.<\/p>\n<p>Keresked\u0151, rapper, szt\u00e1rfutballista<\/p>\n<p>Kider\u00fclt, hogy b\u00f6rt\u00f6n ide vagy oda, \u0151 \u201eLester Z\u201d \u00e1ln\u00e9ven a Snapchat-en \u00e1t, a cell\u00e1j\u00e1b\u00f3l ir\u00e1ny\u00edtotta a b\u0171ncselekm\u00e9nyeket. A b\u00f6rt\u00f6n\u0151r\u00f6k k\u00e9t telefont foglaltak le, \u00e9s az elemz\u00e9s\u00fck sor\u00e1n a rend\u0151rs\u00e9g huszonhat olyan c\u00edmet fedezett fel, amelyek gazdag \u00e9nekesekhez, focist\u00e1khoz \u00e9s \u00fczletemberekhez tartoztak.<\/p>\n<p>Akadt k\u00f6zt\u00fck k\u00ednai nagykeresked\u0151, \u00e9kszer\u00e9szek egy \u2013 \u00e1ll\u00edt\u00f3lag \u2013 t\u00f6bb milli\u00f3s vagyonnal rendelkez\u0151 t\u00f6r\u00f6k h\u00faskeresked\u0151, egy men\u0151 rapper\u2026 \u00e9s Kylian Mbapp\u00e9.<\/p>\n<p>Cl\u00e9ment majdnem kics\u00faszott a hat\u00f3s\u00e1g kezeib\u0151l, augusztus 19-\u00e9n a nyomoz\u00f3k \u00e9ppen id\u0151ben fogt\u00e1k el, amikor elhagyta a bobigny-i b\u00edr\u00f3s\u00e1got. Az aznapra kit\u0171z\u00f6tt t\u00e1rgyal\u00e1s\u00e1t \u00e9ppen elhalasztott\u00e1k, amikor lecsaptak r\u00e1.<\/p>\n<p>Pedig csak szak\u00e1cs szeretne lenni<\/p>\n<p>A kihallgat\u00e1s sor\u00e1n a fiatalember beismer\u0151 vallom\u00e1st tett, igaz, pr\u00f3b\u00e1lta elbagatelliz\u00e1lni az \u00fcgyet. Azt \u00e1ll\u00edtotta, hogy nem \u0151 volt a kitervel\u0151, csup\u00e1n k\u00f6zvet\u00edtett egy titokzatos vezet\u0151 \u00e9s a szabadl\u00e1bon l\u00e9v\u0151 bandatagok k\u00f6z\u00f6tt.<\/p>\n<p>Tudom, hogy a t\u00e9nyek komolyak. De mag\u00e1nz\u00e1rk\u00e1ban vagyok, \u0151r\u00fcltek \u00e9s terrorist\u00e1k vesznek k\u00f6r\u00fcl, \u00e9s nem hiszem, hogy ett\u0151l jobb leszek. Nagyon szeretn\u00e9k szak\u00e1cs lenni, ez volt az \u00e1lmom kisfi\u00fa korom \u00f3ta<\/p>\n<p>\u2013 id\u00e9zte a Le Parisien.<\/p>\n<p>Cl\u00e9ment ugyanakkor tov\u00e1bbra is mag\u00e1nz\u00e1rk\u00e1ban \u00e9s el\u0151zetes letart\u00f3ztat\u00e1sban maradt, a nyomoz\u00e1s feladata, hogy meg\u00e1llap\u00edtsa, hogy az egyes tervek val\u00f3j\u00e1ban milyen messzire jutottak, \u00e9s mi volt a tov\u00e1bbi gyan\u00fas\u00edtottak konkr\u00e9t szerepe.<\/p>\n<p>\t\t<script async src=\"https:\/\/platform.twitter.com\/widgets.js\" charset=\"utf-8\"><\/script><\/p>\n","protected":false},"excerpt":{"rendered":"A Real Madrid 27 \u00e9ves, vil\u00e1gbajnok csat\u00e1ra, Kylian Mbapp\u00e9 azon 26 ember k\u00f6z\u00f6tt volt, akiket egy 18 \u00e9ves&hellip;\n","protected":false},"author":2,"featured_media":231284,"comment_status":"","ping_status":"","sticky":false,"template":"","format":"standard","meta":{"footnotes":"","_share_on_mastodon":"0"},"categories":[8],"tags":[1078,4500,378,32982,42,4988,502,43,34,45,94,93,92],"class_list":["post-231283","post","type-post","status-publish","format-standard","has-post-thumbnail","category-vilag","tag-bunugy","tag-emberrablas","tag-foci","tag-francia-foci","tag-hungarian","tag-kylian-mbappe","tag-labdarugas","tag-magyar","tag-news","tag-sport","tag-vilag","tag-world","tag-world-news"],"share_on_mastodon":{"url":"https:\/\/pubeurope.com\/@hu\/117206911857983208","error":""},"_links":{"self":[{"href":"https:\/\/www.europesays.com\/hu\/wp-json\/wp\/v2\/posts\/231283","targetHints":{"allow":["GET"]}}],"collection":[{"href":"https:\/\/www.europesays.com\/hu\/wp-json\/wp\/v2\/posts"}],"about":[{"href":"https:\/\/www.europesays.com\/hu\/wp-json\/wp\/v2\/types\/post"}],"author":[{"embeddable":true,"href":"https:\/\/www.europesays.com\/hu\/wp-json\/wp\/v2\/users\/2"}],"replies":[{"embeddable":true,"href":"https:\/\/www.europesays.com\/hu\/wp-json\/wp\/v2\/comments?post=231283"}],"version-history":[{"count":0,"href":"https:\/\/www.europesays.com\/hu\/wp-json\/wp\/v2\/posts\/231283\/revisions"}],"wp:featuredmedia":[{"embeddable":true,"href":"https:\/\/www.europesays.com\/hu\/wp-json\/wp\/v2\/media\/231284"}],"wp:attachment":[{"href":"https:\/\/www.europesays.com\/hu\/wp-json\/wp\/v2\/media?parent=231283"}],"wp:term":[{"taxonomy":"category","embeddable":true,"href":"https:\/\/www.europesays.com\/hu\/wp-json\/wp\/v2\/categories?post=231283"},{"taxonomy":"post_tag","embeddable":true,"href":"https:\/\/www.europesays.com\/hu\/wp-json\/wp\/v2\/tags?post=231283"}],"curies":[{"name":"wp","href":"https:\/\/api.w.org\/{rel}","templated":true}]}}