{"id":231301,"date":"2026-09-03T11:53:12","date_gmt":"2026-09-03T11:53:12","guid":{"rendered":"https:\/\/www.europesays.com\/hu\/231301\/"},"modified":"2026-09-03T11:53:12","modified_gmt":"2026-09-03T11:53:12","slug":"raszabadultak-az-amerikai-tengereszek-a-thaifoldi-szexkozpontra","status":"publish","type":"post","link":"https:\/\/www.europesays.com\/hu\/231301\/","title":{"rendered":"R\u00e1szabadultak az amerikai tenger\u00e9szek a thaif\u00f6ldi szexk\u00f6zpontra"},"content":{"rendered":"<p class=\"\">\n    Ahogy tegnap <a href=\"https:\/\/444.hu\/2026\/09\/02\/kikotott-a-thaifoldi-szexkozpontban-a-250-napja-uton-levo-amerikai-hadihajo\" target=\"_blank\" rel=\"nofollow noopener\">meg\u00edrtuk<\/a>, 250 nap ut\u00e1n kik\u00f6t\u00f6tt Pattaya mellett az amerikai haditenger\u00e9szet Abraham Lincoln rep\u00fcl\u0151g\u00e9p-hordoz\u00f3ja, \u00e9s a leg\u00e9nys\u00e9g r\u00e1szabadult a vil\u00e1g egyik legkomolyabb szexturizmus-k\u00f6zpontj\u00e1ra. A <a href=\"https:\/\/www.bbc.com\/news\/articles\/cj9x2k8n3y1o\" target=\"_blank\" rel=\"nofollow noopener\">BBC<\/a> j\u00f3volt\u00e1b\u00f3l pedig az els\u0151 h\u00edrek is meg\u00e9rkeztek arr\u00f3l, mit csin\u00e1lnak a matr\u00f3zok, miut\u00e1n v\u00e9gre sz\u00e1razf\u00f6ld\u00f6n vannak:\n  <\/p>\n<p>    Elmentek shoppingolni, majd alaposan felt\u00f6ltekeztek alkohollal,v\u00e9g\u00fcl nightclubokat l\u00e1togattak<\/p>\n<p>    <a href=\"https:\/\/www.europesays.com\/hu\/wp-content\/uploads\/2026\/09\/8O221i8cF1tr1e7165s.jpeg\" class=\"uwwrama _1chu0ywg _8b6bx65\" rel=\"nofollow\"><\/p>\n<p>  <img decoding=\"async\" loading=\"lazy\" src=\"https:\/\/www.europesays.com\/hu\/wp-content\/uploads\/2026\/09\/8O221i8cF1tr1e7165s.jpeg\"   class=\"_672m2jd _1chu0ywo ta3a4c1ey ta3a4c1aa he2knv4 ta3a4c1ey ta3a4czs\" style=\"--_672m2j6:1.50;--_672m2j5:2560px 1707px\" alt=\"\"\/><\/p>\n<p>      <\/a><\/p>\n<p>\n              Az Abraham Lincoln Thaif\u00f6ld\u00f6n k\u00f6t\u00f6tt ki\n            <\/p>\n<p>\n              Fot\u00f3:<br \/>\n                ANTHONY WALLACE\/AFP\n            <\/p>\n<p class=\"\">\n    De nem igaz\u00e1n besz\u00e9ltek arr\u00f3l, milyen \u00e1llapotok uralkodtak a rep\u00fcl\u0151g\u00e9p-hordoz\u00f3n. (A h\u00edrek szerint <a href=\"https:\/\/444.hu\/2026\/08\/15\/a-sulyos-mentalis-problemakkal-kuzdo-tengereszekrol-szolo-hirek-hallatan-trump-egyszeruen-beszolt-nekik\" target=\"_blank\" rel=\"nofollow noopener\">nagyon rosszak<\/a>.)\n  <\/p>\n","protected":false},"excerpt":{"rendered":"Ahogy tegnap meg\u00edrtuk, 250 nap ut\u00e1n kik\u00f6t\u00f6tt Pattaya mellett az amerikai haditenger\u00e9szet Abraham Lincoln rep\u00fcl\u0151g\u00e9p-hordoz\u00f3ja, \u00e9s a leg\u00e9nys\u00e9g&hellip;\n","protected":false},"author":2,"featured_media":231302,"comment_status":"","ping_status":"","sticky":false,"template":"","format":"standard","meta":{"footnotes":"","_share_on_mastodon":"0"},"categories":[33],"tags":[14103,3935,38,35,37,44,42,40,64,43,41,34,897,61103,701,36,39],"class_list":["post-231301","post","type-post","status-publish","format-standard","has-post-thumbnail","category-hirek","tag-abraham-lincoln","tag-amerikai-haditengereszet","tag-focimek","tag-headlines","tag-hirek","tag-hu","tag-hungarian","tag-hungary","tag-kulfold","tag-magyar","tag-magyarorszag","tag-news","tag-pattaya","tag-szexturizmus","tag-thaifold","tag-top-stories","tag-vezeto-hirek"],"share_on_mastodon":{"url":"https:\/\/pubeurope.com\/@hu\/117206975269001060","error":""},"_links":{"self":[{"href":"https:\/\/www.europesays.com\/hu\/wp-json\/wp\/v2\/posts\/231301","targetHints":{"allow":["GET"]}}],"collection":[{"href":"https:\/\/www.europesays.com\/hu\/wp-json\/wp\/v2\/posts"}],"about":[{"href":"https:\/\/www.europesays.com\/hu\/wp-json\/wp\/v2\/types\/post"}],"author":[{"embeddable":true,"href":"https:\/\/www.europesays.com\/hu\/wp-json\/wp\/v2\/users\/2"}],"replies":[{"embeddable":true,"href":"https:\/\/www.europesays.com\/hu\/wp-json\/wp\/v2\/comments?post=231301"}],"version-history":[{"count":0,"href":"https:\/\/www.europesays.com\/hu\/wp-json\/wp\/v2\/posts\/231301\/revisions"}],"wp:featuredmedia":[{"embeddable":true,"href":"https:\/\/www.europesays.com\/hu\/wp-json\/wp\/v2\/media\/231302"}],"wp:attachment":[{"href":"https:\/\/www.europesays.com\/hu\/wp-json\/wp\/v2\/media?parent=231301"}],"wp:term":[{"taxonomy":"category","embeddable":true,"href":"https:\/\/www.europesays.com\/hu\/wp-json\/wp\/v2\/categories?post=231301"},{"taxonomy":"post_tag","embeddable":true,"href":"https:\/\/www.europesays.com\/hu\/wp-json\/wp\/v2\/tags?post=231301"}],"curies":[{"name":"wp","href":"https:\/\/api.w.org\/{rel}","templated":true}]}}