{"id":231307,"date":"2026-09-03T12:00:08","date_gmt":"2026-09-03T12:00:08","guid":{"rendered":"https:\/\/www.europesays.com\/hu\/231307\/"},"modified":"2026-09-03T12:00:08","modified_gmt":"2026-09-03T12:00:08","slug":"index-kultur-szirtes-tamas-bejelentette-kikben-latja-a-madach-szinhaz-jovojet","status":"publish","type":"post","link":"https:\/\/www.europesays.com\/hu\/231307\/","title":{"rendered":"Index &#8211; Kult\u00far &#8211; Szirtes Tam\u00e1s bejelentette, kikben l\u00e1tja a Mad\u00e1ch Sz\u00ednh\u00e1z j\u00f6v\u0151j\u00e9t"},"content":{"rendered":"<p>Szirtes Tam\u00e1s bemutatta a <a href=\"https:\/\/index.hu\/kultur\/2026\/08\/11\/madach-szinhaz-szirtes-tamas-igazgatoi-palyazat-tarsadalmi-kapcsolatokert-es-kulturaert-felelos-miniszterium-szidosz\/\" id=\"hyperlink_f9b34aa4394781f6f6af23b45139e8b3\" target=\"_blank\" title=\"Legend\u00e1s igazgat\u00f3 m\u00e9retik meg a f\u0151v\u00e1rosi sz\u00ednh\u00e1z \u00e9l\u00e9n\" data-recommendation=\"bekezdes_utan\" data-recommendation-preview=\"{&quot;og:title&quot;:&quot;Legend\u00e1s igazgat\u00f3 m\u00e9retik meg a f\\u0151v\u00e1rosi sz\u00ednh\u00e1z \u00e9l\u00e9n&quot;,&quot;og:description&quot;:&quot;T\u00f6bb mint h\u00fasz \u00e9v ut\u00e1n \u00fajra bizony\u00edtania kell.&quot;,&quot;og:image&quot;:&quot;\\\/\\\/kep.cdn.indexvas.hu\\\/1\\\/0\\\/5066\\\/50668\\\/506684\\\/50668469_3862873_230466f0daadc9bea1cf2aa4abd9e42f_wm.jpg&quot;}\" data-recommendation-id=\"6261399\" rel=\"nofollow noopener\">Mad\u00e1ch Sz\u00ednh\u00e1z<\/a> \u00faj m\u0171v\u00e9szeti tan\u00e1cs\u00e1t, amelyben Vaszilenko Eug\u00e9nia, Posta Victor \u00e9s Jen\u0151v\u00e1ri Mikl\u00f3s kap helyet. A h\u00e1rom alkot\u00f3 nem \u00faj szerepl\u0151je az int\u00e9zm\u00e9nynek, \u00e9vek \u00f3ta dolgoznak egy\u00fctt az igazgat\u00f3val, mostant\u00f3l azonban hivatalosan is k\u00f6z\u00f6sen vesznek r\u00e9szt a sz\u00ednh\u00e1z m\u0171v\u00e9szeti munk\u00e1j\u00e1ban \u00e9s j\u00f6v\u0151j\u00e9nek alak\u00edt\u00e1s\u00e1ban \u2013 \u00e1ll a sz\u00ednh\u00e1z k\u00f6zlem\u00e9ny\u00e9ben.<\/p>\n<p>A bejelent\u00e9s az\u00e9rt is \u00e9rdekes, mert Szirtes Tam\u00e1s augusztusban az Indexnek m\u00e1r arr\u00f3l besz\u00e9lt, hogy a k\u00f6vetkez\u0151 vezet\u0151i gener\u00e1ci\u00f3 felk\u00e9sz\u00edt\u00e9s\u00e9re k\u00e9sz\u00fcl. Akkor m\u00e9g neveket nem mondott, csup\u00e1n annyit \u00e1rult el, hogy k\u00e9t sz\u00edn\u00e9szb\u0151l \u00e9s egy t\u00e1ncos-koreogr\u00e1fusb\u00f3l \u00e1ll majd fel a m\u0171v\u00e9szeti tan\u00e1cs.<\/p>\n<p>Ma m\u00e1r l\u00e1tom azokat a tehets\u00e9ges embereket, akikb\u0151l a Mad\u00e1ch Sz\u00ednh\u00e1z k\u00f6vetkez\u0151 vezet\u0151i gener\u00e1ci\u00f3ja kialakulhat<\/p>\n<p>\u2013 fogalmazott akkor lapunknak. Hozz\u00e1tette, hogy n\u00e9h\u00e1ny \u00e9ven bel\u00fcl a fenntart\u00f3 ak\u00e1r k\u00f6z\u00fcl\u00fck is v\u00e1laszthat majd ut\u00f3dot.<\/p>\n<p>                        H\u00e1rom k\u00fcl\u00f6nb\u00f6z\u0151 szakmai h\u00e1tt\u00e9r<\/p>\n<p>Szirtes Tam\u00e1s szerint Vaszilenko Eug\u00e9nia, Posta Victor \u00e9s Jen\u0151v\u00e1ri Mikl\u00f3s egym\u00e1st kieg\u00e9sz\u00edt\u0151 tud\u00e1st k\u00e9pviselnek, ami k\u00fcl\u00f6n\u00f6sen fontos egy nagy zen\u00e9s sz\u00ednh\u00e1z m\u0171k\u00f6d\u00e9s\u00e9ben.<\/p>\n<p>Mindh\u00e1rmukban azt a szakmai tud\u00e1st, sz\u00ednh\u00e1zi tapasztalatot, megb\u00edzhat\u00f3s\u00e1got \u00e9s gondolkod\u00e1sm\u00f3dot \u00e9rt\u00e9kelem, amelyre egy nagy zen\u00e9s sz\u00ednh\u00e1z vezet\u00e9s\u00e9ben \u00e9s m\u0171v\u00e9szeti munk\u00e1j\u00e1ban sz\u00fcks\u00e9g van. Elhivatotts\u00e1guk, friss szeml\u00e9let\u00fck seg\u00edt, hogy a Mad\u00e1ch Sz\u00ednh\u00e1z a hagyom\u00e1nyok \u00e1pol\u00e1sa mellett az \u00e1lland\u00f3 meg\u00fajul\u00e1ssal, a zen\u00e9s sz\u00ednh\u00e1zi m\u0171faj gyors fejl\u0151d\u00e9s\u00e9vel tudja megsz\u00f3l\u00edtani loj\u00e1lis \u00e9s nagysz\u00e1m\u00fa k\u00f6z\u00f6ns\u00e9g\u00e9t<\/p>\n<p>\u2013 fogalmazott Szirtes Tam\u00e1s.<\/p>\n<p>Vaszilenko Eug\u00e9nia t\u00e1ncosk\u00e9nt kezdte p\u00e1ly\u00e1j\u00e1t a Mad\u00e1chban, majd koreogr\u00e1fus-asszisztensk\u00e9nt, rendez\u0151asszisztensk\u00e9nt \u00e9s koreogr\u00e1fusk\u00e9nt is dolgozott. Az elm\u00falt \u00e9vekben t\u00f6bb nagysz\u00ednpadi produkci\u00f3 l\u00e9trehoz\u00e1s\u00e1ban vett r\u00e9szt, k\u00f6zt\u00fck a Mamma Mia!, A nyomorultak, a J\u00e9gvar\u00e1zs \u00e9s a SIX bemutat\u00f3j\u00e1ban, jelenleg pedig az Evita sz\u00ednpadra \u00e1ll\u00edt\u00e1s\u00e1n dolgozik.<\/p>\n<p>Posta Victor zen\u00e9szk\u00e9nt, sz\u00edn\u00e9szk\u00e9nt, \u00e9nekesk\u00e9nt \u00e9s rendez\u0151k\u00e9nt is k\u00f6t\u0151dik a zen\u00e9s sz\u00ednh\u00e1zhoz. A Mad\u00e1ch k\u00f6z\u00f6ns\u00e9ge els\u0151sorban Az Operah\u00e1z Fantomja c\u00edmszerep\u00e9b\u0151l ismerheti, de j\u00e1tszott t\u00f6bbek k\u00f6z\u00f6tt a Mamma Mia!, A nyomorultak \u00e9s a Pretty Woman el\u0151ad\u00e1saiban is. Rendez\u0151k\u00e9nt a IV. Mad\u00e1ch Musical P\u00e1ly\u00e1zaton a Leonardo \u2013 A renesz\u00e1nsz g\u00e9niusz c\u00edm\u0171 musicalt \u00e1ll\u00edtotta sz\u00ednpadra, amely elnyerte a p\u00e1ly\u00e1zat f\u0151d\u00edj\u00e1t.<\/p>\n<p>Jen\u0151v\u00e1ri Mikl\u00f3s szint\u00e9n sz\u00e1mos zen\u00e9s produkci\u00f3ban j\u00e1tszott m\u00e1r a Mad\u00e1chban, t\u00f6bbek k\u00f6z\u00f6tt A nyomorultakban, a Pretty Womanben, a J\u00e9gvar\u00e1zsban, a Mamma Mia!-ban \u00e9s Az Operah\u00e1z Fantomj\u00e1ban. Az Evita l\u00e9trehoz\u00e1s\u00e1ban Szirtes Tam\u00e1s rendez\u0151 munkat\u00e1rsak\u00e9nt vesz r\u00e9szt, 2026 \u00f3ta pedig a ny\u00edregyh\u00e1zi M\u00f3ricz Zsigmond Sz\u00ednh\u00e1z m\u0171v\u00e9szeti tan\u00e1csad\u00f3jak\u00e9nt is dolgozik.<\/p>\n<p>                        M\u00e1r az ut\u00f3dl\u00e1sra k\u00e9sz\u00fcl<\/p>\n<p>A m\u0171v\u00e9szeti tan\u00e1cs l\u00e9trehoz\u00e1sa szorosan kapcsol\u00f3dik Szirtes Tam\u00e1s k\u00f6vetkez\u0151 igazgat\u00f3i ciklusra vonatkoz\u00f3 terveihez. Az igazgat\u00f3 kor\u00e1bban lapunknak azt mondta, hogy ism\u00e9t megp\u00e1ly\u00e1zza a Mad\u00e1ch Sz\u00ednh\u00e1z vezet\u00e9s\u00e9t, a k\u00f6vetkez\u0151 id\u0151szak egyik legfontosabb feladat\u00e1nak pedig \u00e9ppen a vezet\u0151i tapasztalat \u00e1tad\u00e1s\u00e1t tartja.<\/p>\n<p>A most bejelentett m\u0171v\u00e9szeti tan\u00e1cs teh\u00e1t nem puszt\u00e1n \u00faj szakmai test\u00fcletk\u00e9nt jelenik meg a Mad\u00e1ch Sz\u00ednh\u00e1z \u00e9let\u00e9ben, hanem egy hosszabb vezet\u0151v\u00e1lt\u00e1si folyamat els\u0151 konkr\u00e9t l\u00e9p\u00e9sek\u00e9nt is \u00e9rtelmezhet\u0151. Szirtes Tam\u00e1s kor\u00e1bbi szavai alapj\u00e1n a h\u00e1rom m\u0171v\u00e9sz k\u00f6z\u00fcl ak\u00e1r a sz\u00ednh\u00e1z k\u00e9s\u0151bbi igazgat\u00f3ja is kiker\u00fclhet.<\/p>\n<p>\n                          (Bor\u00edt\u00f3k\u00e9p: Szirtes Tam\u00e1s 2021. j\u00falius 15-\u00e9n. Fot\u00f3: Bodn\u00e1r Patr\u00edcia \/ Index)\n                        <\/p>\n<p><a href=\"https:\/\/dex.hu\/x.php?id=googlepref_desktop&amp;url=https:\/\/google.com\/preferences\/source?q=https:\/\/index.hu\" class=\"google-pref-banner \" id=\"googlePrefBanner\" rel=\"nofollow noopener\" target=\"_blank\"><\/p>\n<p>    Itt \u00e1ll\u00edtsa be, hogy az Index az els\u0151k k\u00f6z\u00f6tt legyen a Google-tal\u00e1latokban!<\/p>\n<p><\/a><\/p>\n<p>    <img decoding=\"async\" src=\"https:\/\/index.hu\/assets\/images\/social-follow\/logo-big.svg\" alt=\"Index.hu logo\"\/><\/p>\n<p>K\u00f6vesse az Indexet Facebookon is!<\/p>\n<p>    <a href=\"https:\/\/facebook.com\/Indexhu\" target=\"_blank\" rel=\"nofollow noopener\"><\/p>\n<p>        K\u00f6vetem!<br \/>\n    <\/a><\/p>\n","protected":false},"excerpt":{"rendered":"Szirtes Tam\u00e1s bemutatta a Mad\u00e1ch Sz\u00ednh\u00e1z \u00faj m\u0171v\u00e9szeti tan\u00e1cs\u00e1t, amelyben Vaszilenko Eug\u00e9nia, Posta Victor \u00e9s Jen\u0151v\u00e1ri Mikl\u00f3s kap&hellip;\n","protected":false},"author":2,"featured_media":231308,"comment_status":"","ping_status":"","sticky":false,"template":"","format":"standard","meta":{"footnotes":"","_share_on_mastodon":"0"},"categories":[16],"tags":[151,137,44,42,40,61107,150,2915,43,41,61104,61106,1650,52127,138,61105],"class_list":["post-231307","post","type-post","status-publish","format-standard","has-post-thumbnail","category-szorakozas","tag-ce-femina","tag-entertainment","tag-hu","tag-hungarian","tag-hungary","tag-jenovari-miklos","tag-kultur","tag-madach-szinhaz","tag-magyar","tag-magyarorszag","tag-muveszeti-tanacs","tag-posta-victor","tag-szinhaz","tag-szirtes-tamas","tag-szorakozas","tag-vaszilenko-eugenia"],"share_on_mastodon":{"url":"https:\/\/pubeurope.com\/@hu\/117207002611733869","error":""},"_links":{"self":[{"href":"https:\/\/www.europesays.com\/hu\/wp-json\/wp\/v2\/posts\/231307","targetHints":{"allow":["GET"]}}],"collection":[{"href":"https:\/\/www.europesays.com\/hu\/wp-json\/wp\/v2\/posts"}],"about":[{"href":"https:\/\/www.europesays.com\/hu\/wp-json\/wp\/v2\/types\/post"}],"author":[{"embeddable":true,"href":"https:\/\/www.europesays.com\/hu\/wp-json\/wp\/v2\/users\/2"}],"replies":[{"embeddable":true,"href":"https:\/\/www.europesays.com\/hu\/wp-json\/wp\/v2\/comments?post=231307"}],"version-history":[{"count":0,"href":"https:\/\/www.europesays.com\/hu\/wp-json\/wp\/v2\/posts\/231307\/revisions"}],"wp:featuredmedia":[{"embeddable":true,"href":"https:\/\/www.europesays.com\/hu\/wp-json\/wp\/v2\/media\/231308"}],"wp:attachment":[{"href":"https:\/\/www.europesays.com\/hu\/wp-json\/wp\/v2\/media?parent=231307"}],"wp:term":[{"taxonomy":"category","embeddable":true,"href":"https:\/\/www.europesays.com\/hu\/wp-json\/wp\/v2\/categories?post=231307"},{"taxonomy":"post_tag","embeddable":true,"href":"https:\/\/www.europesays.com\/hu\/wp-json\/wp\/v2\/tags?post=231307"}],"curies":[{"name":"wp","href":"https:\/\/api.w.org\/{rel}","templated":true}]}}