{"id":231313,"date":"2026-09-03T12:05:10","date_gmt":"2026-09-03T12:05:10","guid":{"rendered":"https:\/\/www.europesays.com\/hu\/231313\/"},"modified":"2026-09-03T12:05:10","modified_gmt":"2026-09-03T12:05:10","slug":"index-kulfold-turistak-ezrei-is-veszelyben-lehetnek-mergezo-fustkod-fojtogatja-delkelet-azsiat","status":"publish","type":"post","link":"https:\/\/www.europesays.com\/hu\/231313\/","title":{"rendered":"Index &#8211; K\u00fclf\u00f6ld &#8211; Turist\u00e1k ezrei is vesz\u00e9lyben lehetnek, m\u00e9rgez\u0151 f\u00fcstk\u00f6d fojtogatja D\u00e9lkelet-\u00c1zsi\u00e1t"},"content":{"rendered":"<p>S\u0171r\u0171, m\u00e9rgez\u0151 f\u00fcstk\u00f6d lepi el Indon\u00e9zia legnagyobb szigeteit, \u00e9s a szomsz\u00e9dos orsz\u00e1gokba is \u00e1tterjed, mik\u00f6zben hetek \u00f3ta l\u00e1ngolnak az erd\u0151k \u00e9s a t\u0151zegl\u00e1pok \u2013 sz\u00e1molt be a helysz\u00ednr\u0151l a <a href=\"https:\/\/www.bbc.com\/news\/live\/cqevw9y34y34t\" id=\"hyperlink_a23ee02aae5f6f7aa814c9f67b1fdab2\" rel=\"nofollow noopener\" target=\"_blank\">BBC<\/a>. A t\u00fczek t\u00falnyom\u00f3 r\u00e9sze Kalimantanban, Borne\u00f3 indon\u00e9z r\u00e9sz\u00e9n puszt\u00edt. A h\u00edrport\u00e1l \u00f6sszes\u00edt\u00e9se szerint a legt\u00f6bb t\u0171zf\u00e9szket K\u00f6z\u00e9p-Kalimantanban azonos\u00edtott\u00e1k \u2013 itt 8572 g\u00f3cpontot m\u00e9rtek \u2013, Nyugat-Kalimantan 7617, D\u00e9l-Kalimantan pedig 1450 g\u00f3cponttal k\u00f6veti. A d\u00e9l-kalimantani tartom\u00e1nyi sz\u00e9khely, Banjarbaru k\u00f6rny\u00e9k\u00e9n az elm\u00falt k\u00e9t h\u00f3napban mintegy 1263 hekt\u00e1r erd\u0151 \u00e9s f\u00f6ldter\u00fclet \u00e9gett le, a legs\u00falyosabb k\u00e1rok a nemzetk\u00f6zi rep\u00fcl\u0151t\u00e9r \u00e9s a v\u00e9dett erd\u0151k k\u00f6zel\u00e9ben keletkeztek.<\/p>\n<p>A BBC helysz\u00ednen j\u00e1r\u00f3 munkat\u00e1rsa arr\u00f3l sz\u00e1molt be, hogy a f\u00fcst szaga m\u00e9g er\u0151s sz\u0171r\u0151maszkon kereszt\u00fcl is \u00e9rezhet\u0151, a t\u0151zegtalajb\u00f3l pedig folyamatosan sziv\u00e1rog a feh\u00e9r f\u00fcst, mintha a felsz\u00edn alatt m\u00e9g mindig par\u00e1zslana a t\u0171z.<\/p>\n<p>Az indon\u00e9z eg\u00e9szs\u00e9g\u00fcgyi miniszt\u00e9rium adatai szerint <a href=\"https:\/\/index.hu\/techtud\/2026\/05\/30\/levegominoseg-legszennyezes-hungaromet-szabalyozas-konferencia-elorejelzes-meteorologia\/\" id=\"hyperlink_32c6050ba725abfd14cd4566258ddd96\" target=\"_blank\" title=\"\u00c9vente ak\u00e1r 12 ezer magyar hal\u00e1la lenne megel\u0151zhet\u0151 egy kis odafigyel\u00e9ssel\" rel=\"nofollow noopener\">j\u00faliust\u00f3l augusztusig t\u00f6bb mint 50 ezer<\/a>, a t\u00fczekhez k\u00f6thet\u0151 l\u00e9g\u00fati megbeteged\u00e9st jegyeztek fel, ebb\u0151l t\u00f6bb mint 12 ezer esetben \u00f6t \u00e9v alatti gyermekekr\u0151l van sz\u00f3. A t\u00e1rca t\u00f6bb sz\u00e1z eg\u00e9szs\u00e9g\u00fcgyi dolgoz\u00f3t vez\u00e9nyelt a legs\u00falyosabban \u00e9rintett tartom\u00e1nyokba, valamint maszkokat \u00e9s oxig\u00e9npalackokat osztott. Palangka Ray\u00e1ban elhunyt egy \u00f6nk\u00e9ntes t\u0171zolt\u00f3csapat vezet\u0151je, Akhmad Rijani, aki egy t\u0171zeset helysz\u00edn\u00e9n esett \u00f6ssze, majd hat nap k\u00f3rh\u00e1zi kezel\u00e9s ut\u00e1n halt meg. A helyi hat\u00f3s\u00e1gok az\u00f3ta k\u00f6telez\u0151 eg\u00e9szs\u00e9g\u00fcgyi sz\u0171r\u00e9st \u00edrtak el\u0151 a bevet\u00e9s el\u0151tt \u00e1ll\u00f3 t\u0171zolt\u00f3knak \u00e9s \u00f6nk\u00e9nteseknek.<\/p>\n<p lang=\"en\" dir=\"ltr\">BREAKING: NEW Visuals from Indonesia show wildfires spreading rapidly.<\/p>\n<p>Around 285,000 hectares (704,000 acres) of land have been burned across Indonesia so far . <a href=\"https:\/\/t.co\/9UpUEZmPr8\" rel=\"nofollow\">pic.twitter.com\/9UpUEZmPr8<\/a><\/p>\n<p>\u2014 World Updates (@Updatesofwworld) <a href=\"https:\/\/x.com\/Updatesofwworld\/status\/2091144855439462908?ref_src=twsrc%5Etfw\" rel=\"nofollow\">August 22, 2026<\/a><br \/>\n                        \u201eM\u00e9g a saj\u00e1t l\u00e1badat sem l\u00e1ttad\u201d<\/p>\n<p>Banjarbaruban egy \u00f3vodai csoportban <a href=\"https:\/\/index.hu\/kulfold\/2025\/11\/12\/india-delhi-hibrid-oktatas-iskola-legszennyezes-levegominoseg\/\" id=\"hyperlink_233cfe4618e7035e8b9fe76319d0d397\" target=\"_blank\" title=\"Annyira magas a l\u00e9gszennyez\u00e9s Indi\u00e1ban, hogy a f\u0151v\u00e1rosi iskol\u00e1k \u00e1t\u00e1llnak hibrid oktat\u00e1sra\" rel=\"nofollow noopener\">k\u00e9t h\u00e9tre felf\u00fcggesztett\u00e9k a foglalkoz\u00e1sokat<\/a>. Rizma Nur Fatimah, a 19 \u00e9ves pedag\u00f3giai asszisztens a BBC-nek \u00fagy fogalmazott: olyan s\u0171r\u0171 volt a f\u00fcst, hogy \u201em\u00e9g a saj\u00e1t l\u00e1badat sem l\u00e1ttad\u201d, \u00e9s \u201ea z\u00e1rt ablakok mellett, a h\u00e1zon bel\u00fcl is besziv\u00e1rgott a f\u00fcstk\u00f6d\u201d. Mint mondta, a k\u00f6rny\u00e9ken minden sz\u00e1raz \u00e9vszakban \u00e9gnek a f\u00f6ldek, de id\u00e9n rosszabb a helyzet: \u201eEzzel \u00e9l\u00fcnk, ami\u00f3ta megsz\u00fclettem. Minden \u00e9vben ugyanez, m\u00e1r-m\u00e1r belet\u00f6r\u0151dt\u00fcnk. De id\u00e9n er\u0151sebb a sz\u00e9l.\u201d<\/p>\n<p>Misbah, egy 23 \u00e9ves \u00e9desanya, akinek h\u00e1rom\u00e9ves kisl\u00e1nya egy le\u00e9gett ter\u00fclett\u0151l nagyj\u00e1b\u00f3l h\u00fasz l\u00e9p\u00e9sre l\u00e9v\u0151 \u00f3vod\u00e1ba j\u00e1r, arr\u00f3l besz\u00e9lt, hogy t\u00edz napra online oktat\u00e1sra t\u00e9rtek \u00e1t, a l\u00e1t\u00f3t\u00e1vols\u00e1g reggelente k\u00e9t m\u00e9terre cs\u00f6kkent, a gyermek\u00e9n\u00e9l pedig k\u00f6h\u00f6g\u00e9s, torokf\u00e1j\u00e1s \u00e9s orrfoly\u00e1s jelentkezett. A csal\u00e1dok a r\u00e9seket is t\u00f6m\u00edtett\u00e9k, hogy kiz\u00e1rj\u00e1k a f\u00fcst\u00f6t a lak\u00e1sb\u00f3l.<\/p>\n<p lang=\"en\" dir=\"ltr\">Breaking : Horrifying visuals show panic among residents as wildfires spread toward residential areas in Central Kalimantan, Indonesia . <a href=\"https:\/\/t.co\/KSAgrVDVqa\" rel=\"nofollow\">pic.twitter.com\/KSAgrVDVqa<\/a><\/p>\n<p>\u2014 World Updates (@Updatesofwworld) <a href=\"https:\/\/x.com\/Updatesofwworld\/status\/2094768344687886774?ref_src=twsrc%5Etfw\" rel=\"nofollow\">September 1, 2026<\/a><br \/>\n                        A f\u00fcst \u00e1tl\u00e9pte a hat\u00e1rokat<\/p>\n<p>A malajziai Sarawak \u00e1llamban a l\u00e9gszennyezetts\u00e9gi index t\u00f6bb k\u00f6rzetben az eg\u00e9szs\u00e9gtelen kateg\u00f3ri\u00e1ba ker\u00fclt, a hat\u00f3s\u00e1gok pedig t\u00f6bb v\u00e1rosban felf\u00fcggesztett\u00e9k a jelenl\u00e9ti oktat\u00e1st; orsz\u00e1gosan n\u0151 az asztm\u00e1s \u00e9s k\u00f6t\u0151h\u00e1rtya-gyullad\u00e1sos esetek sz\u00e1ma. A F\u00fcl\u00f6p-szigeteken a d\u00e9lnyugati monszun, a habagat sodorja \u00e9szak fel\u00e9 a f\u00fcst\u00f6t. Egy palawani orvos, Precious Ba\u00f1as-Melad a BBC-nek elmondta: csal\u00e1dtagjain\u00e1l szem-, orr- \u00e9s torokviszket\u00e9s, majd enyhe fejf\u00e1j\u00e1s jelentkezett, vas\u00e1rnap pedig \u00e9gett szagot \u00e9reztek. \u201eKih\u00faztuk a telev\u00edzi\u00f3t, a k\u00e1v\u00e9f\u0151z\u0151t \u00e9s a t\u00f6bbi k\u00e9sz\u00fcl\u00e9ket, mert azt hitt\u00fck, azok okozz\u00e1k a szagot. Azt\u00e1n az interneten kider\u00fclt, hogy az indon\u00e9z erd\u0151t\u00fczekr\u0151l van sz\u00f3\u201d \u2013 id\u00e9zte a brit h\u00edrport\u00e1l.<\/p>\n<p>Szingap\u00farban egyel\u0151re fesz\u00fclten figyelik a l\u00e9gszennyezetts\u00e9gi mutat\u00f3kat. A korm\u00e1ny \u00e9s a kereskedelmi l\u00e1ncok N95-\u00f6s maszkokat halmoztak fel, az iskol\u00e1k cs\u00f6kkentik a szabadt\u00e9ri programokat, az okt\u00f3ber elej\u00e9n t\u00f6bb sz\u00e1zezer n\u00e9z\u0151t vonz\u00f3 Forma\u20131-es futam szervez\u0151i pedig v\u00e9szforgat\u00f3k\u00f6nyvet dolgoztak ki maszkk\u00e9szletekkel \u00e9s k\u00e9szenl\u00e9ti orvosi ell\u00e1t\u00e1ssal.<\/p>\n<p>                        T\u00f6bb \u00e9vtizedes probl\u00e9ma<\/p>\n<p>A BBC \u00f6ssze\u00e1ll\u00edt\u00e1sa szerint a v\u00e1ls\u00e1g gy\u00f6kerei \u00e9vtizedekre ny\u00falnak vissza: a probl\u00e9ma azut\u00e1n mer\u00fclt fel, hogy megnyitott\u00e1k a Kalimantan hatalmas es\u0151erd\u0151- \u00e9s t\u0151zegter\u00fcleteit a fakitermel\u00e9s, az \u00fcltetv\u00e9nyek \u00e9s a nagyberuh\u00e1z\u00e1sok el\u0151tt. A lecsapolt t\u0151zegl\u00e1pok \u00e9s az olajp\u00e1lma-\u00fcltetv\u00e9nyek k\u00fcl\u00f6n\u00f6sen s\u00e9r\u00fcl\u00e9kenny\u00e9 teszik a t\u00e1jat, \u00edgy a t\u00fczek \u00e9vr\u0151l \u00e9vre ugyanott lobbannak fel.<\/p>\n<p>A mostani helyzet sokakban a 2015-\u00f6s katasztr\u00f3f\u00e1t id\u00e9zi, amikor az el\u0151z\u0151 \u201eszuper El Ni\u00f1o\u201d idej\u00e9n j\u00fanius \u00e9s okt\u00f3ber k\u00f6z\u00f6tt 2,6 milli\u00f3 hekt\u00e1r \u00e9gett le Indon\u00e9zi\u00e1ban \u2013 a bali szigetn\u00e9l n\u00e9gy \u00e9s f\u00e9lszer nagyobb ter\u00fclet \u2013, 24-en meghaltak, a f\u00fcstk\u00f6d pedig h\u00f3napokra bebor\u00edtotta a szomsz\u00e9dos orsz\u00e1gokat.\u00a0<\/p>\n<p>\n                          (Bor\u00edt\u00f3k\u00e9p:\u00a0L\u00e9gi felv\u00e9tel a d\u00e9l-szum\u00e1trai Palembangban tal\u00e1lhat\u00f3, Musi foly\u00f3 felett \u00e1t\u00edvel\u0151 Ampera h\u00eddr\u00f3l, amelyet erd\u0151t\u00fczek okozta f\u00fcstk\u00f6d bor\u00edt, 2026. szeptember 3-\u00e1n. (Fot\u00f3: Al Zulkifli \/ AFP)\n                        <\/p>\n<p><a href=\"https:\/\/dex.hu\/x.php?id=googlepref_desktop&amp;url=https:\/\/google.com\/preferences\/source?q=https:\/\/index.hu\" class=\"google-pref-banner \" id=\"googlePrefBanner\" rel=\"nofollow noopener\" target=\"_blank\"><\/p>\n<p>    Itt \u00e1ll\u00edtsa be, hogy az Index az els\u0151k k\u00f6z\u00f6tt legyen a Google-tal\u00e1latokban!<\/p>\n<p><\/a><\/p>\n<p>    <img decoding=\"async\" src=\"https:\/\/index.hu\/assets\/images\/social-follow\/logo-big.svg\" alt=\"Index.hu logo\"\/><\/p>\n<p>K\u00f6vesse az Indexet Facebookon is!<\/p>\n<p>    <a href=\"https:\/\/facebook.com\/Indexhu\" target=\"_blank\" rel=\"nofollow noopener\"><\/p>\n<p>        K\u00f6vetem!<br \/>\n    <\/a><\/p>\n<p>                    <script async src=\"https:\/\/platform.twitter.com\/widgets.js\" charset=\"utf-8\"><\/script><\/p>\n","protected":false},"excerpt":{"rendered":"S\u0171r\u0171, m\u00e9rgez\u0151 f\u00fcstk\u00f6d lepi el Indon\u00e9zia legnagyobb szigeteit, \u00e9s a szomsz\u00e9dos orsz\u00e1gokba is \u00e1tterjed, mik\u00f6zben hetek \u00f3ta l\u00e1ngolnak&hellip;\n","protected":false},"author":2,"featured_media":231314,"comment_status":"","ping_status":"","sticky":false,"template":"","format":"standard","meta":{"footnotes":"","_share_on_mastodon":"0"},"categories":[8],"tags":[61109,152,38312,29456,6142,35844,42,16079,64,43,34,27801,3321,94,93,92],"class_list":["post-231313","post","type-post","status-publish","format-standard","has-post-thumbnail","category-vilag","tag-borneo","tag-ce-napi","tag-delkelet-azsia","tag-erdotuz","tag-fust","tag-fustmergezes","tag-hungarian","tag-indonezia","tag-kulfold","tag-magyar","tag-news","tag-szumatra","tag-tuz","tag-vilag","tag-world","tag-world-news"],"share_on_mastodon":{"url":"https:\/\/pubeurope.com\/@hu\/117207022508585149","error":""},"_links":{"self":[{"href":"https:\/\/www.europesays.com\/hu\/wp-json\/wp\/v2\/posts\/231313","targetHints":{"allow":["GET"]}}],"collection":[{"href":"https:\/\/www.europesays.com\/hu\/wp-json\/wp\/v2\/posts"}],"about":[{"href":"https:\/\/www.europesays.com\/hu\/wp-json\/wp\/v2\/types\/post"}],"author":[{"embeddable":true,"href":"https:\/\/www.europesays.com\/hu\/wp-json\/wp\/v2\/users\/2"}],"replies":[{"embeddable":true,"href":"https:\/\/www.europesays.com\/hu\/wp-json\/wp\/v2\/comments?post=231313"}],"version-history":[{"count":0,"href":"https:\/\/www.europesays.com\/hu\/wp-json\/wp\/v2\/posts\/231313\/revisions"}],"wp:featuredmedia":[{"embeddable":true,"href":"https:\/\/www.europesays.com\/hu\/wp-json\/wp\/v2\/media\/231314"}],"wp:attachment":[{"href":"https:\/\/www.europesays.com\/hu\/wp-json\/wp\/v2\/media?parent=231313"}],"wp:term":[{"taxonomy":"category","embeddable":true,"href":"https:\/\/www.europesays.com\/hu\/wp-json\/wp\/v2\/categories?post=231313"},{"taxonomy":"post_tag","embeddable":true,"href":"https:\/\/www.europesays.com\/hu\/wp-json\/wp\/v2\/tags?post=231313"}],"curies":[{"name":"wp","href":"https:\/\/api.w.org\/{rel}","templated":true}]}}