{"id":231321,"date":"2026-09-03T12:15:10","date_gmt":"2026-09-03T12:15:10","guid":{"rendered":"https:\/\/www.europesays.com\/hu\/231321\/"},"modified":"2026-09-03T12:15:10","modified_gmt":"2026-09-03T12:15:10","slug":"sydney-sweeney-pucerfelsoben-erkezett-a-velencei-filmfesztivalra","status":"publish","type":"post","link":"https:\/\/www.europesays.com\/hu\/231321\/","title":{"rendered":"Sydney Sweeney puc\u00e9rfels\u0151ben \u00e9rkezett a Velencei Filmfesztiv\u00e1lra"},"content":{"rendered":"<p>Sydney Sweeney, az <a href=\"https:\/\/port.hu\/adatlap\/film\/tv\/euforia-euphoria\/movie-211196\" id=\"548a6b9d-87f9-49b1-b24c-ea8e1372766e\" target=\"_blank\" rel=\"nofollow noopener\">Euf\u00f3ria<\/a> 28 \u00e9ves szt\u00e1rja nem kis felt\u0171n\u00e9st keltett, amikor landolt Velenc\u00e9ben, hiszen m\u00e1r a rept\u00e9ri outfitje is arra utalt, hogy nemsok\u00e1ra a filmfesztiv\u00e1l v\u00f6r\u00f6s sz\u0151nyeg\u00e9n fog s\u00e9t\u00e1lni. Sweeney egy csipk\u00e9s, rombusz alak\u00fa meztelenfels\u0151t v\u00e1lasztott, ami szinte teljesen \u00e1tl\u00e1tsz\u00f3 volt, \u00e9s alig takarta fels\u0151test\u00e9t. A bl\u00faz al\u00e1 melltart\u00f3t sem vett a sz\u00edn\u00e9szn\u0151, ugyanakkor a fodrok sikkess\u00e9 tett\u00e9k a szettet, mert a fels\u0151h\u00f6z passzol\u00f3 sz\u00edn\u0171 bermudanadr\u00e1got \u00e9s magassark\u00fat v\u00e1lasztott.<\/p>\n<p>Fendi t\u00e1sk\u00e1ja, napszem\u00fcvege \u00e9s gy\u00e9m\u00e1nt f\u00fclbeval\u00f3i pedig csak fokozt\u00e1k <a href=\"https:\/\/www.glamour.hu\/divat\/sydney-sweeney-arcpirito-ruha\/33dkkvb\" id=\"72898fcc-ab02-4ed0-bbde-d7bc2203dcf6\" rel=\"nofollow noopener\" target=\"_blank\">Sydney Sweeney<\/a> eleg\u00e1ns megjelen\u00e9s\u00e9t, aki mosolyg\u00f3san \u00e9rkezett meg Olaszorsz\u00e1gba, puszikat dob\u00e1lt rajong\u00f3inak \u00e9s sz\u00edvesen \u00e1llt meg egy-egy k\u00f6z\u00f6s fot\u00f3 vagy al\u00e1\u00edr\u00e1s erej\u00e9ig. Az az \u00e9rz\u00e9s\u00fcnk, hogy a v\u00f6r\u00f6s sz\u0151nyeges megjelen\u00e9sei is ugyanolyan ragyog\u00f3ak lesznek, \u00fagyhogy k\u00edv\u00e1ncsian v\u00e1rjuk a k\u00f6vetkez\u0151 napok szettjeit! A sz\u00edn\u00e9szn\u0151 egy\u00e9bk\u00e9nt m\u00e1r 2022-ben, 2023-ban \u00e9s 2024-ben is r\u00e9szt vett a <a href=\"https:\/\/www.glamour.hu\/divat\/velencei-filmfesztival-meresz-ruhak\/38vgjn2\" id=\"bc2abd69-d42c-4439-b85e-f644f5db1eb4\" rel=\"nofollow noopener\" target=\"_blank\">Velencei Filmfesztiv\u00e1lon<\/a>, az Armani Beauty nagyk\u00f6vetek\u00e9nt. <\/p>\n<p>                <a class=\"position-absolute pinterestImgShare\" href=\"https:\/\/pinterest.com\/pin\/create\/button\/?url=https:\/\/image.glamour.hu\/1\/MuAk9kpTURBXy81MGZlZDMzN2E0YjlmYjQyYzhjMGZjYmM1MzAzZjY1Yi5qcGeRlQMAAM0VWM0gAN4AAaEwBQ&amp;media=https:\/\/image.glamour.hu\/1\/MuAk9kpTURBXy81MGZlZDMzN2E0YjlmYjQyYzhjMGZjYmM1MzAzZjY1Yi5qcGeRlQMAAM0VWM0gAN4AAaEwBQ\" aria-label=\"Pinterest\" target=\"_blank\" rel=\"noopener nofollow\"><\/p>\n<p>                <\/a><\/p>\n<p>                    <a href=\"https:\/\/image.glamour.hu\/1\/MuAk9kpTURBXy81MGZlZDMzN2E0YjlmYjQyYzhjMGZjYmM1MzAzZjY1Yi5qcGeRlQMAAM0VWM0gAN4AAaEwBQ\" data-lightbox=\"\" data-title=\" Sydney Sweeney \u00edgy \u00e9rkezett meg a velencei rept\u00e9rre\" data-alt=\" Sydney Sweeney\" rel=\"nofollow noopener\" target=\"_blank\"><\/p>\n<p>                                <img decoding=\"async\" src=\"https:\/\/www.europesays.com\/hu\/wp-content\/uploads\/2026\/09\/TKbktkpTURBXy81MGZlZDMzN2E0YjlmYjQyYzhjMGZjYmM1MzAzZjY1Yi5qcGeSlQMAAM0VWM0gAJUCzQPGAMLD.jpeg\" class=\"img-fluid d-block\" alt=\" Sydney Sweeney\"\/><\/p>\n<p>                    <\/a><\/p>\n<p>\n                         Sydney Sweeney \u00edgy \u00e9rkezett meg a velencei rept\u00e9rre\n                    <\/p>\n<p>\n                        Fot\u00f3: Stefano Mazzola\/Getty Images\n                    <\/p>\n<p>Fodros fels\u0151je pedig a <a href=\"https:\/\/pagesix.com\/2026\/09\/02\/style\/sydney-sweeney-brings-the-heat-to-venice-film-festival-2026-in-sheer-lace-top\/\" id=\"a2cc8c52-2c10-4b50-a768-418055562095\" target=\"_blank\" rel=\"nofollow noopener\">Page Six<\/a> szerint apr\u00f3 utal\u00e1s lehetett arra is, hogy megjelent Syrn nev\u0171 feh\u00e9rnem\u0171m\u00e1rk\u00e1j\u00e1nak leg\u00fajabb kollekci\u00f3ja, Sweeney ugyanis nemr\u00e9g jelentette be a Birthday Boobs nev\u0171 sorozatot, amelyben vir\u00e1gmint\u00e1s h\u00edmz\u00e9ssel d\u00edsz\u00edtett, \u00e1ttetsz\u0151 darabok szerepelnek. A fant\u00e1zian\u00e9v nem v\u00e9letlen, a sz\u00edn\u00e9szn\u0151 nemsok\u00e1ra t\u00f6lti be 29. \u00e9v\u00e9t.<\/p>\n<p>\t<a class=\"article_recommendation_link\" href=\"https:\/\/www.glamour.hu\/sztarhirek\/sydney-sweeney-dekoltazs\/glcegev?ca_ei&amp;length=9&amp;blockIndex=7&amp;pubId=\" target=\"_blank\" rel=\"nofollow noopener\"><\/p>\n<p class=\"flex-shrink-0\">\n<p>\t\t\t\t\tSydney Sweeney \u00e9lete legmer\u00e9szebb kis fekete ruh\u00e1j\u00e1ban t\u00fcnd\u00f6k\u00f6l, \u00f3ri\u00e1si dekolt\u00e1zsa szinte m\u00e1r korhat\u00e1ros<\/p>\n<p>\t\t\t\t\t\t\t<img decoding=\"async\" class=\"col-lg-12 px-0 img-fluid lazyload\" src=\"https:\/\/www.europesays.com\/hu\/wp-content\/uploads\/2026\/09\/biGktlyaHR0cHM6Ly9pbWFnZS5nbGFtb3VyLmh1LzEvVGdoa3RrcFRVUkJYeTlsTlRkaU16UTBZVGszTWpRMFpUSXdZekF5WWpCb.jpeg\" alt=\"Sydney Sweeney \u00e9lete legmer\u00e9szebb kis fekete ruh\u00e1j\u00e1ban t\u00fcnd\u00f6k\u00f6l, \u00f3ri\u00e1si dekolt\u00e1zsa szinte m\u00e1r korhat\u00e1ros\"\/><\/p>\n<p>\t<\/a><\/p>\n<p>        Sydney Sweeney \u00e9s Zendaya kapcsolata tov\u00e1bbra is viharo<\/p>\n<p>A h\u00edrek szerint az <a href=\"https:\/\/www.glamour.hu\/divat\/euforia-divat-emlekezetes-darabok\/erpj6b2\" id=\"0dccb9d9-5146-4295-8a6e-72e8b459038e\" rel=\"nofollow noopener\" target=\"_blank\">Euf\u00f3ria<\/a> k\u00e9t szt\u00e1rja, Sydney Sweeney \u00e9s Zendaya k\u00f6z\u00f6tt \u00e9vek \u00f3ta fesz\u00fclts\u00e9ggel teli a viszony &#8211; ezt t\u00f6bben a politikai n\u00e9zetk\u00fcl\u00f6nbs\u00e9geknek, illetve Sweeney Tom Hollanddal val\u00f3 fl\u00f6rt\u00f6l\u00e9s\u00e9nek tudj\u00e1k be &#8211;  azonban kor\u00e1bban egyik\u00fck sem nyilatkozott arr\u00f3l, hogy igaza van-e a sajt\u00f3org\u00e1numoknak, vagy csak a sorozat k\u00f6r\u00fcli h\u00edrver\u00e9s r\u00e9sze az eg\u00e9sz t\u00f6rt\u00e9net. Sydney Sweeney j\u00fanius elej\u00e9n a Vanity Fairnek adott interj\u00faj\u00e1ban \u00e1rnyalta a val\u00f3s\u00e1got, \u00e9s <a href=\"https:\/\/www.glamour.hu\/sztarok\/sydney-sweeney-zendaya-viszaly-euforia\/w7804cy\" id=\"d5411b98-8671-4980-be89-85b55652b016\" rel=\"nofollow noopener\" target=\"_blank\">elmondta<\/a>: \u201eMindannyian egy\u00fctt n\u0151tt\u00fcnk fel ebben a sorozatban, sz\u00f3val \u0151r\u00fcletes l\u00e1tni, hogy a k\u00f6z\u00f6ss\u00e9gi m\u00e9dia \u00e9s a sajt\u00f3 mennyire eltorz\u00edtja a dolgokat\u201d . <\/p>\n","protected":false},"excerpt":{"rendered":"Sydney Sweeney, az Euf\u00f3ria 28 \u00e9ves szt\u00e1rja nem kis felt\u0171n\u00e9st keltett, amikor landolt Velenc\u00e9ben, hiszen m\u00e1r a rept\u00e9ri&hellip;\n","protected":false},"author":2,"featured_media":231322,"comment_status":"","ping_status":"","sticky":false,"template":"","format":"standard","meta":{"footnotes":"","_share_on_mastodon":"0"},"categories":[16],"tags":[137,44,42,40,43,41,20622,740,1253,138,9652],"class_list":["post-231321","post","type-post","status-publish","format-standard","has-post-thumbnail","category-szorakozas","tag-entertainment","tag-hu","tag-hungarian","tag-hungary","tag-magyar","tag-magyarorszag","tag-meztelenfelso","tag-nemzetkozi-sztarok","tag-sydney-sweeney","tag-szorakozas","tag-velencei-filmfesztival"],"share_on_mastodon":{"url":"https:\/\/pubeurope.com\/@hu\/117207061666277856","error":""},"_links":{"self":[{"href":"https:\/\/www.europesays.com\/hu\/wp-json\/wp\/v2\/posts\/231321","targetHints":{"allow":["GET"]}}],"collection":[{"href":"https:\/\/www.europesays.com\/hu\/wp-json\/wp\/v2\/posts"}],"about":[{"href":"https:\/\/www.europesays.com\/hu\/wp-json\/wp\/v2\/types\/post"}],"author":[{"embeddable":true,"href":"https:\/\/www.europesays.com\/hu\/wp-json\/wp\/v2\/users\/2"}],"replies":[{"embeddable":true,"href":"https:\/\/www.europesays.com\/hu\/wp-json\/wp\/v2\/comments?post=231321"}],"version-history":[{"count":0,"href":"https:\/\/www.europesays.com\/hu\/wp-json\/wp\/v2\/posts\/231321\/revisions"}],"wp:featuredmedia":[{"embeddable":true,"href":"https:\/\/www.europesays.com\/hu\/wp-json\/wp\/v2\/media\/231322"}],"wp:attachment":[{"href":"https:\/\/www.europesays.com\/hu\/wp-json\/wp\/v2\/media?parent=231321"}],"wp:term":[{"taxonomy":"category","embeddable":true,"href":"https:\/\/www.europesays.com\/hu\/wp-json\/wp\/v2\/categories?post=231321"},{"taxonomy":"post_tag","embeddable":true,"href":"https:\/\/www.europesays.com\/hu\/wp-json\/wp\/v2\/tags?post=231321"}],"curies":[{"name":"wp","href":"https:\/\/api.w.org\/{rel}","templated":true}]}}