{"id":231327,"date":"2026-09-03T12:20:07","date_gmt":"2026-09-03T12:20:07","guid":{"rendered":"https:\/\/www.europesays.com\/hu\/231327\/"},"modified":"2026-09-03T12:20:07","modified_gmt":"2026-09-03T12:20:07","slug":"egy-ismert-indie-rock-egyuttes-tagjat-varandos-feleseget-haromeves-kisgyermekuket-es-a-bejaronot-is-lelottek-mexikoban","status":"publish","type":"post","link":"https:\/\/www.europesays.com\/hu\/231327\/","title":{"rendered":"Egy ismert indie rock egy\u00fcttes tagj\u00e1t, v\u00e1rand\u00f3s feles\u00e9g\u00e9t, h\u00e1rom\u00e9ves kisgyermek\u00fcket \u00e9s a bej\u00e1r\u00f3n\u0151t is lel\u0151tt\u00e9k Mexik\u00f3ban"},"content":{"rendered":"<p>Egy mexik\u00f3i zen\u00e9szt, v\u00e1rand\u00f3s feles\u00e9g\u00e9t \u00e9s h\u00e1rom\u00e9ves kisl\u00e1nyukat, valamint a b\u00e9biszitter\u00fcket \u00e9s a csal\u00e1d kuty\u00e1j\u00e1t is meggyilkolt\u00e1k kedden Mexik\u00f3v\u00e1ros k\u00f6zel\u00e9ben. A b\u0171ncselekm\u00e9ny egy el\u0151kel\u0151 k\u00f6rny\u00e9ken t\u00f6rt\u00e9nt, k\u00e9t f\u00e9rfit \u0151rizetbe vettek \u2013 <a target=\"_blank\" href=\"https:\/\/edition.cnn.com\/2026\/09\/02\/americas\/mexico-camilo-septimo-musician-family-killed-latam-intl\" rel=\"nofollow noopener\">\u00edrta a CNN<\/a>.<\/p>\n<p>Jonathan Mel\u00e9ndez, a Mexik\u00f3ban n\u00e9pszer\u0171 indie rock egy\u00fcttes, a Camilo S\u00e9ptimo (a YouTube-on egyes alkot\u00e1saiknak negyven milli\u00f3s megtekint\u00e9se van) 38 \u00e9ves billenty\u0171se is az \u00e1ldozatok k\u00f6z\u00f6tt van. N\u00e9gy h\u00f3napos terhes, 35 \u00e9ves feles\u00e9g\u00e9t, illetve a csal\u00e1d 21 \u00e9ves b\u00e9biszitter\u00e9t is lel\u0151tt\u00e9k.<\/p>\n<p>\u201eK\u00e9t \u00e1ldozatot \u00f6sszek\u00f6t\u00f6z\u00f6tt k\u00e9zzel tal\u00e1ltak meg\u201d \u2013 k\u00f6z\u00f6lte az \u00fcgy\u00e9szs\u00e9g, hozz\u00e1t\u00e9ve, h\u00e1rom embert fejbe, egyet h\u00e1tba l\u0151ttek. A kuty\u00e1t is holtan tal\u00e1lt\u00e1k, a l\u00e1bai \u00f6ssze voltak k\u00f6t\u00f6zve.<\/p>\n<p>A helysz\u00ednen egy hat\u00e9ves kisfi\u00fat is tal\u00e1ltak, akinek nem esett b\u00e1nt\u00f3d\u00e1sa.<\/p>\n<p>A hat\u00f3s\u00e1gok \u00fagy v\u00e9lik, hogy a gyilkoss\u00e1gok kedden d\u00e9lut\u00e1n, f\u00e9l hat \u00e9s nyolc k\u00f6z\u00f6tt t\u00f6rt\u00e9nhettek.<\/p>\n<p>Szerd\u00e1n k\u00e9t f\u00e9rfit tart\u00f3ztattak le a hal\u00e1lesetekkel kapcsolatban. Az \u00fcgy\u00e9szs\u00e9g k\u00f6zl\u00e9se szerint Mel\u00e9ndez egyik ismer\u0151se, a Diego Sebasti\u00e1n N. k\u00f6vethette el a gyilkoss\u00e1gokat.\u00a0Egy m\u00e1sik f\u00e9rfi, Gerardo N.-nek is k\u00f6ze lehetett a b\u0171ncselekm\u00e9nyhez (a gyan\u00fas\u00edottakr\u00f3l <a target=\"_blank\" href=\"https:\/\/cnnespanol.cnn.com\/2026\/09\/02\/mexico\/matan-jonathan-melendez-camilo-septimo-orix\" rel=\"nofollow noopener\">k\u00e9pet is k\u00f6z\u00f6lt<\/a> a CNN spanyol nyelv\u0171 oldala).<\/p>\n","protected":false},"excerpt":{"rendered":"Egy mexik\u00f3i zen\u00e9szt, v\u00e1rand\u00f3s feles\u00e9g\u00e9t \u00e9s h\u00e1rom\u00e9ves kisl\u00e1nyukat, valamint a b\u00e9biszitter\u00fcket \u00e9s a csal\u00e1d kuty\u00e1j\u00e1t is meggyilkolt\u00e1k kedden&hellip;\n","protected":false},"author":2,"featured_media":231328,"comment_status":"","ping_status":"","sticky":false,"template":"","format":"standard","meta":{"footnotes":"","_share_on_mastodon":"0"},"categories":[8],"tags":[61114,3465,42,43,3156,34,94,93,92,868],"class_list":["post-231327","post","type-post","status-publish","format-standard","has-post-thumbnail","category-vilag","tag-camilo-septimo","tag-gyilkossag","tag-hungarian","tag-magyar","tag-mexiko","tag-news","tag-vilag","tag-world","tag-world-news","tag-zenesz"],"share_on_mastodon":{"url":"https:\/\/pubeurope.com\/@hu\/117207080910140372","error":""},"_links":{"self":[{"href":"https:\/\/www.europesays.com\/hu\/wp-json\/wp\/v2\/posts\/231327","targetHints":{"allow":["GET"]}}],"collection":[{"href":"https:\/\/www.europesays.com\/hu\/wp-json\/wp\/v2\/posts"}],"about":[{"href":"https:\/\/www.europesays.com\/hu\/wp-json\/wp\/v2\/types\/post"}],"author":[{"embeddable":true,"href":"https:\/\/www.europesays.com\/hu\/wp-json\/wp\/v2\/users\/2"}],"replies":[{"embeddable":true,"href":"https:\/\/www.europesays.com\/hu\/wp-json\/wp\/v2\/comments?post=231327"}],"version-history":[{"count":0,"href":"https:\/\/www.europesays.com\/hu\/wp-json\/wp\/v2\/posts\/231327\/revisions"}],"wp:featuredmedia":[{"embeddable":true,"href":"https:\/\/www.europesays.com\/hu\/wp-json\/wp\/v2\/media\/231328"}],"wp:attachment":[{"href":"https:\/\/www.europesays.com\/hu\/wp-json\/wp\/v2\/media?parent=231327"}],"wp:term":[{"taxonomy":"category","embeddable":true,"href":"https:\/\/www.europesays.com\/hu\/wp-json\/wp\/v2\/categories?post=231327"},{"taxonomy":"post_tag","embeddable":true,"href":"https:\/\/www.europesays.com\/hu\/wp-json\/wp\/v2\/tags?post=231327"}],"curies":[{"name":"wp","href":"https:\/\/api.w.org\/{rel}","templated":true}]}}