{"id":231329,"date":"2026-09-03T12:21:08","date_gmt":"2026-09-03T12:21:08","guid":{"rendered":"https:\/\/www.europesays.com\/hu\/231329\/"},"modified":"2026-09-03T12:21:08","modified_gmt":"2026-09-03T12:21:08","slug":"index-belfold-paks-utan-a-pecsi-hoeromu-kerult-bajba-az-alacsony-duna-miatt","status":"publish","type":"post","link":"https:\/\/www.europesays.com\/hu\/231329\/","title":{"rendered":"Index &#8211; Belf\u00f6ld &#8211; Paks ut\u00e1n a p\u00e9csi h\u0151er\u0151m\u0171 ker\u00fclt bajba az alacsony Duna miatt"},"content":{"rendered":"<p>\n                A Duna alacsony v\u00edz\u00e1ll\u00e1sa vesz\u00e9lyeztette a p\u00e9csi h\u0151er\u0151m\u0171 \u00e9s a moh\u00e1csi farostlemezgy\u00e1r ipariv\u00edz-ell\u00e1t\u00e1s\u00e1t, ez\u00e9rt a v\u00edz\u00fcgyi szakembereknek ideiglenes megold\u00e1st kellett kialak\u00edtaniuk a moh\u00e1csi v\u00edzkiemel\u0151n\u00e9l \u2013 k\u00f6z\u00f6lte a Dun\u00e1nt\u00fali Region\u00e1lis V\u00edzm\u0171. A paksi atomer\u0151m\u0171 r\u00e9szleges kies\u00e9se miatt a p\u00e9csi h\u0151er\u0151m\u0171 termel\u00e9s\u00e9nek fenntart\u00e1sa nemzetgazdas\u00e1gi \u00e9rdekk\u00e9 v\u00e1lt.            <\/p>\n<p>A <a href=\"https:\/\/index.hu\/belfold\/2026\/07\/29\/harmadfoku-hosegriasztas-magyarorszag-takarekos-vizhasznalat-vizhiany-megelozese-felhivas\/\" id=\"hyperlink_77682f9a7acdd2eed87a8eef0ac26b32\" target=\"_blank\" title=\"V\u00edzkorl\u00e1toz\u00e1s fenyeget a rekordh\u0151s\u00e9g miatt, a v\u00edzm\u0171vek figyelmeztet\u00e9st adott ki\" rel=\"nofollow noopener\">Duna alacsony v\u00edz\u00e1ll\u00e1sa<\/a> a p\u00e9csi h\u0151er\u0151m\u0171 \u00e9s a moh\u00e1csi farostlemezgy\u00e1r ipariv\u00edz-ell\u00e1t\u00e1s\u00e1t is fenyegette, ez\u00e9rt ideiglenes megold\u00e1sokat kellett kidolgozniuk \u00e9s alkalmazniuk a v\u00edz\u00fcgyi szakembereknek a l\u00e9tes\u00edtm\u00e9nyeket kiszolg\u00e1l\u00f3 moh\u00e1csi v\u00edzkiemel\u0151n\u00e9l \u2013 k\u00f6z\u00f6lte a Dun\u00e1nt\u00fali Region\u00e1lis V\u00edzm\u0171 Zrt. (DRV) a t\u00e1rsas\u00e1g k\u00f6z\u00f6ss\u00e9gi <a href=\"https:\/\/www.facebook.com\/share\/p\/1FZFEUyaWz\/\" id=\"hyperlink_d39e3974dfdb0cd566687ad2ca223632\" rel=\"nofollow noopener\" target=\"_blank\">oldal\u00e1n<\/a>. \u201eMivel az orsz\u00e1g villamosenergia-ell\u00e1t\u00e1sa a <a href=\"https:\/\/index.hu\/belfold\/2026\/08\/26\/duna-atomreaktor-paks-magyar-peter-onkentesek-fenekkuszob-aszaly-valsag\/\" id=\"hyperlink_48b67c616474ccfc8e5ccb107be05074\" target=\"_blank\" title=\"D\u00f6bbenetes a helyzet Paksn\u00e1l: haj\u00f3val n\u00e9zt\u00fck meg a rendk\u00edv\u00fcli dunai apad\u00e1st\" rel=\"nofollow noopener\">paksi atomer\u0151m\u0171 r\u00e9szleges kies\u00e9se<\/a> miatt kritikuss\u00e1 v\u00e1lt, a p\u00e9csi h\u0151er\u0151m\u0171 termel\u00e9s\u00e9nek biztos\u00edt\u00e1sa nemzetgazdas\u00e1gi \u00e9rdekk\u00e9 v\u00e1lt.\u201d<\/p>\n<p>\u201eAz ipari v\u00edz biztos\u00edt\u00e1s\u00e1hoz a Duna v\u00edzszintj\u00e9nek v\u00e1rhat\u00f3 tov\u00e1bbi cs\u00f6kken\u00e9se miatt alternat\u00edv megold\u00e1s kialak\u00edt\u00e1s\u00e1ra volt sz\u00fcks\u00e9g. Koll\u00e9g\u00e1ink a rendelkez\u00e9sre \u00e1ll\u00f3 pontonra ideiglenesen felszereltek 2 darab Flygt szivatty\u00fat, melyeket a sz\u00edv\u00f3akn\u00e1ba telep\u00edtett szivatty\u00fak nyom\u00f3vezet\u00e9k\u00e9re csatlakoztattak, ehhez k\u00e9t darab t\u0171zolt\u00f3t\u00f6ml\u0151t haszn\u00e1ltak. \u00cdgy\u00a0alacsony Duna-v\u00edzszintn\u00e9l is biztos\u00edthat\u00f3 az ipariv\u00edz-ell\u00e1t\u00e1s\u201d \u2013 \u00edrj\u00e1k a bejegyz\u00e9sben. Hozz\u00e1tett\u00e9k, az ideiglenes m\u0171szaki megold\u00e1s gyors kialak\u00edt\u00e1s\u00e1hoz szakszer\u0171 \u00e9s pontos munkav\u00e9gz\u00e9sre volt sz\u00fcks\u00e9g.\u00a0<\/p>\n<p>A DRV t\u00e1j\u00e9koztatott, a moh\u00e1csi v\u00edzkiemel\u0151 az 1960-as \u00e9vekben \u00e9p\u00fclt, ez a m\u0171t\u00e1rgy hivatott ell\u00e1tni a p\u00e9csi h\u0151er\u0151m\u0171vet ipari v\u00edzzel. L\u00e9tes\u00edt\u00e9sekor 2 db sz\u00edv\u00f3akn\u00e1t \u00e9p\u00edtettek sz\u00edv\u00f3cs\u0151vel, amelyeket a Duna medr\u00e9ben helyeztek el. A sz\u00edv\u00f3vezet\u00e9k kialak\u00edt\u00e1sa miatt azonban alacsony v\u00edz\u00e1ll\u00e1s eset\u00e9n nem tud megfelel\u0151 mennyis\u00e9g\u0171 v\u00edz befolyni a sz\u00edv\u00f3akn\u00e1ba.\u00a0<\/p>\n<p>\n                          (Bor\u00edt\u00f3k\u00e9p: A p\u00e9csi h\u0151er\u0151m\u0171 2023. janu\u00e1r 19-\u00e9n. Fot\u00f3: Ruprech Judit \/ MTI)\n                        <\/p>\n<p><a href=\"https:\/\/dex.hu\/x.php?id=googlepref_desktop&amp;url=https:\/\/google.com\/preferences\/source?q=https:\/\/index.hu\" class=\"google-pref-banner \" id=\"googlePrefBanner\" rel=\"nofollow noopener\" target=\"_blank\"><\/p>\n<p>    Itt \u00e1ll\u00edtsa be, hogy az Index az els\u0151k k\u00f6z\u00f6tt legyen a Google-tal\u00e1latokban!<\/p>\n<p><\/a><\/p>\n<p>    <img decoding=\"async\" src=\"https:\/\/index.hu\/assets\/images\/social-follow\/logo-big.svg\" alt=\"Index.hu logo\"\/><\/p>\n<p>K\u00f6vesse az Indexet Facebookon is!<\/p>\n<p>    <a href=\"https:\/\/facebook.com\/Indexhu\" target=\"_blank\" rel=\"nofollow noopener\"><\/p>\n<p>        K\u00f6vetem!<br \/>\n    <\/a><\/p>\n","protected":false},"excerpt":{"rendered":"A Duna alacsony v\u00edz\u00e1ll\u00e1sa vesz\u00e9lyeztette a p\u00e9csi h\u0151er\u0151m\u0171 \u00e9s a moh\u00e1csi farostlemezgy\u00e1r ipariv\u00edz-ell\u00e1t\u00e1s\u00e1t, ez\u00e9rt a v\u00edz\u00fcgyi szakembereknek ideiglenes&hellip;\n","protected":false},"author":2,"featured_media":231330,"comment_status":"","ping_status":"","sticky":false,"template":"","format":"standard","meta":{"footnotes":"","_share_on_mastodon":"0"},"categories":[6],"tags":[11920,80,152,3649,61115,24756,44,42,40,43,41,24451,2277,5787],"class_list":["post-231329","post","type-post","status-publish","format-standard","has-post-thumbnail","category-magyarorszag","tag-aszaly","tag-belfold","tag-ce-napi","tag-duna","tag-dunantuli-regionalis-vizmu-zrt","tag-hoeromu","tag-hu","tag-hungarian","tag-hungary","tag-magyar","tag-magyarorszag","tag-mohacs","tag-pecs","tag-vizallas"],"share_on_mastodon":{"url":"https:\/\/pubeurope.com\/@hu\/117207085380323498","error":""},"_links":{"self":[{"href":"https:\/\/www.europesays.com\/hu\/wp-json\/wp\/v2\/posts\/231329","targetHints":{"allow":["GET"]}}],"collection":[{"href":"https:\/\/www.europesays.com\/hu\/wp-json\/wp\/v2\/posts"}],"about":[{"href":"https:\/\/www.europesays.com\/hu\/wp-json\/wp\/v2\/types\/post"}],"author":[{"embeddable":true,"href":"https:\/\/www.europesays.com\/hu\/wp-json\/wp\/v2\/users\/2"}],"replies":[{"embeddable":true,"href":"https:\/\/www.europesays.com\/hu\/wp-json\/wp\/v2\/comments?post=231329"}],"version-history":[{"count":0,"href":"https:\/\/www.europesays.com\/hu\/wp-json\/wp\/v2\/posts\/231329\/revisions"}],"wp:featuredmedia":[{"embeddable":true,"href":"https:\/\/www.europesays.com\/hu\/wp-json\/wp\/v2\/media\/231330"}],"wp:attachment":[{"href":"https:\/\/www.europesays.com\/hu\/wp-json\/wp\/v2\/media?parent=231329"}],"wp:term":[{"taxonomy":"category","embeddable":true,"href":"https:\/\/www.europesays.com\/hu\/wp-json\/wp\/v2\/categories?post=231329"},{"taxonomy":"post_tag","embeddable":true,"href":"https:\/\/www.europesays.com\/hu\/wp-json\/wp\/v2\/tags?post=231329"}],"curies":[{"name":"wp","href":"https:\/\/api.w.org\/{rel}","templated":true}]}}