{"id":231331,"date":"2026-09-03T12:22:06","date_gmt":"2026-09-03T12:22:06","guid":{"rendered":"https:\/\/www.europesays.com\/hu\/231331\/"},"modified":"2026-09-03T12:22:06","modified_gmt":"2026-09-03T12:22:06","slug":"tevekepernyore-kerul-a-kontroll-borbas-es-papp-is-itt-folytatja","status":"publish","type":"post","link":"https:\/\/www.europesays.com\/hu\/231331\/","title":{"rendered":"T\u00e9v\u00e9k\u00e9perny\u0151re ker\u00fcl a Kontroll, Borb\u00e1s \u00e9s Papp is itt folytatja"},"content":{"rendered":"<p>Egy\u00fcttm\u0171k\u00f6d\u00e9st ind\u00edt a Network4 Media Group \u00e9s a Kontroll.hu. El\u0151bbi fel\u00fcletein a Duna TV-t\u0151l a gasztrom\u0171sor\u00e1val t\u00e1voz\u00f3 Borb\u00e1s Marcsi \u00e9s az RTL-t\u0151l <a target=\"_blank\" href=\"https:\/\/24.hu\/kultura\/2026\/08\/31\/papp-gergo-rtl-tavozas\/\" rel=\"nofollow noopener\">elb\u00facs\u00fazott<\/a> Papp Gerg\u0151 is \u00faj m\u0171sorokkal jelentkezik.<\/p>\n<p>A Network4 Media Group h\u00e9t t\u00e9v\u00e9csatorn\u00e1t, valamint a NET4+ streamingszolg\u00e1ltat\u00f3t \u00e9s online platformokat mag\u00e1ba foglal\u00f3 portf\u00f3li\u00f3val rendelkezik. A c\u00e9g cs\u00fct\u00f6rt\u00f6ki bejelent\u00e9se szerint \u2013 amelyr\u0151l <a target=\"_blank\" href=\"https:\/\/media1.hu\/2026\/09\/03\/kontroll-network4-szabadsajto-klub-borbas-marcsi-papp-gergo\/\" rel=\"nofollow noopener\">a Media1<\/a> sz\u00e1molt be \u2013 a csatorn\u00e1ik \u00e9s fel\u00fcleteik arculatv\u00e1lt\u00e1son estek \u00e1t, \u00e9s a j\u00f6v\u0151ben hangs\u00falyosabban jelentkeznek saj\u00e1t gy\u00e1rt\u00e1s\u00fa, k\u00f6zt\u00fck k\u00f6z\u00e9leti tartalmakkal.<\/p>\n<p>A Kontroll.hu az egy\u00fcttm\u0171k\u00f6d\u00e9s r\u00e9szek\u00e9nt saj\u00e1t gy\u00e1rt\u00e1s\u00fa produkci\u00f3kat is k\u00e9sz\u00edt majd. A port\u00e1l Szabadsajt\u00f3 Klub c\u00edm\u0171 k\u00f6z\u00e9leti vitam\u0171sora \u00e9s Sorsok m\u00f6g\u00f6tt\u00a0elnevez\u00e9s\u0171 m\u00e9lyinterj\u00fa-sorozata a Youtube-r\u00f3l t\u00e9v\u00e9perny\u0151re k\u00f6lt\u00f6zik \u00e1t. A Kontroll.hu-t 2024-ben Magyar M\u00e1rton, Magyar P\u00e9ter\u00a0minisztereln\u00f6k testv\u00e9re alap\u00edtotta, \u0151 a m\u00e9diac\u00e9g tulajdonosa is.<\/p>\n<p>Papp Gerg\u0151 \u2013 aki a napokban elmondta, hogy <a target=\"_blank\" href=\"https:\/\/24.hu\/kultura\/2026\/08\/31\/papp-gergo-kontroll\/\" rel=\"nofollow noopener\">a Kontroll.hu-hoz igazol<\/a> \u2013 a Riporterek\u00a0c\u00edm\u0171 heti k\u00f6z\u00e9leti magazin m\u0171sorvezet\u0151je lesz. A Network4 k\u00f6zl\u00e9se szerint Papp 15 \u00e9v ut\u00e1n ism\u00e9t a TV2 Napl\u00f3 c\u00edm\u0171 m\u0171sorb\u00f3l megismert, \u201er\u00e1men\u0151s \u00e9s kitart\u00f3 k\u00e9rdez\u0151, a Pimasz \u00dar\u201d karakter\u00e9ben fog riportokat k\u00e9sz\u00edteni.<\/p>\n<p>A k\u00f6zm\u00e9di\u00e1t\u00f3l <a target=\"_blank\" href=\"https:\/\/24.hu\/kultura\/2026\/09\/02\/borbas-marcsi-szakacskonyve-musor-vege\/\" rel=\"nofollow noopener\">nyolc \u00e9v ut\u00e1n t\u00e1voz\u00f3<\/a> Borb\u00e1s Marcsi egy Elgurulva nevezet\u0171 ker\u00e9kp\u00e1ros \u00e9s egy \u00c1tvinni a napot az \u00e9gen c\u00edm\u0171 besz\u00e9lget\u0151s m\u0171sorban lesz l\u00e1that\u00f3 a m\u00e9diac\u00e9g fel\u00fcletein.<\/p>\n","protected":false},"excerpt":{"rendered":"Egy\u00fcttm\u0171k\u00f6d\u00e9st ind\u00edt a Network4 Media Group \u00e9s a Kontroll.hu. El\u0151bbi fel\u00fcletein a Duna TV-t\u0151l a gasztrom\u0171sor\u00e1val t\u00e1voz\u00f3 Borb\u00e1s&hellip;\n","protected":false},"author":2,"featured_media":231332,"comment_status":"","ping_status":"","sticky":false,"template":"","format":"standard","meta":{"footnotes":"","_share_on_mastodon":"0"},"categories":[33],"tags":[14023,38,35,37,44,42,40,22275,61116,43,19557,41,45125,34,36811,4320,36,39],"class_list":["post-231331","post","type-post","status-publish","format-standard","has-post-thumbnail","category-hirek","tag-borbas-marcsi","tag-focimek","tag-headlines","tag-hirek","tag-hu","tag-hungarian","tag-hungary","tag-kontroll","tag-kozeleti-musor","tag-magyar","tag-magyar-marton","tag-magyarorszag","tag-network4","tag-news","tag-papp-gergo","tag-tevecsatorna","tag-top-stories","tag-vezeto-hirek"],"share_on_mastodon":{"url":"https:\/\/pubeurope.com\/@hu\/117207088875828629","error":""},"_links":{"self":[{"href":"https:\/\/www.europesays.com\/hu\/wp-json\/wp\/v2\/posts\/231331","targetHints":{"allow":["GET"]}}],"collection":[{"href":"https:\/\/www.europesays.com\/hu\/wp-json\/wp\/v2\/posts"}],"about":[{"href":"https:\/\/www.europesays.com\/hu\/wp-json\/wp\/v2\/types\/post"}],"author":[{"embeddable":true,"href":"https:\/\/www.europesays.com\/hu\/wp-json\/wp\/v2\/users\/2"}],"replies":[{"embeddable":true,"href":"https:\/\/www.europesays.com\/hu\/wp-json\/wp\/v2\/comments?post=231331"}],"version-history":[{"count":0,"href":"https:\/\/www.europesays.com\/hu\/wp-json\/wp\/v2\/posts\/231331\/revisions"}],"wp:featuredmedia":[{"embeddable":true,"href":"https:\/\/www.europesays.com\/hu\/wp-json\/wp\/v2\/media\/231332"}],"wp:attachment":[{"href":"https:\/\/www.europesays.com\/hu\/wp-json\/wp\/v2\/media?parent=231331"}],"wp:term":[{"taxonomy":"category","embeddable":true,"href":"https:\/\/www.europesays.com\/hu\/wp-json\/wp\/v2\/categories?post=231331"},{"taxonomy":"post_tag","embeddable":true,"href":"https:\/\/www.europesays.com\/hu\/wp-json\/wp\/v2\/tags?post=231331"}],"curies":[{"name":"wp","href":"https:\/\/api.w.org\/{rel}","templated":true}]}}