{"id":231357,"date":"2026-09-03T12:50:10","date_gmt":"2026-09-03T12:50:10","guid":{"rendered":"https:\/\/www.europesays.com\/hu\/231357\/"},"modified":"2026-09-03T12:50:10","modified_gmt":"2026-09-03T12:50:10","slug":"telex-magyar-petert-a-sandor-palotaban-fogadta-baka-andras","status":"publish","type":"post","link":"https:\/\/www.europesays.com\/hu\/231357\/","title":{"rendered":"Telex: Magyar P\u00e9tert a S\u00e1ndor-palot\u00e1ban fogadta Baka Andr\u00e1s"},"content":{"rendered":"<p><a href=\"https:\/\/telex.hu\/szerzo\/ivan-nagy-szilvia\" class=\"author__avatar\" rel=\"nofollow noopener\" target=\"_blank\"><img decoding=\"async\" src=\"https:\/\/www.europesays.com\/hu\/wp-content\/uploads\/2026\/09\/1788439810_966__JO_2070_avatar@4x.jpg\" alt=\"Iv\u00e1n-Nagy Szilvia\" class=\"avatar\" loading=\"lazy\"\/><\/a><\/p>\n<p>\u00c1ll\u00edtsd be a Telexet megb\u00edzhat\u00f3 forr\u00e1snak!<\/p>\n<p>T\u00e1j\u00e9koztat\u00e1st ny\u00fajtott Baka Andr\u00e1s k\u00f6zt\u00e1rsas\u00e1gi eln\u00f6knek Magyar P\u00e9ter a Tisza-korm\u00e1ny eddig el\u00e9rt eredm\u00e9nyeir\u0151l \u00e9s az el\u0151tt\u00fck \u00e1ll\u00f3 feladatokr\u00f3l \u2013 sz\u00e1molt be a minisztereln\u00f6k a Facebook-oldal\u00e1n arr\u00f3l, hogy munkaegyeztet\u00e9sen j\u00e1rt a S\u00e1ndor-palot\u00e1ban.<\/p>\n<p>\u201eHosszan egyeztett\u00fcnk a korm\u00e1ny \u00e1ltal k\u00e9pviselt k\u00fclpolitikai ir\u00e1nyr\u00f3l. Megk\u00f6sz\u00f6ntem eln\u00f6k \u00farnak, hogy a k\u00fcl\u00fcgyminiszter asszonnyal egy\u00fctt k\u00e9pviseli Magyarorsz\u00e1got az ENSZ soron k\u00f6vetkez\u0151 k\u00f6zgy\u0171l\u00e9s\u00e9n\u201d \u2013 \u00edrta Magyar.<\/p>\n<p>A tal\u00e1lkoz\u00f3 ut\u00e1n a S\u00e1ndor-palota <a href=\"https:\/\/www.facebook.com\/sandorpalota\/posts\/pfbid02KFreYrWE9ijEGQdjzJYJBvYPRGGEy9AK7Xpsr9S6qLPncsWbHRtRH8ikJJspu4jBl\" target=\"_blank\" rel=\"nofollow noopener\">Facebook-oldala<\/a> azt \u00edrta, hogy Magyarorsz\u00e1g \u00e1llami berendezked\u00e9s\u00e9nek egyik alapja, hogy a hatalmi \u00e1gak \u00f6n\u00e1ll\u00f3an, de egy\u00fcttm\u0171k\u00f6d\u00e9sben v\u00e9gzik feladatukat. A korm\u00e1ny \u00e9s az \u00e1llamf\u0151 munk\u00e1ja sz\u00e1mos esetben, p\u00e9ld\u00e1ul a diplom\u00e1cia vagy a k\u00f6zjog ter\u00fclet\u00e9n is kieg\u00e9sz\u00edti egym\u00e1st.<\/p>\n<p>\u201eBaka Andr\u00e1s k\u00f6zt\u00e1rsas\u00e1gi eln\u00f6k n\u00e9gyszemk\u00f6zti munkamegbesz\u00e9l\u00e9sen fogadta Magyar P\u00e9ter minisztereln\u00f6k\u00f6t a S\u00e1ndor-palot\u00e1ban. Egyeztet\u00e9s\u00fck\u00f6n a k\u00f6vetkez\u0151 id\u0151szakban v\u00e1rhat\u00f3 programok \u00e9s tervek ker\u00fcltek el\u0151t\u00e9rbe, mint p\u00e9ld\u00e1ul a szeptember egyik kiemelt k\u00fclpolitikai esem\u00e9ny\u00e9nek sz\u00e1m\u00edt\u00f3 New York-i ENSZ K\u00f6zgy\u0171l\u00e9s, amelyen Magyarorsz\u00e1g k\u00e9pviselet\u00e9ben az \u00e1llamf\u0151 fog felsz\u00f3lalni\u201d \u2013 \u00edrt az \u00e1llamf\u0151 hivatala.<\/p>\n<p>A minisztereln\u00f6k els\u0151 alkalommal j\u00e1rt Baka Andr\u00e1sn\u00e1l a S\u00e1ndor-palot\u00e1ban az\u00f3ta, hogy Baka <a href=\"https:\/\/telex.hu\/belfold\/2026\/08\/19\/baka-andras-koztarsasagi-elnok-sandor-palota-atvette-hivatalat\" class=\"\" rel=\"nofollow noopener\" target=\"_blank\">augusztus 19-\u00e9n hivatalba l\u00e9pett<\/a>. Az <a href=\"https:\/\/telex.hu\/belfold\/2026\/08\/11\/orszaggyules-valasztas-baka-andras-koztarsasagi-elnok-szavazas\" class=\"\" rel=\"nofollow noopener\" target=\"_blank\">Orsz\u00e1ggy\u0171l\u00e9s 140 szavazattal v\u00e1lasztotta meg<\/a> a Tisza P\u00e1rt jel\u00f6ltj\u00e9t, aki kor\u00e1bban az Emberi Jogok Eur\u00f3pai B\u00edr\u00f3s\u00e1g\u00e1nak b\u00edr\u00e1ja \u00e9s a Legfels\u0151bb B\u00edr\u00f3s\u00e1g eln\u00f6ke volt. Az <a href=\"https:\/\/telex.hu\/belfold\/2026\/08\/11\/baka-andras-orszaggyules-allamfovalasztas-koztarsasagi-elnok-elso-beszed\" class=\"\" rel=\"nofollow noopener\" target=\"_blank\">esk\u00fct\u00e9tele ut\u00e1n<\/a> arr\u00f3l besz\u00e9lt, hogy \u00e1llamf\u0151k\u00e9nt azon szeretne dolgozni, hogy a k\u00fcl\u00f6nb\u00f6z\u0151 \u00e9rdek\u0171 \u00e9s meggy\u0151z\u0151d\u00e9s\u0171 emberek b\u00e9k\u00e9sen tudjanak egy\u00fctt \u00e9lni, \u00e9s a vit\u00e1ikat ne er\u0151vel, hanem szab\u00e1lyozott keretek k\u00f6z\u00f6tt rendezz\u00e9k.<\/p>\n<p>Sulyok Tam\u00e1s kor\u00e1bbi eln\u00f6k\u00f6t az \u00e1prilisban megv\u00e1lasztott Tisza-korm\u00e1ny b\u00e1bnak tartotta, \u00e9s m\u00e1r a v\u00e1laszt\u00e1si kamp\u00e1nyban jelezte, hogy nem maradhat hivatalban. A tisz\u00e1s t\u00f6bbs\u00e9g\u0171 parlament j\u00falius 13-\u00e1n <a href=\"https:\/\/telex.hu\/belfold\/2026\/07\/13\/megszavazta-a-parlament-alaptorveny-17-modositasa-koztarsasagi-elnok-elmozditasa\" class=\"\" rel=\"nofollow noopener\" target=\"_blank\">megszavazta<\/a> azt az Alapt\u00f6rv\u00e9ny-m\u00f3dos\u00edt\u00e1st, ami lehet\u0151v\u00e9 tette a k\u00f6zt\u00e1rsas\u00e1gi eln\u00f6k <a href=\"https:\/\/telex.hu\/belfold\/2026\/07\/18\/sulyok-tamas-koztarsasagi-elnok-lemondas-portre\" class=\"\" rel=\"nofollow noopener\" target=\"_blank\">elmozd\u00edt\u00e1s\u00e1t.<\/a><\/p>\n<p>Partnereinkt\u0151l<\/p>\n<p>\u00c1ll\u00edtsd be a Telexet megb\u00edzhat\u00f3 forr\u00e1snak!<\/p>\n<p>K\u00f6vess minket Facebookon is!<\/p>\n<p> Tov\u00e1bbi \u00e9l\u0151 \u00e1rfolyamok! <\/p>\n","protected":false},"excerpt":{"rendered":"\u00c1ll\u00edtsd be a Telexet megb\u00edzhat\u00f3 forr\u00e1snak! T\u00e1j\u00e9koztat\u00e1st ny\u00fajtott Baka Andr\u00e1s k\u00f6zt\u00e1rsas\u00e1gi eln\u00f6knek Magyar P\u00e9ter a Tisza-korm\u00e1ny eddig el\u00e9rt&hellip;\n","protected":false},"author":2,"featured_media":231358,"comment_status":"","ping_status":"","sticky":false,"template":"","format":"standard","meta":{"footnotes":"","_share_on_mastodon":"0"},"categories":[33],"tags":[44082,80,38,35,37,44,42,40,13104,43,944,41,34,2670,36,39],"class_list":["post-231357","post","type-post","status-publish","format-standard","has-post-thumbnail","category-hirek","tag-baka-andras","tag-belfold","tag-focimek","tag-headlines","tag-hirek","tag-hu","tag-hungarian","tag-hungary","tag-koztarsasagi-elnok","tag-magyar","tag-magyar-peter","tag-magyarorszag","tag-news","tag-tisza","tag-top-stories","tag-vezeto-hirek"],"share_on_mastodon":{"url":"https:\/\/pubeurope.com\/@hu\/117207199274843507","error":""},"_links":{"self":[{"href":"https:\/\/www.europesays.com\/hu\/wp-json\/wp\/v2\/posts\/231357","targetHints":{"allow":["GET"]}}],"collection":[{"href":"https:\/\/www.europesays.com\/hu\/wp-json\/wp\/v2\/posts"}],"about":[{"href":"https:\/\/www.europesays.com\/hu\/wp-json\/wp\/v2\/types\/post"}],"author":[{"embeddable":true,"href":"https:\/\/www.europesays.com\/hu\/wp-json\/wp\/v2\/users\/2"}],"replies":[{"embeddable":true,"href":"https:\/\/www.europesays.com\/hu\/wp-json\/wp\/v2\/comments?post=231357"}],"version-history":[{"count":0,"href":"https:\/\/www.europesays.com\/hu\/wp-json\/wp\/v2\/posts\/231357\/revisions"}],"wp:featuredmedia":[{"embeddable":true,"href":"https:\/\/www.europesays.com\/hu\/wp-json\/wp\/v2\/media\/231358"}],"wp:attachment":[{"href":"https:\/\/www.europesays.com\/hu\/wp-json\/wp\/v2\/media?parent=231357"}],"wp:term":[{"taxonomy":"category","embeddable":true,"href":"https:\/\/www.europesays.com\/hu\/wp-json\/wp\/v2\/categories?post=231357"},{"taxonomy":"post_tag","embeddable":true,"href":"https:\/\/www.europesays.com\/hu\/wp-json\/wp\/v2\/tags?post=231357"}],"curies":[{"name":"wp","href":"https:\/\/api.w.org\/{rel}","templated":true}]}}