{"id":231359,"date":"2026-09-03T12:57:10","date_gmt":"2026-09-03T12:57:10","guid":{"rendered":"https:\/\/www.europesays.com\/hu\/231359\/"},"modified":"2026-09-03T12:57:10","modified_gmt":"2026-09-03T12:57:10","slug":"olyan-film-kerul-a-mozikba-amit-minden-30-ev-feletti-meg-fog-koszonni-itt-az-elozetes","status":"publish","type":"post","link":"https:\/\/www.europesays.com\/hu\/231359\/","title":{"rendered":"Olyan film ker\u00fcl a mozikba, amit minden 30 \u00e9v feletti meg fog k\u00f6sz\u00f6nni, itt az el\u0151zetes"},"content":{"rendered":"<p>Volt id\u0151, amikor egy akci\u00f3filmhez nem kellett tizen\u00f6t \u00e9vre el\u0151re megtervezett filmes univerzum. El\u00e9g volt egy lehetetlen helyzet, egy k\u0151kem\u00e9ny f\u0151h\u0151s, n\u00e9h\u00e1ny l\u00e1tv\u00e1nyos robban\u00e1s, egy gonosztev\u0151, akit j\u00f3 \u00e9rz\u00e9s ut\u00e1lni, \u00e9s lehet\u0151leg valamilyen j\u00e1rm\u0171, amelynek a haszn\u00e1lati utas\u00edt\u00e1s\u00e1ban a \u201eg\u00e9pfegyver\u201d sz\u00f3 is szerepel.<\/p>\n<p>A The Beast els\u0151 el\u0151zetese alapj\u00e1n Renny Harlin \u00faj filmje pontosan ebb\u0151l a receptb\u0151l f\u0151z, \u00e9s nem tudunk neki el\u00e9g h\u00e1l\u00e1sak lenni.<\/p>\n<p>Samuel L. Jackson az Egyes\u00fclt \u00c1llamok eln\u00f6k\u00e9t alak\u00edtja, akinek egy fegyveres puccsk\u00eds\u00e9rlet k\u00f6zep\u00e9n nem sok ideje marad eln\u00f6k\u00f6sdit j\u00e1tszani. A menek\u00fcl\u00e9shez rendelkez\u00e9s\u00e9re \u00e1ll viszont a vil\u00e1g egyik legismertebb szolg\u00e1lati aut\u00f3ja, az amerikai eln\u00f6ki limuzin, vagyis a The Beast. \u00c9s itt nagyj\u00e1b\u00f3l v\u00e9get is \u00e9r a val\u00f3s\u00e1g \u2013 <a href=\"https:\/\/www.vezess.hu\/vezetunk\/2025\/11\/13\/trump-pancelozott-limuzinja-menet-kozben-romlott-el\/\" rel=\"nofollow noopener\" target=\"_blank\">Az aut\u00f3r\u00f3l r\u00e9szletesen kor\u00e1bbi cikk\u00fcnkben olvashatsz.<\/a><\/p>\n<p>Az eln\u00f6k ez\u00fattal nem v\u00e1rja meg, am\u00edg megmentik<\/p>\n<p>A filmben a p\u00e1nc\u00e9lozott limuzin nem egyszer\u0171en goly\u00f3\u00e1ll\u00f3 mened\u00e9k. Az el\u0151zetes szerint egy gurul\u00f3 fegyverrakt\u00e1r, amelynek olyan titkos k\u00e9pess\u00e9gei vannak, amelyekre m\u00e9g maga az eln\u00f6k is csak menet k\u00f6zben d\u00f6bben r\u00e1.<\/p>\n<p>Jackson karakter\u00e9nek r\u00e1ad\u00e1sul egy s\u00falyosan megsebes\u00fclt biztons\u00e1gi \u00fcgyn\u00f6k\u00f6t is \u00e9letben kell tartania. \u0150t Joel Kinnaman alak\u00edtja, mik\u00f6zben Washingtonban elszabadul a pokol, az eln\u00f6k pedig \u00fagy d\u00f6nt: ha m\u00e1r van alatta n\u00e9h\u00e1ny tonna p\u00e1nc\u00e9llal \u00e9s egy gyan\u00fasan sok gombbal felszerelt <a href=\"https:\/\/www.vezess.hu\/cadillac\/\" target=\"_blank\" rel=\"noopener nofollow\">Cadillac<\/a>, akkor ink\u00e1bb szem\u00e9lyesen rendezi le a dolgot. \u00c9s term\u00e9szetesen Samuel L. Jackson sem pr\u00f3b\u00e1l meg visszafogott \u00e1llamf\u00e9rfiv\u00e9 v\u00e1ltozni.<\/p>\n<p style=\"text-align: center\">Ilyen a val\u00f3s\u00e1gban az eln\u00f6ki Beast:<\/p>\n<p><a id=\"galeria-1\" class=\"m-nextGallery _ce_measure_widget _ce_measure_link\" href=\"https:\/\/www.vezess.hu\/vezetunk\/2026\/09\/03\/olyan-film-kerul-a-mozikba-amit-minden-30-ev-feletti-meg-fog-koszonni-itt-az-elozetes\/?gallery=1\/1\/gettyimages-1147859576-1.jpg\" data-ce-measure-widget=\"gallery-open\" rel=\"nofollow noopener\" target=\"_blank\"><\/p>\n<p>\t\t<img width=\"1500\" height=\"1000\" src=\"https:\/\/www.europesays.com\/hu\/wp-content\/uploads\/2026\/09\/gettyimages-1147859576-1.jpg\" class=\"m-nextGallery__featureImage wp-image-2104360\" alt=\"\" decoding=\"async\"  loading=\"lazy\"  title=\"gettyimages-1147859576 | Vezess\"\/>\t<\/p>\n<p><\/a><\/p>\n<p>Vagyis nagyj\u00e1b\u00f3l minden megvan, amit\u0151l valaki 1995 k\u00f6rny\u00e9k\u00e9n boldogan kivett volna egy <a href=\"https:\/\/hu.wikipedia.org\/wiki\/VHS\" target=\"_blank\" rel=\"noopener nofollow\">VHS<\/a>-t a t\u00e9k\u00e1b\u00f3l p\u00e9ntek este.<\/p>\n<p>A rendez\u0151 szem\u00e9lye sok mindent megmagyar\u00e1z<\/p>\n<p>A The Beast rendez\u0151je Renny Harlin, ami tal\u00e1n a legjobb magyar\u00e1zat arra, mi\u00e9rt \u00e9rz\u0151dik az eg\u00e9sz film id\u0151utaz\u00e1snak a kilencvenes \u00e9vekbe.<\/p>\n<p>Harlin rendezte t\u00f6bbek k\u00f6z\u00f6tt a Die Hard 2-t \u00e9s a Sylvester Stallone-f\u00e9le Cliffhangert, vagyis pontosan abb\u00f3l a korszakb\u00f3l \u00e9rkezett, amikor az akci\u00f3filmes dramaturgia egyik teljesen elfogadhat\u00f3 form\u00e1ja volt, hogy:<\/p>\n<p>valami felrobban, a f\u0151h\u0151s mond egy egysorost, majd \u00fajra felrobban valami megnagyobb.<\/p>\n<p>Az amerikai mozikban a jelenlegi tervek szerint 2026. okt\u00f3ber 9-\u00e9n mutatj\u00e1k be a filmet az Aura Entertainment forgalmaz\u00e1s\u00e1ban. Magyar premierd\u00e1tumr\u00f3l egyel\u0151re nincs meger\u0151s\u00edtett inform\u00e1ci\u00f3.<\/p>\n","protected":false},"excerpt":{"rendered":"Volt id\u0151, amikor egy akci\u00f3filmhez nem kellett tizen\u00f6t \u00e9vre el\u0151re megtervezett filmes univerzum. El\u00e9g volt egy lehetetlen helyzet,&hellip;\n","protected":false},"author":2,"featured_media":231360,"comment_status":"","ping_status":"","sticky":false,"template":"","format":"standard","meta":{"footnotes":"","_share_on_mastodon":"0"},"categories":[16],"tags":[2270,137,167,44,42,40,7358,43,41,166,30221,138,61124,812,54233],"class_list":["post-231359","post","type-post","status-publish","format-standard","has-post-thumbnail","category-szorakozas","tag-elnok","tag-entertainment","tag-film","tag-hu","tag-hungarian","tag-hungary","tag-limuzin","tag-magyar","tag-magyarorszag","tag-mozi","tag-pancelozott","tag-szorakozas","tag-the-beast","tag-usa","tag-vezetunk"],"share_on_mastodon":{"url":"https:\/\/pubeurope.com\/@hu\/117207226774755246","error":""},"_links":{"self":[{"href":"https:\/\/www.europesays.com\/hu\/wp-json\/wp\/v2\/posts\/231359","targetHints":{"allow":["GET"]}}],"collection":[{"href":"https:\/\/www.europesays.com\/hu\/wp-json\/wp\/v2\/posts"}],"about":[{"href":"https:\/\/www.europesays.com\/hu\/wp-json\/wp\/v2\/types\/post"}],"author":[{"embeddable":true,"href":"https:\/\/www.europesays.com\/hu\/wp-json\/wp\/v2\/users\/2"}],"replies":[{"embeddable":true,"href":"https:\/\/www.europesays.com\/hu\/wp-json\/wp\/v2\/comments?post=231359"}],"version-history":[{"count":0,"href":"https:\/\/www.europesays.com\/hu\/wp-json\/wp\/v2\/posts\/231359\/revisions"}],"wp:featuredmedia":[{"embeddable":true,"href":"https:\/\/www.europesays.com\/hu\/wp-json\/wp\/v2\/media\/231360"}],"wp:attachment":[{"href":"https:\/\/www.europesays.com\/hu\/wp-json\/wp\/v2\/media?parent=231359"}],"wp:term":[{"taxonomy":"category","embeddable":true,"href":"https:\/\/www.europesays.com\/hu\/wp-json\/wp\/v2\/categories?post=231359"},{"taxonomy":"post_tag","embeddable":true,"href":"https:\/\/www.europesays.com\/hu\/wp-json\/wp\/v2\/tags?post=231359"}],"curies":[{"name":"wp","href":"https:\/\/api.w.org\/{rel}","templated":true}]}}