{"id":231363,"date":"2026-09-03T13:00:09","date_gmt":"2026-09-03T13:00:09","guid":{"rendered":"https:\/\/www.europesays.com\/hu\/231363\/"},"modified":"2026-09-03T13:00:09","modified_gmt":"2026-09-03T13:00:09","slug":"konnyen-lehet-hogy-a-mesterseges-intelligencia-hamarabb-veszi-el-az-orszagunkat-mint-a-munkankat","status":"publish","type":"post","link":"https:\/\/www.europesays.com\/hu\/231363\/","title":{"rendered":"K\u00f6nnyen lehet, hogy a mesters\u00e9ges intelligencia hamarabb veszi el az orsz\u00e1gunkat, mint a munk\u00e1nkat"},"content":{"rendered":"<p>Ha a ma t\u00f6rt\u00e9nelm\u00e9nek kr\u00f3nik\u00e1sait mesters\u00e9gesintelligencia-\u00fcgyn\u00f6k\u00f6k v\u00e1ltj\u00e1k fel, elvesznek az emberi lelem\u00e9ny er\u0151t ad\u00f3, inspir\u00e1l\u00f3 t\u00f6rt\u00e9netei. Bek\u00f6sz\u00f6nt\u0151 a Forbes szeptemberi sz\u00e1m\u00e1b\u00f3l. <\/p>\n<p>\t\tA top 40 csal\u00e1di c\u00e9g<\/p>\n<p>Itt az \u00faj Forbes-lista: k\u00f6zel \u00f6tbilli\u00f3 forintot \u00e9r a 40 legnagyobb csal\u00e1di v\u00e1llalkoz\u00e1s, t\u00f6bb mint a negyed\u00e9t egyetlen szerepl\u0151 hozta \u00f6ssze. <a href=\"https:\/\/www.forbes.hu\/lista-csaladi-vallalkozasok-2026\/\" rel=\"nofollow noopener\" target=\"_blank\">A teljes lista a Forbes.hu-n!<\/a><\/p>\n<p class=\"has-drop-cap\">Fazekas B\u00e1lint mindent megkapott, hogy j\u00f3 vezet\u0151 legyen: kiv\u00e1l\u00f3 k\u00fclf\u00f6ldi iskol\u00e1k m\u00e1r nagyon kor\u00e1n \u00e9s j\u00f3 anyagi h\u00e1tt\u00e9r a csal\u00e1dt\u00f3l. K\u00f6nny\u0171 neki, mondhatj\u00e1k, akik nem besz\u00e9lnek vele legal\u00e1bb t\u00edz percet. B\u00e1lint nem vissza\u00e9lt, hanem \u00e9lt a lehet\u0151s\u00e9ggel, de az al\u00e1zat ma ugyan\u00fagy megvan benne, mint amikor belev\u00e1gott a lehetetlennek t\u0171n\u0151 feladatba: huszon\u00e9vesen \u00e1tvenni \u00e9s \u00faj szintre emelni a csal\u00e1di c\u00e9get,<a href=\"https:\/\/www.forbes.hu\/a-nyomtatott-kiadasok-archivuma\/#all\" rel=\"nofollow noopener\" target=\"_blank\"> az Euronicset<\/a>.<\/p>\n<p>A j\u00f3\u00a0Forbes-sztori nemcsak d\u00f6nt\u00e9sek sorozat\u00e1ra felf\u0171zve mes\u00e9li el, hogyan \u00e9p\u00fcl fel egy-egy kiv\u00e9teles teljes\u00edtm\u00e9ny, de k\u00f6zben sok mindent el\u00e1rul arr\u00f3l a vil\u00e1gr\u00f3l is, amiben \u00e9l\u00fcnk. <\/p>\n<p>B\u00e1lint egy megpr\u00f3b\u00e1ltat\u00e1sokkal teli k\u00f6rnyezetre k\u00e9sz\u00edti a c\u00e9gcsoportot, r\u00e9gi\u00f3s \u00f3ri\u00e1st akar \u00e9p\u00edteni. A v\u00e9rbeli v\u00e1llalkoz\u00f3k \u00e9szj\u00e1r\u00e1s\u00e1t ez\u00e9rt szeretem. Ami m\u00e1st ijedts\u00e9ggel t\u00f6lt el, abban \u0151k t\u00e9nyleg a lehet\u0151s\u00e9get l\u00e1tj\u00e1k. Ez egy ment\u00e1lis kapcsol\u00f3, \u00e9rdemes elkezdeni haszn\u00e1lni mindenkinek. Val\u00f3j\u00e1ban nem is olyan neh\u00e9z egy-egy probl\u00e9m\u00e1ban megl\u00e1tni az el\u0151rel\u00e9p\u00e9s lehet\u0151s\u00e9g\u00e9t, egy pr\u00f3b\u00e1t mindenk\u00e9ppen meg\u00e9r. Ebben a sz\u00e1zadban egy ilyen kapcsol\u00f3ra ugyanis min\u00e9l t\u00f6bb\u00fcnknek sz\u00fcks\u00e9ge lesz.<\/p>\n<p>Abb\u00f3l, ahogy <a href=\"https:\/\/www.forbes.hu\/uzlet\/az-euronics-32-eves-vezere-remelem-ez-egy-uj-korszak-kezdete-ahol-nem-azt-nezzuk-hogy-ki-kinek-a-kije\/\" rel=\"nofollow noopener\" target=\"_blank\">B\u00e1lint a Temu okozta neh\u00e9zs\u00e9gekr\u0151l besz\u00e9l,<\/a> kirajzol\u00f3dik \u00fczleti gondolkod\u00e1sa is, kil\u00e9p abb\u00f3l a 93 ezer n\u00e9gyzetkilom\u00e9terb\u0151l, ami sok magyar v\u00e1llalkoz\u00f3t ok n\u00e9lk\u00fcl lekorl\u00e1toz. Tanuls\u00e1gos \u00e9s inspir\u00e1l\u00f3 t\u00f6rt\u00e9net. Mik\u00f6zben Magyarorsz\u00e1g egy \u00fajabb rendszerv\u00e1lt\u00e1s \u00edg\u00e9ret\u00e9nek terh\u00e9vel k\u00fczd, a bolyg\u00f3 pedig mindenn\u00e9l nagyobb er\u0151vel mutatta meg a ny\u00e1ron, hogy az emberi term\u00e9szet hova juttatta, nem \u00e1rt, ha \u00e9szrevessz\u00fck: vannak k\u00f6r\u00fcl\u00f6tt\u00fcnk ilyen t\u00f6rt\u00e9netek is.<\/p>\n<p>A legs\u00f6t\u00e9tebb \u00f3r\u00e1kban sem v\u00e9sz el az emberi lelem\u00e9ny, m\u00e1rpedig mindenn\u00e9l jobban sz\u00fcks\u00e9g\u00fcnk lesz r\u00e1. Elj\u00f6tt a piacon eredm\u00e9nyes v\u00e1llalkoz\u00f3k ideje, a v\u00e1llalkoz\u00f3k\u00e9, akik nem benyitnak f\u00fcst\u00f6s szivarszob\u00e1kba, hanem ajt\u00f3kat nyitnak ki a vil\u00e1gra.<\/p>\n<p>A glob\u00e1lis megatrendek fenyeget\u00e9s\u00e9t mindenn\u00e9l jobban \u00e9rezz\u00fck mi is, \u00fajs\u00e1g\u00edr\u00f3k. Az egyre ink\u00e1bb a digit\u00e1lis t\u00e9rbe \u00e1tk\u00f6lt\u00f6z\u0151 magyar nyelv\u0171 nyilv\u00e1noss\u00e1g tal\u00e1n m\u00e9g sohasem volt akkora vesz\u00e9lyben, mint most. K\u00f6nnyen lehet, hogy a mesters\u00e9ges intelligencia hamarabb veszi el az orsz\u00e1gunkat, mint a munk\u00e1nkat.<\/p>\n<p>A v\u00e1llalkoz\u00f3kt\u00f3l tanult lelem\u00e9ny \u00e9s kitart\u00e1s ugyanakkor minket is inspir\u00e1l: \u0151sszel sz\u00e1mos \u00fajdons\u00e1g \u00e9s nagy v\u00e1ltoz\u00e1sok v\u00e1rhat\u00f3ak a\u00a0Forbes\u00a0h\u00e1za t\u00e1j\u00e1n. Hiszek az \u00fajs\u00e1g\u00edr\u00e1s erej\u00e9ben \u00e9s abban, hogy mindenn\u00e9l nagyobb sz\u00fcks\u00e9g van r\u00e1, hogy k\u00e9rd\u00e9seket tegy\u00fcnk fel, \u00e9s sz\u00e1mon k\u00e9rj\u00fck a megl\u00e9v\u0151 eliteket. <\/p>\n<p>Hogy mindig vannak inspir\u00e1l\u00f3, utat mutat\u00f3, er\u0151t ad\u00f3 t\u00f6rt\u00e9netek, \u00e9s ezeknek ugyan\u00fagy hely\u00fck van a nyilv\u00e1noss\u00e1gban, mint a hatalom ellen\u0151rz\u00e9s\u00e9nek.<\/p>\n<p>\u00c9s hiszek abban is, hogy tizenh\u00e1rom \u00e9ve \u00e9p\u00fcl\u0151 csapatunk \u00e9s a mellett\u00fcnk \u00e1ll\u00f3 k\u00f6z\u00f6ss\u00e9g hozz\u00e1seg\u00edt minket egy fontos k\u00fcldet\u00e9shez: megmenteni a magyar \u00fajs\u00e1g\u00edr\u00e1st. Mert ha a ma t\u00f6rt\u00e9nelm\u00e9nek kr\u00f3nik\u00e1sait MI-\u00fcgyn\u00f6k\u00f6k v\u00e1ltj\u00e1k fel, elvesznek az emberi lelem\u00e9ny t\u00f6rt\u00e9netei, az Euronics\u00e9hoz hasonl\u00f3 sztorik. B\u00e1tornak, okosnak \u00e9s elsz\u00e1ntnak kell lenn\u00fcnk ehhez a misszi\u00f3hoz. Az els\u0151 l\u00e9p\u00e9sre <a href=\"https:\/\/www.google.com\/search?client=safari&amp;rls=en&amp;q=hatos+p\u00e1l+forbes.hu&amp;ie=UTF-8&amp;oe=UTF-8\" rel=\"nofollow noopener\" target=\"_blank\">Hatos P\u00e1l t\u00f6rt\u00e9n\u00e9sz tett javaslatot a\u00a0Forbes\u00a0Deal 2036 podcastban:<\/a> kezdj\u00fcnk el v\u00e9gre hinni magunkban.<\/p>\n","protected":false},"excerpt":{"rendered":"Ha a ma t\u00f6rt\u00e9nelm\u00e9nek kr\u00f3nik\u00e1sait mesters\u00e9gesintelligencia-\u00fcgyn\u00f6k\u00f6k v\u00e1ltj\u00e1k fel, elvesznek az emberi lelem\u00e9ny er\u0151t ad\u00f3, inspir\u00e1l\u00f3 t\u00f6rt\u00e9netei. Bek\u00f6sz\u00f6nt\u0151 a&hellip;\n","protected":false},"author":2,"featured_media":231364,"comment_status":"","ping_status":"","sticky":false,"template":"","format":"standard","meta":{"footnotes":"","_share_on_mastodon":"0"},"categories":[10],"tags":[110,39347,44,42,40,43,41,5904,111,953],"class_list":["post-231363","post","type-post","status-publish","format-standard","has-post-thumbnail","category-vallalkozas","tag-business","tag-forbes-magazin","tag-hu","tag-hungarian","tag-hungary","tag-magyar","tag-magyarorszag","tag-siker","tag-vallalkozas","tag-velemeny"],"share_on_mastodon":{"url":"https:\/\/pubeurope.com\/@hu\/117207238093735865","error":""},"_links":{"self":[{"href":"https:\/\/www.europesays.com\/hu\/wp-json\/wp\/v2\/posts\/231363","targetHints":{"allow":["GET"]}}],"collection":[{"href":"https:\/\/www.europesays.com\/hu\/wp-json\/wp\/v2\/posts"}],"about":[{"href":"https:\/\/www.europesays.com\/hu\/wp-json\/wp\/v2\/types\/post"}],"author":[{"embeddable":true,"href":"https:\/\/www.europesays.com\/hu\/wp-json\/wp\/v2\/users\/2"}],"replies":[{"embeddable":true,"href":"https:\/\/www.europesays.com\/hu\/wp-json\/wp\/v2\/comments?post=231363"}],"version-history":[{"count":0,"href":"https:\/\/www.europesays.com\/hu\/wp-json\/wp\/v2\/posts\/231363\/revisions"}],"wp:featuredmedia":[{"embeddable":true,"href":"https:\/\/www.europesays.com\/hu\/wp-json\/wp\/v2\/media\/231364"}],"wp:attachment":[{"href":"https:\/\/www.europesays.com\/hu\/wp-json\/wp\/v2\/media?parent=231363"}],"wp:term":[{"taxonomy":"category","embeddable":true,"href":"https:\/\/www.europesays.com\/hu\/wp-json\/wp\/v2\/categories?post=231363"},{"taxonomy":"post_tag","embeddable":true,"href":"https:\/\/www.europesays.com\/hu\/wp-json\/wp\/v2\/tags?post=231363"}],"curies":[{"name":"wp","href":"https:\/\/api.w.org\/{rel}","templated":true}]}}