{"id":231371,"date":"2026-09-03T13:11:23","date_gmt":"2026-09-03T13:11:23","guid":{"rendered":"https:\/\/www.europesays.com\/hu\/231371\/"},"modified":"2026-09-03T13:11:23","modified_gmt":"2026-09-03T13:11:23","slug":"osszehazasodik-gallusz-niki-es-parja","status":"publish","type":"post","link":"https:\/\/www.europesays.com\/hu\/231371\/","title":{"rendered":"\u00d6sszeh\u00e1zasodik Gallusz Niki \u00e9s p\u00e1rja"},"content":{"rendered":"<p><a href=\"https:\/\/nlc.hu\/sztarok\/20260813\/gallusz-niki-parja\/\" rel=\"nofollow noopener\" target=\"_blank\">Gallusz Niki \u00e9s Tony kapcsolata<\/a> m\u00e1r az elej\u00e9n sem eg\u00e9szen hagyom\u00e1nyosan indult. Sok\u00e1ig m\u00e9g telefonsz\u00e1mot sem cser\u00e9ltek, Instagramon kereszt\u00fcl k\u00fcld\u00f6zgettek egym\u00e1snak hang\u00fczeneteket. Azt\u00e1n egy alkalommal Niki odaadta a telefonj\u00e1t Tonynak, hogy mentse el benne a saj\u00e1t sz\u00e1m\u00e1t. A f\u00e9rfi pedig nemes egyszer\u0171s\u00e9ggel \u201ef\u00e9rjemk\u00e9nt\u201d \u00edrta be mag\u00e1t.<\/p>\n<p>Annyira b\u00e1josnak tal\u00e1ltam, hogy folytattam ezt a hagyom\u00e1nyt, \u00e9s \u00e9n is \u00edgy sz\u00f3l\u00edtom \u0151t<\/p>\n<p>\u2013 mes\u00e9lte nevetve a sz\u00edn\u00e9szn\u0151 a <a href=\"https:\/\/story.hu\/napi-friss\/2026\/09\/03\/gallusz-niki-parja-tony-eskuvo\/j23p9ec\" target=\"_blank\" rel=\"noopener noreferrer nofollow\">Story magazinnak<\/a>. Ami kezdetben j\u00e1t\u00e9kos gesztusnak t\u0171nt, m\u00e1ra egyre ink\u00e1bb a k\u00f6z\u00f6s j\u00f6v\u0151j\u00fckre utal\u00f3 jel lett.<\/p>\n<p><a href=\"https:\/\/nlc.hu\/sztarok\/20260715\/gallusz-niki-uj-parja-pazicski-tibor\/\" rel=\"nofollow noopener\" target=\"_blank\">A kapcsolatukban<\/a> r\u00e1ad\u00e1sul fontos szerepet kap a hit is. Els\u0151 k\u00f6z\u00f6s programjuk egy mise volt, az\u00f3ta pedig rendszeresen j\u00e1rnak egy\u00fctt templomba. Egy ilyen alkalommal Tony \u00e9desanyj\u00e1nak \u00e9s csal\u00e1dj\u00e1nak templom\u00e1ban j\u00e1rtak, ahol a mise ut\u00e1n besz\u00e9lget\u00e9sbe elegyedtek a pappal. Ekkor ker\u00fclt sz\u00f3ba a jegyesoktat\u00e1s.<\/p>\n<p>Van egy templom, ahova Tony \u00e9desanyja \u00e9s a csal\u00e1dja is j\u00e1r. Tony hossz\u00fa ideig nem ment oda vissza, azt\u00e1n nagyon kedvesen megk\u00e9rt, hogy k\u00eds\u00e9rjem el. Majd mise v\u00e9g\u00e9n h\u00e1trament\u00fcnk besz\u00e9lgetni a pappal, aki megeml\u00edtette, hogy szerd\u00e1nk\u00e9nt jegyesoktat\u00e1s van. Azonnal felcsillant Tony szeme<\/p>\n<p>\u2013 id\u00e9zte fel Gallusz Niki. A p\u00e1r az\u00f3ta rendszeresen r\u00e9szt vesz az alkalmakon, amelyeket Niki nemcsak a h\u00e1zass\u00e1g miatt, hanem a kapcsolatuk szempontj\u00e1b\u00f3l is hasznosnak tart. A sz\u00edn\u00e9szn\u0151 ugyanakkor egyel\u0151re nem szeretne k\u00e9sz t\u00e9nyk\u00e9nt besz\u00e9lni az esk\u00fcv\u0151r\u0151l.<\/p>\n<p>Nagyobb biztons\u00e1gban \u00e9rzem magunkat \u00e9s a kapcsolatunkat, hogy hetente van egy ilyen alkalom, ahol eszm\u00e9t cser\u00e9l\u00fcnk, \u00e9s egy tiszta k\u00f6zegben ki tudjuk fejezni, merre szeretn\u00e9nk haladni. Emiatt nagyon nagy rem\u00e9nyekkel n\u00e9zek a j\u00f6v\u0151be.<\/p>\n<p>Tony azonban j\u00f3val hat\u00e1rozottabban l\u00e1tja a k\u00f6z\u00f6s j\u00f6v\u0151t. Ha rajta m\u00falik, a jegyesoktat\u00e1s nem csup\u00e1n egy k\u00f6z\u00f6s \u00e9lm\u00e9ny, hanem az esk\u00fcv\u0151 fel\u00e9 vezet\u0151 \u00fat egyik fontos \u00e1llom\u00e1sa. \u201eEgymilli\u00e1rd sz\u00e1zal\u00e9k, hogy \u00f6ssze fogunk h\u00e1zasodni. Ez biztos!\u201d<\/p>\n<p>Amikor pedig azt k\u00e9rdezt\u00e9k t\u0151le, hogy ak\u00e1r m\u00e1r a k\u00f6zelj\u00f6v\u0151ben sor ker\u00fclhet-e a nagy napra, m\u00e9g egy\u00e9rtelm\u0171bb v\u00e1laszt adott: \u201eEz j\u00f6v\u0151re biztos meg fog t\u00f6rt\u00e9nni. Ezer sz\u00e1zal\u00e9k.\u201d<\/p>\n<p>\u00dagy t\u0171nik teh\u00e1t, hogy ami egykor egy tr\u00e9f\u00e1s \u201ef\u00e9rj\u201d \u00e9s \u201efeles\u00e9g\u201d megsz\u00f3l\u00edt\u00e1snak indult, abb\u00f3l k\u00f6nnyen val\u00f3di h\u00e1zass\u00e1g lehet. Egyel\u0151re Niki \u00f3vatosabb, Tony viszont szemernyi k\u00e9ts\u00e9get sem hagy afel\u0151l, hogy olt\u00e1r el\u0151tt k\u00e9pzeli el szerelm\u00fcket.<\/p>\n<p>R\u00e9szletek a ma megjelent lapsz\u00e1mban:<\/p>\n<p><img fetchpriority=\"high\" decoding=\"async\" class=\"img-responsive alignnone size-full wp-image-2179346\" src=\"https:\/\/www.europesays.com\/hu\/wp-content\/uploads\/2026\/09\/story.jpg\" alt=\"\u00d6sszeh\u00e1zasodik Gallusz Niki \u00e9s 23 \u00e9vvel fiatalabb p\u00e1rja\" width=\"1024\" height=\"1388\"   loading=\"lazy\"\/><\/p>\n","protected":false},"excerpt":{"rendered":"Gallusz Niki \u00e9s Tony kapcsolata m\u00e1r az elej\u00e9n sem eg\u00e9szen hagyom\u00e1nyosan indult. Sok\u00e1ig m\u00e9g telefonsz\u00e1mot sem cser\u00e9ltek, Instagramon&hellip;\n","protected":false},"author":2,"featured_media":231372,"comment_status":"","ping_status":"","sticky":false,"template":"","format":"standard","meta":{"footnotes":"","_share_on_mastodon":"0"},"categories":[16],"tags":[137,1297,2954,869,44,42,40,43,41,138,235],"class_list":["post-231371","post","type-post","status-publish","format-standard","has-post-thumbnail","category-szorakozas","tag-entertainment","tag-eskuvo","tag-gallusz-niki","tag-hazassag","tag-hu","tag-hungarian","tag-hungary","tag-magyar","tag-magyarorszag","tag-szorakozas","tag-sztarok"],"share_on_mastodon":{"url":"https:\/\/pubeurope.com\/@hu\/117207281962838632","error":""},"_links":{"self":[{"href":"https:\/\/www.europesays.com\/hu\/wp-json\/wp\/v2\/posts\/231371","targetHints":{"allow":["GET"]}}],"collection":[{"href":"https:\/\/www.europesays.com\/hu\/wp-json\/wp\/v2\/posts"}],"about":[{"href":"https:\/\/www.europesays.com\/hu\/wp-json\/wp\/v2\/types\/post"}],"author":[{"embeddable":true,"href":"https:\/\/www.europesays.com\/hu\/wp-json\/wp\/v2\/users\/2"}],"replies":[{"embeddable":true,"href":"https:\/\/www.europesays.com\/hu\/wp-json\/wp\/v2\/comments?post=231371"}],"version-history":[{"count":0,"href":"https:\/\/www.europesays.com\/hu\/wp-json\/wp\/v2\/posts\/231371\/revisions"}],"wp:featuredmedia":[{"embeddable":true,"href":"https:\/\/www.europesays.com\/hu\/wp-json\/wp\/v2\/media\/231372"}],"wp:attachment":[{"href":"https:\/\/www.europesays.com\/hu\/wp-json\/wp\/v2\/media?parent=231371"}],"wp:term":[{"taxonomy":"category","embeddable":true,"href":"https:\/\/www.europesays.com\/hu\/wp-json\/wp\/v2\/categories?post=231371"},{"taxonomy":"post_tag","embeddable":true,"href":"https:\/\/www.europesays.com\/hu\/wp-json\/wp\/v2\/tags?post=231371"}],"curies":[{"name":"wp","href":"https:\/\/api.w.org\/{rel}","templated":true}]}}