{"id":231375,"date":"2026-09-03T13:13:09","date_gmt":"2026-09-03T13:13:09","guid":{"rendered":"https:\/\/www.europesays.com\/hu\/231375\/"},"modified":"2026-09-03T13:13:09","modified_gmt":"2026-09-03T13:13:09","slug":"kritikus-szinten-az-openai-astra-modelljenek-kepessegei","status":"publish","type":"post","link":"https:\/\/www.europesays.com\/hu\/231375\/","title":{"rendered":"Kritikus szinten az OpenAI Astra modellj\u00e9nek k\u00e9pess\u00e9gei"},"content":{"rendered":"<p>Saj\u00e1t, bels\u0151 tesztjeire hivatkozva az OpenAI tegnap bejelentette, hogy a jelenleg fejleszt\u00e9s alatt \u00e1ll\u00f3 Astra modellje el\u00e9rte a &#8222;kritikus&#8221; kiberk\u00e9pess\u00e9gekhez kapcsol\u00f3d\u00f3 k\u00fcsz\u00f6b\u00f6t, ezzel p\u00e1rhuzamosan azonban tov\u00e1bbra sem tervezi annak azonnali kiad\u00e1s\u00e1t, am\u00edg tov\u00e1bbi teszteken meg nem gy\u0151z\u0151dik arr\u00f3l, hogy az biztons\u00e1gosan haszn\u00e1lhat\u00f3.<\/p>\n<p>Az OpenAI nem el\u0151sz\u00f6r igyekszik f\u00e9kezni az Astra modell piaci bevezet\u00e9s\u00e9t, r\u00e9szben a ny\u00e1ri Hugging Face incidenssel szerzett tapasztalatokra hivatkozva, m\u00e9g akkor is, ha az Astra ebben a t\u00e1mad\u00e1sban nem vett r\u00e9szt.<\/p>\n<p><img decoding=\"async\" src=\"https:\/\/www.europesays.com\/hu\/wp-content\/uploads\/2026\/09\/openai_astra_befottesuveg.jpg\" alt=\"openai_astra_befottesuveg\"\/><\/p>\n<p>            IT munkaer\u0151piac: nincs vissza\u00fat 2022-be<br \/>\n            Le\u00e9p\u00edt\u00e9sek \u00e9s elp\u00e1rolg\u00f3 vid\u00e9ki lehet\u0151s\u00e9gek jellemzik az IT-szektort 2026 nyar\u00e1n.<br \/>\n            <a href=\"https:\/\/www.hwsw.hu\/podcast\/70964\/kraftie-it-informatikai-karrier-munka-2026-layoff-leepites.html\" title=\"IT munkaer\u0151piac: nincs vissza\u00fat 2022-be\" target=\"_blank\" rel=\"nofollow noopener\"><\/p>\n<p class=\"ab-block\">\n        IT munkaer\u0151piac: nincs vissza\u00fat 2022-be<br \/>\n        Le\u00e9p\u00edt\u00e9sek \u00e9s elp\u00e1rolg\u00f3 vid\u00e9ki lehet\u0151s\u00e9gek jellemzik az IT-szektort 2026 nyar\u00e1n.<br \/>\n        <a href=\"https:\/\/www.hwsw.hu\/podcast\/70964\/kraftie-it-informatikai-karrier-munka-2026-layoff-leepites.html\" title=\"IT munkaer\u0151piac: nincs vissza\u00fat 2022-be\" target=\"_blank\" rel=\"nofollow noopener\">\n    <\/p>\n<p>A v\u00e1llalat szerint az Astra fejleszt\u00e9se sor\u00e1n a modell az az\u00f3ta eltelt id\u0151szakban jelent\u0151s el\u0151rel\u00e9p\u00e9st mutatott az \u00fagynevezett agentic coding, vagyis az \u00f6n\u00e1ll\u00f3an v\u00e9grehajtott programoz\u00e1si feladatok, valamint a kiberbiztons\u00e1gi m\u0171veletek ter\u00e9n, \u00e9s mostanra a c\u00e9g saj\u00e1t Preparedness Framework nev\u0171 biztons\u00e1gi keretrendszere alapj\u00e1n el\u00e9rte a legfels\u0151bb besorol\u00e1si szintet.<\/p>\n<p>Ezt azok a modellek kaphatj\u00e1k meg, melyek emberi beavatkoz\u00e1s n\u00e9lk\u00fcl k\u00e9pesek m\u0171k\u00f6d\u0151 zero-day s\u00e9r\u00fcl\u00e9kenys\u00e9gek azonos\u00edt\u00e1s\u00e1ra \u00e9s kidolgoz\u00e1s\u00e1ra ak\u00e1r meger\u0151s\u00edtett, val\u00f3di kritikus rendszerekben, illetve k\u00e9pesek egy magas szint\u0171 c\u00e9lkit\u0171z\u00e9s alapj\u00e1n \u00f6n\u00e1ll\u00f3an megtervezni \u00e9s v\u00e9grehajtani teljes, \u00fajszer\u0171 kibert\u00e1mad\u00e1si l\u00e1ncokat.<\/p>\n<p>Az Astra felk\u00e9sz\u00edt\u00e9se \u00e9rdek\u00e9ben az OpenAI t\u00f6bb biztons\u00e1gi int\u00e9zked\u00e9st is bevezetett, \u00edgy els\u0151sorban \u00fagy tan\u00edtott\u00e1k a modellt, hogy az megb\u00edzhat\u00f3bban utas\u00edtsa el a kiberbiztons\u00e1gi szempontb\u00f3l potenci\u00e1lisan k\u00e1ros, vagy k\u00e1rokoz\u00e1si c\u00e9llal sz\u00fcletett lek\u00e9r\u00e9seket. Ennek kapcs\u00e1n a fejleszt\u0151k egy olyan tesztet is l\u00e9trehoztak, melyek egy, a Hugging Face-incidenshez hasonl\u00f3 helyzetet szimul\u00e1lnak.\u00a0<\/p>\n<p>Az eredm\u00e9ny az OpenAI szerint meglehet\u0151sen besz\u00e9des: m\u00edg a GPT-5.6 Sol a tesztek t\u00f6bb mint fel\u00e9ben &#8222;bekapta a csalit&#8221;, addig az Astra egyetlen k\u00eds\u00e9rletet sem tett arra, hogy megpr\u00f3b\u00e1ljon \u00f6n\u00e1ll\u00f3an kompromitt\u00e1lni egy rendszert a r\u00e1b\u00edzott feladat v\u00e9grehajt\u00e1sa \u00e9rdek\u00e9ben.<\/p>\n","protected":false},"excerpt":{"rendered":"Saj\u00e1t, bels\u0151 tesztjeire hivatkozva az OpenAI tegnap bejelentette, hogy a jelenleg fejleszt\u00e9s alatt \u00e1ll\u00f3 Astra modellje el\u00e9rte a&hellip;\n","protected":false},"author":2,"featured_media":231376,"comment_status":"","ping_status":"","sticky":false,"template":"","format":"standard","meta":{"footnotes":"","_share_on_mastodon":"0"},"categories":[12],"tags":[41297,61125,8351,44,61126,42,40,17432,525,1084,43,41,1888,121,120,125,122,426,124,123],"class_list":["post-231375","post","type-post","status-publish","format-standard","has-post-thumbnail","category-tudomany-es-technologia","tag-astra","tag-face","tag-fejlesztes","tag-hu","tag-hugging","tag-hungarian","tag-hungary","tag-incidens","tag-kiberbiztonsag","tag-kibervedelem","tag-magyar","tag-magyarorszag","tag-openai","tag-science","tag-science-technology","tag-technologia","tag-technology","tag-teszt","tag-tudomany","tag-tudomany-es-technologia"],"share_on_mastodon":{"url":"https:\/\/pubeurope.com\/@hu\/117207289611967019","error":""},"_links":{"self":[{"href":"https:\/\/www.europesays.com\/hu\/wp-json\/wp\/v2\/posts\/231375","targetHints":{"allow":["GET"]}}],"collection":[{"href":"https:\/\/www.europesays.com\/hu\/wp-json\/wp\/v2\/posts"}],"about":[{"href":"https:\/\/www.europesays.com\/hu\/wp-json\/wp\/v2\/types\/post"}],"author":[{"embeddable":true,"href":"https:\/\/www.europesays.com\/hu\/wp-json\/wp\/v2\/users\/2"}],"replies":[{"embeddable":true,"href":"https:\/\/www.europesays.com\/hu\/wp-json\/wp\/v2\/comments?post=231375"}],"version-history":[{"count":0,"href":"https:\/\/www.europesays.com\/hu\/wp-json\/wp\/v2\/posts\/231375\/revisions"}],"wp:featuredmedia":[{"embeddable":true,"href":"https:\/\/www.europesays.com\/hu\/wp-json\/wp\/v2\/media\/231376"}],"wp:attachment":[{"href":"https:\/\/www.europesays.com\/hu\/wp-json\/wp\/v2\/media?parent=231375"}],"wp:term":[{"taxonomy":"category","embeddable":true,"href":"https:\/\/www.europesays.com\/hu\/wp-json\/wp\/v2\/categories?post=231375"},{"taxonomy":"post_tag","embeddable":true,"href":"https:\/\/www.europesays.com\/hu\/wp-json\/wp\/v2\/tags?post=231375"}],"curies":[{"name":"wp","href":"https:\/\/api.w.org\/{rel}","templated":true}]}}