{"id":231391,"date":"2026-09-03T13:30:07","date_gmt":"2026-09-03T13:30:07","guid":{"rendered":"https:\/\/www.europesays.com\/hu\/231391\/"},"modified":"2026-09-03T13:30:07","modified_gmt":"2026-09-03T13:30:07","slug":"valasz-a-vilagnak-putyin-szerint-egy-ut-jarhato-a-haboru-kapcsan","status":"publish","type":"post","link":"https:\/\/www.europesays.com\/hu\/231391\/","title":{"rendered":"V\u00e1lasz a vil\u00e1gnak \u2013 Putyin szerint egy \u00fat j\u00e1rhat\u00f3 a h\u00e1bor\u00fa kapcs\u00e1n"},"content":{"rendered":"<p>Els\u0151sorban egym\u00e1ssal kell megegyeznie Oroszorsz\u00e1gnak \u00e9s Ukrajn\u00e1nak, a t\u00f6bbi orsz\u00e1g csak t\u00e1mogat\u00e1st tud ny\u00fajtani &#8211; jelentette ki Vlagyimir Putyin orosz eln\u00f6k cs\u00fct\u00f6rt\u00f6k\u00f6n Vlagyivosztokban a Keleti Gazdas\u00e1gi F\u00f3rum plen\u00e1ris \u00fcl\u00e9s\u00e9n.<\/p>\n<p>\u201eEls\u0151sorban Oroszorsz\u00e1gnak \u00e9s Ukrajn\u00e1nak kell megegyeznie egym\u00e1ssal. Az \u00f6sszes t\u00f6bbi orsz\u00e1g k\u00e9sz t\u00e1mogat\u00e1st ny\u00fajtani \u00e9s seg\u00edteni\u2026 De v\u00e9g\u00fcl is, \u00e9s mindenekel\u0151tt, ezt a probl\u00e9m\u00e1t a konfliktusban \u00e9rintett orsz\u00e1goknak \u2013 vagyis Oroszorsz\u00e1gnak \u00e9s Ukrajn\u00e1nak \u2013 kell megoldaniuk. Ez a helyes megk\u00f6zel\u00edt\u00e9s\u201d \u2013 mondta.<\/p>\n<p>\u00dagy v\u00e9lekedett, hogy Kijev \u00e9s az eur\u00f3paiak agressz\u00edv l\u00e9p\u00e9sei megnehez\u00edtik a konfliktus rendez\u00e9s\u00e9nek lehet\u0151s\u00e9g\u00e9t. P\u00e9ldak\u00e9nt eml\u00edtette egyebek k\u00f6z\u00f6tt az oroszorsz\u00e1gi polg\u00e1ri c\u00e9lpontokra m\u00e9rt csap\u00e1sokat \u00e9s azt, hogy Volodimir Zelenszkij ukr\u00e1n eln\u00f6k fenyeget\u0151 kijelent\u00e9seket tett az oroszorsz\u00e1gi polg\u00e1ri l\u00e9gik\u00f6zleked\u00e9s biztons\u00e1g\u00e1val kapcsolatban.<\/p>\n<p>\u201eAzok, akik nem ford\u00edtanak erre figyelmet \u2013 els\u0151sorban Ukrajna nyugati sz\u00f6vets\u00e9geseire gondolok \u2013, a nemzetk\u00f6zi terrorizmus b\u0171nt\u00e1rs\u00e1v\u00e1 v\u00e1lnak\u201d \u2013 hangoztatta, hozz\u00e1t\u00e9ve ugyanakkor, hogy vannak es\u00e9lyek a b\u00e9k\u00e9re, amelyhez els\u0151sorban Oroszorsz\u00e1gnak \u00e9s Ukrajn\u00e1nak kell megegyeznie egym\u00e1ssal.<\/p>\n<p>Elmondta, hogy a Moszkva \u00e9s Kijev k\u00f6z\u00f6tti kapcsolatok folytat\u00f3dnak, els\u0151sorban a titkosszolg\u00e1latok vonal\u00e1n. Azt is kijelentette, hogy Oroszorsz\u00e1g h\u00e1l\u00e1s mindazoknak, akik igyekeznek hozz\u00e1j\u00e1rulni a helyzet megold\u00e1s\u00e1hoz.<\/p>\n<p>A Washingtonnal folytatott p\u00e1rbesz\u00e9dr\u0151l sz\u00f3lva Putyin pontos\u00edtotta, hogy a Kreml a kapcsolatok teljes k\u00f6r\u0171 helyre\u00e1ll\u00edt\u00e1sa mellett \u00e1ll. Szavai szerint Donald Trump amerikai eln\u00f6k hajlik a konstrukt\u00edv egy\u00fcttm\u0171k\u00f6d\u00e9sre.<\/p>\n<p>K\u00e9rd\u00e9sre v\u00e1laszolva meger\u0151s\u00edtette, hogy nem lesz mozg\u00f3s\u00edt\u00e1s Oroszorsz\u00e1gban.<\/p>\n<p>\u201eNincs olyan forgat\u00f3k\u00f6nyv, amely mozg\u00f3s\u00edt\u00e1st tenne sz\u00fcks\u00e9gess\u00e9 Oroszorsz\u00e1gban\u201d<\/p>\n<p>\u2013 fogalmazott.<\/p>\n<p>Hangot adott v\u00e9lem\u00e9ny\u00e9nek, miszerint a mozg\u00f3s\u00edt\u00e1sr\u00f3l sz\u00f3l\u00f3 \u00e1lh\u00edr bedob\u00e1s\u00e1val a szeptemberben esed\u00e9kes oroszorsz\u00e1gi v\u00e1laszt\u00e1sokra akarnak befoly\u00e1st gyakorolni. Putyin felh\u00edvta a figyelmet arra, hogy am\u00edg az orosz hadseregbe \u00f6nk\u00e9ntesek jelentkeznek, addig Ukrajn\u00e1ban \u00fagy fogdoss\u00e1k \u00f6ssze az embereket, \u201emint a k\u00f3bor kuty\u00e1kat\u201d. Mint mondta, \u00edgy sem k\u00e9pesek kompenz\u00e1lni az egyre n\u00f6vekv\u0151 l\u00e9tsz\u00e1mhi\u00e1nyt, a k\u00e9nyszermozg\u00f3s\u00edt\u00e1s nem fedezi a vesztes\u00e9geket, ami abban is megmutatkozik, hogy az orosz hadsereg minden frontszakaszon el\u0151renyomul.<\/p>\n<p>Azt mondta, Oroszorsz\u00e1g a h\u00e1bor\u00fa elej\u00e9n abb\u00f3l indult ki, hogy polg\u00e1ri c\u00e9lpontok m\u00e9g konfliktus eset\u00e9n sem lehetnek t\u00e1mad\u00e1sok c\u00e9lpontjai, de t\u00e9vedett, az ellens\u00e9g ezt m\u00e1sk\u00e9pp gondolta, ez\u00e9rt Oroszorsz\u00e1g most k\u00e9nytelen t\u00fck\u00f6rv\u00e1laszt adni. Els\u0151 sz\u00e1m\u00fa ellenszerk\u00e9nt az orosz l\u00e9gv\u00e9delem meger\u0151s\u00edt\u00e9s\u00e9t, m\u00e1sodikk\u00e9nt pedig az olyan ellencsap\u00e1sokat nevezte meg, amelyek elveszik az ukr\u00e1n f\u00e9l kedv\u00e9t az ilyen objektumokra m\u00e9rt csap\u00e1sokt\u00f3l.<\/p>\n<p>Elismer\u00e9ssel sz\u00f3lt arr\u00f3l, hogy az orosz olajipari v\u00e1llalatok, amelyeknek a h\u00e1bor\u00fa el\u0151tt nem tartozott k\u00f6teless\u00e9geik k\u00f6z\u00e9 a finom\u00edt\u00f3k v\u00e9delme, most jelent\u0151s \u00f6sszegeket \u00e1ldoznak erre a c\u00e9lra.<\/p>\n<p>Az \u00e1llamf\u0151 arra a k\u00e9rd\u00e9sre v\u00e1laszolva, hogy az oroszoknak hozz\u00e1 kell-e szokniuk a rendszeres \u00fczemanyaghi\u00e1nyhoz, figyelembe v\u00e9ve a l\u00e9gv\u00e9delmi rendszer m\u0171k\u00f6d\u00e9s\u00e9t, a megtorl\u00f3 csap\u00e1sokat \u00e9s a hat\u00f3s\u00e1gok \u00e1ltal hozott int\u00e9zked\u00e9seket is, kijelentette:<\/p>\n<p>\u201emindenre k\u00e9szen kell \u00e1llnunk (\u2026) Ez vil\u00e1goss\u00e1 teszi mindazok sz\u00e1m\u00e1ra, akik \u00e1rtani akarnak nek\u00fcnk, hogy jobb, ha nem tesznek ilyet\u201d.<\/p>\n<p>A Keleti Gazdas\u00e1gi F\u00f3rum idei plen\u00e1ris \u00fcl\u00e9se csaknem 3 \u00e9s f\u00e9l \u00f3r\u00e1n \u00e1t tartott. Putyin mellett felsz\u00f3lalt rajta Prabowo Subianto indon\u00e9z eln\u00f6k, Njam-Oszorin Ucsral mongol minisztereln\u00f6k, U Nyo Szo, Mianmar els\u0151 aleln\u00f6ke, valamint Ting Hsz\u00fce-hsziang k\u00ednai minisztereln\u00f6k-helyettes.<\/p>\n","protected":false},"excerpt":{"rendered":"Els\u0151sorban egym\u00e1ssal kell megegyeznie Oroszorsz\u00e1gnak \u00e9s Ukrajn\u00e1nak, a t\u00f6bbi orsz\u00e1g csak t\u00e1mogat\u00e1st tud ny\u00fajtani &#8211; jelentette ki Vlagyimir&hellip;\n","protected":false},"author":2,"featured_media":231392,"comment_status":"","ping_status":"","sticky":false,"template":"","format":"standard","meta":{"footnotes":"","_share_on_mastodon":"0"},"categories":[8],"tags":[813,42,43,34,102,58,94,299,93,92],"class_list":["post-231391","post","type-post","status-publish","format-standard","has-post-thumbnail","category-vilag","tag-haboru","tag-hungarian","tag-magyar","tag-news","tag-oroszorszag","tag-ukrajna","tag-vilag","tag-vlagyimir-putyin","tag-world","tag-world-news"],"share_on_mastodon":{"url":"https:\/\/pubeurope.com\/@hu\/117207356375701390","error":""},"_links":{"self":[{"href":"https:\/\/www.europesays.com\/hu\/wp-json\/wp\/v2\/posts\/231391","targetHints":{"allow":["GET"]}}],"collection":[{"href":"https:\/\/www.europesays.com\/hu\/wp-json\/wp\/v2\/posts"}],"about":[{"href":"https:\/\/www.europesays.com\/hu\/wp-json\/wp\/v2\/types\/post"}],"author":[{"embeddable":true,"href":"https:\/\/www.europesays.com\/hu\/wp-json\/wp\/v2\/users\/2"}],"replies":[{"embeddable":true,"href":"https:\/\/www.europesays.com\/hu\/wp-json\/wp\/v2\/comments?post=231391"}],"version-history":[{"count":0,"href":"https:\/\/www.europesays.com\/hu\/wp-json\/wp\/v2\/posts\/231391\/revisions"}],"wp:featuredmedia":[{"embeddable":true,"href":"https:\/\/www.europesays.com\/hu\/wp-json\/wp\/v2\/media\/231392"}],"wp:attachment":[{"href":"https:\/\/www.europesays.com\/hu\/wp-json\/wp\/v2\/media?parent=231391"}],"wp:term":[{"taxonomy":"category","embeddable":true,"href":"https:\/\/www.europesays.com\/hu\/wp-json\/wp\/v2\/categories?post=231391"},{"taxonomy":"post_tag","embeddable":true,"href":"https:\/\/www.europesays.com\/hu\/wp-json\/wp\/v2\/tags?post=231391"}],"curies":[{"name":"wp","href":"https:\/\/api.w.org\/{rel}","templated":true}]}}