{"id":231397,"date":"2026-09-03T13:39:11","date_gmt":"2026-09-03T13:39:11","guid":{"rendered":"https:\/\/www.europesays.com\/hu\/231397\/"},"modified":"2026-09-03T13:39:11","modified_gmt":"2026-09-03T13:39:11","slug":"after-john-galliano-karrierjet-koronazta-volna-meg-a-met-gala-de-akkora-botrany-lett-belole-hogy-inkabb-visszatancoltak","status":"publish","type":"post","link":"https:\/\/www.europesays.com\/hu\/231397\/","title":{"rendered":"After: John Galliano karrierj\u00e9t koron\u00e1zta volna meg a Met-g\u00e1la, de akkora botr\u00e1ny lett bel\u0151le, hogy ink\u00e1bb visszat\u00e1ncoltak"},"content":{"rendered":"<p>M\u00e9gsem John Galliano \u00e9letm\u0171v\u00e9nek szentelik a 2027-es Met-g\u00e1l\u00e1hoz kapcsol\u00f3d\u00f3 divatki\u00e1ll\u00edt\u00e1st \u2013 a h\u00edrt maga a legend\u00e1s brit tervez\u0151 jelentette be, egy h\u00f3nappal azut\u00e1n, hogy a New York-i Metropolitan M\u00fazeum Divatint\u00e9zet\u00e9nek (Costume Institute) kur\u00e1torai \u00e9s Anna Wintour, a Vogue kor\u00e1bbi f\u0151szerkeszt\u0151je \u00e9s a Met-g\u00e1la f\u0151szervez\u0151je <a href=\"https:\/\/www.vogue.com\/article\/john-galliano-met-exhibition\" target=\"_blank\" rel=\"nofollow noopener\">leleplezt\u00e9k a j\u00f6v\u0151 \u00e9vi tematik\u00e1t<\/a>.<\/p>\n<p>A John Galliano: Horizons c\u00edm\u0171 t\u00e1rlat 2027. m\u00e1jus 9-\u00e9n ny\u00edlt volna meg, \u00e9s kilenc h\u00f3napig lett volna l\u00e1togathat\u00f3. B\u00e1r a ki\u00e1ll\u00edt\u00e1s megnyit\u00f3j\u00e1val egybek\u00f6t\u00f6tt, a divatvil\u00e1g kr\u00e9mj\u00e9t felvonultat\u00f3 adom\u00e1nygy\u0171jt\u0151 g\u00e1la dress code-j\u00e1t nem jelentett\u00e9k be, sejteni lehetett, hogy a hagyom\u00e1nyokhoz h\u00edven valamilyen m\u00f3don kapcsol\u00f3dni fog a ki\u00e1ll\u00edt\u00e1s t\u00e9m\u00e1j\u00e1hoz, ami annyit jelentett volna, hogy a divatipar legfontosabb esem\u00e9ny\u00e9t is ellept\u00e9k volna a Galliano \u00e1ltal tervezett ruh\u00e1k. Minden jel arra mutat, hogy ez m\u00e9gsem \u00edgy lesz, az augusztus eleji bejelent\u00e9s \u00f3ta ugyanis rengeteg kritika \u00e9rte a Metet, ami\u00e9rt ekkora teret adn\u00e1nak az ellentmond\u00e1sos meg\u00edt\u00e9l\u00e9s\u0171 tervez\u0151nek. V\u00e9g\u00fcl maga Galliano adott ki egy hossz\u00fa nyilatkozatot augusztus v\u00e9g\u00e9n, amelyben arr\u00f3l \u00edrt, hogy \u00fagy d\u00f6nt\u00f6tt: az lenne a legjobb, ha most nem rendezn\u00e9k meg a ki\u00e1ll\u00edt\u00e1st.<\/p>\n<p>Pedig hatalmas megtiszteltet\u00e9s lett volna neki, ha a t\u00e1rlat megval\u00f3sul. Eddig csup\u00e1n kett\u0151 divattervez\u0151nek szentelt m\u00e9g \u00e9let\u00e9ben \u00f6n\u00e1ll\u00f3 ki\u00e1ll\u00edt\u00e1st a Met Divatint\u00e9zete: 1983-ban Yves Saint Laurent-nak, 2017-ben pedig Rei Kawakub\u00f3nak (Comme des Gar\u00e7ons). A Met teh\u00e1t m\u00e1r ezzel a gesztussal a legnagyobb \u00e9l\u0151 divattervez\u0151nek ki\u00e1ltotta ki Gallian\u00f3t. Anna Wintour a bejelent\u00e9skor azt nyilatkozta,<\/p>\n<p>\u201esenki sem \u00e9rdemel meg jobban egy ilyen nagyszab\u00e1s\u00fa ki\u00e1ll\u00edt\u00e1st, mint John Galliano\u201d.<\/p>\n<p>Ami \u00edgy is van, Galliano val\u00f3ban az egyik legnagyobb hat\u00e1s\u00fa tervez\u0151, aki 1984-es diplomakollekci\u00f3ja \u00f3ta a divatvil\u00e1g egyik legmeghat\u00e1roz\u00f3bb alakja, olyan nagy m\u00falt\u00fa divath\u00e1zak legend\u00e1s \u00e9r\u00e1i\u00e9rt felelt, mint a Givenchy, a Dior \u00e9s a Maison Margiela. A j\u00f6v\u0151ben m\u00e9g nagyobb hat\u00e1ssal lehet majd a h\u00e9tk\u00f6znapi emberek \u00e9let\u00e9re: m\u00e1rciusban der\u00fclt ki, hogy visszat\u00e9r a nyugd\u00edjb\u00f3l, hogy <a href=\"https:\/\/telex.hu\/eletmod\/2026\/03\/18\/john-galliano-dior-maison-margiela-zara-szerzodes-kollekciok\" class=\"\" rel=\"nofollow noopener\" target=\"_blank\">a Zar\u00e1nak tervezzen kollekci\u00f3kat<\/a>. A n\u00e9gy \u00e9vtizedes, a teljes luxusipart \u00e9s az utcai divatot is alapjaiban form\u00e1l\u00f3 karriernek val\u00f3ban m\u00e9lt\u00f3 megkoron\u00e1z\u00e1sa lett volna a Met ki\u00e1ll\u00edt\u00e1sa.<\/p>\n<p>A gond csak az, hogy Galliano karrierje egy\u00e1ltal\u00e1n nem botr\u00e1nyokt\u00f3l mentes. 2010-ben kir\u00fagt\u00e1k a Diort\u00f3l, miut\u00e1n levide\u00f3zt\u00e1k, amint r\u00e9szegen antiszemita megjegyz\u00e9sekkel szitkoz\u00f3dik az utc\u00e1n \u00e9s egy b\u00e1rban. Egy francia b\u00edr\u00f3s\u00e1g ez\u00e9rt 2011-ben 6 ezer eur\u00f3s (mai \u00e1rfolyamon 2,2 milli\u00f3 forintos) p\u00e9nzb\u00fcntet\u00e9sre \u00edt\u00e9lte, \u00e9s rehabra is el kellett mennie. Galliano ezut\u00e1n \u00e9vekre visszavonult, k\u00e9s\u0151bb pedig t\u00f6bbsz\u00f6r nyilv\u00e1nosan bocs\u00e1natot k\u00e9rt, \u00e9s arr\u00f3l besz\u00e9lt, a r\u00e1 nehezed\u0151 nyom\u00e1s \u00e9s a f\u00fcgg\u0151s\u00e9ge hat\u00e1s\u00e1ra tette a s\u00e9rt\u0151 kijelent\u00e9seket, val\u00f3j\u00e1ban senkit nem \u00e1llt sz\u00e1nd\u00e9k\u00e1ban megb\u00e1ntani, \u00e9s nem gondolta komolyan, amiket mondott. A tervez\u0151 egy londoni rabbi k\u00e9pz\u00e9s\u00e9n is r\u00e9szt vett, ahol a judaizmusr\u00f3l, az antiszemitizmusr\u00f3l \u00e9s a holokausztr\u00f3l tanult.<\/p>\n<p>Kock\u00e1zatos v\u00e1llal\u00e1s, meg\u00fasz\u00f3s h\u00e1traarc<\/p>\n<p>A ki\u00e1ll\u00edt\u00e1s nem ker\u00fclte volna ki a tervez\u0151 \u00e9let\u00e9nek s\u00f6t\u00e9t id\u0151szak\u00e1t. Andrew Bolton kur\u00e1tor kor\u00e1bban \u00fagy fogalmazott, a t\u00e1rlat nemcsak azt vizsg\u00e1lja majd, hogyan alak\u00edtotta \u00e1t a vil\u00e1got Galliano a divat seg\u00edts\u00e9g\u00e9vel, hanem azt is, hogy \u201ea viselked\u00e9se, annak k\u00f6vetkezm\u00e9nyei \u00e9s a v\u00e1ltoz\u00f3 kultur\u00e1lis \u00e9rt\u00e9kek hogyan form\u00e1lt\u00e1k \u00e1t a munk\u00e1ss\u00e1g\u00e1r\u00f3l alkotott k\u00e9p\u00fcnket\u201d. Anna Wintour ehhez hozz\u00e1tette azt is, a t\u00e1rlatot \u00f6ssze\u00e1ll\u00edt\u00f3 Bolton \u201ea kezdetekt\u0151l fogva egy\u00fcttm\u0171k\u00f6d\u00e9sen alapul\u00f3, \u00e9rz\u00e9keny \u00e9s szigor\u00faan tudom\u00e1nyos megk\u00f6zel\u00edt\u00e9ssel foglalkozott a ki\u00e1ll\u00edt\u00e1ssal\u201d. Galliano \u201ekarrierj\u00e9t nem egyetlen pillanat hat\u00e1rozza meg\u201d \u2013 tette hozz\u00e1 Wintour, aki szint\u00e9n a Met kur\u00e1torak\u00e9nt vett r\u00e9szt a ki\u00e1ll\u00edt\u00e1s megtervez\u00e9s\u00e9ben.<\/p>\n<p>A Met a bejelent\u00e9skor k\u00fcl\u00f6n hangs\u00falyozta, hogy a d\u00f6nt\u00e9s el\u0151tt konzult\u00e1ltak a New York-i zsid\u00f3 k\u00f6z\u00f6ss\u00e9gek vezet\u0151ivel, \u00e9s rabbik v\u00e9lem\u00e9ny\u00e9t is kik\u00e9rt\u00e9k. Erre az\u00e9rt is sz\u00fcks\u00e9g lehetett, mert a ki\u00e1ll\u00edt\u00e1s megnyit\u00f3j\u00e1val egybek\u00f6t\u00f6tt Met-g\u00e1l\u00e1t hagyom\u00e1nyosan m\u00e1jus els\u0151 h\u00e9tf\u0151j\u00e9n tartj\u00e1k, ami j\u00f6v\u0151re k\u00fcl\u00f6n\u00f6sen szerencs\u00e9tlen id\u0151z\u00edt\u00e9st eredm\u00e9nyez: m\u00e1jus 10. a Jom H\u00e1so\u00e1, a zsid\u00f3s\u00e1g \u00e9s Izrael hivatalos holokauszt-eml\u00e9knapja.<\/p>\n<p>A k\u00f6z\u00f6ss\u00e9gi m\u00e9di\u00e1ban \u00e9rthet\u0151 m\u00f3don sokan kritiz\u00e1lt\u00e1k a Met d\u00f6nt\u00e9s\u00e9t, ami\u00e9rt ki\u00e1ll\u00edt\u00e1st szentelne az antiszemita megjegyz\u00e9seibe belebukott tervez\u0151nek.<\/p>\n<p>A kritik\u00e1kra augusztus v\u00e9g\u00e9ig szinte semmilyen reakci\u00f3 nem \u00e9rkezett a m\u00fazeum \u00e9s a g\u00e1la szervez\u0151i r\u00e9sz\u00e9r\u0151l, a v\u00e9gs\u0151 felel\u0151ss\u00e9get pedig mag\u00e1ra a tervez\u0151re tolt\u00e1k.<\/p>\n<p>V\u00e9g\u00fcl ugyanis maga Galliano adott ki hossz\u00fa nyilatkozatot h\u00e9tf\u0151n, amelyben megk\u00f6sz\u00f6nte a m\u00fazeum elismer\u00e9s\u00e9t, de azt \u00edrta: \u201eHosszas m\u00e9rlegel\u00e9s \u00e9s a Mettel, valamint az \u00f6sszes \u00e9rintett f\u00e9llel folytatott megbesz\u00e9l\u00e9sek ut\u00e1n szomor\u00faan, de \u00fagy d\u00f6nt\u00f6ttem, hogy a legjobb az lesz, ha nem rendezik meg a ki\u00e1ll\u00edt\u00e1st. Tov\u00e1bbra is teljes m\u00e9rt\u00e9kben v\u00e1llalom a felel\u0151ss\u00e9get a m\u00faltban elhangzott szavaim \u00e1ltal okozott f\u00e1jdalom\u00e9rt, k\u00fcl\u00f6n\u00f6sen a zsid\u00f3 \u00e9s az \u00e1zsiai k\u00f6z\u00f6ss\u00e9geknek okozott s\u00e9relem\u00e9rt, \u00e9s tov\u00e1bbra is m\u00e9lyen sajn\u00e1lom azt. Tiszt\u00e1ban vagyok azzal, hogy az igazi vezekl\u00e9s nem \u00e9rhet\u0151 el egy ki\u00e1ll\u00edt\u00e1ssal, int\u00e9zm\u00e9nyi elismer\u00e9ssel vagy egyetlen nyilv\u00e1nos gesztussal. Ez egy folyamatos felel\u0151ss\u00e9g, amelyet a meghallgat\u00e1s, a tanul\u00e1s \u00e9s az id\u0151 sor\u00e1n tan\u00fas\u00edtott magatart\u00e1s r\u00e9v\u00e9n kell bizony\u00edtani.\u201d A <a href=\"https:\/\/www.metmuseum.org\/press-releases\/spring-ci-2027-announcement\" target=\"_blank\" rel=\"nofollow noopener\">Met honlapj\u00e1n k\u00f6zz\u00e9tett<\/a> nyilatkozathoz a ki\u00e1ll\u00edt\u00e1s kur\u00e1tora \u00e9s Wintour is csak annyit f\u0171z\u00f6tt, hogy elfogadt\u00e1k a tervez\u0151 d\u00f6nt\u00e9s\u00e9t.<\/p>\n<p>Pedig sejteni lehetett, hogy a ki\u00e1ll\u00edt\u00e1s h\u00edre nem csak a k\u00f6z\u00f6ss\u00e9gi m\u00e9di\u00e1ban kavarta fel az \u00e1ll\u00f3vizet. A New York Times pont Galliano nyilatkozata el\u0151tt p\u00e1r nappal <a href=\"https:\/\/www.nytimes.com\/2026\/08\/28\/style\/galliano-met-gala-critics.html\" target=\"_blank\" rel=\"nofollow noopener\">k\u00f6z\u00f6lt cikket arr\u00f3l<\/a>, hogy a nyilv\u00e1nos felh\u00e1borod\u00e1s hat\u00e1s\u00e1ra a kurat\u00f3rium \u00e9s a m\u00fazeum igazgat\u00f3tan\u00e1cs\u00e1nak tagjai is k\u00e1rment\u00e9sbe kezdtek. Felmer\u00fclt, hogy a Met-g\u00e1l\u00e1t j\u00f6v\u0151re a hagyom\u00e1nyokt\u00f3l elt\u00e9rve m\u00e1s id\u0151pontban tarts\u00e1k meg, \u00e9s az is, hogy rendhagy\u00f3 m\u00f3don lehagyj\u00e1k a tervez\u0151 nev\u00e9t a g\u00e1la megh\u00edv\u00f3ir\u00f3l, \u00e9s a dress code-ot is min\u00e9l jobban elt\u00e1vol\u00edtj\u00e1k t\u0151le. A lap szerint a Met vezet\u00e9s\u00e9t els\u0151sorban az ijeszthette meg, hogy a botr\u00e1ny hat\u00e1s\u00e1ra t\u00f6bb szponzor is meglebegtette, hogy visszavonj\u00e1k a don\u00e1ci\u00f3jukat, ami az eg\u00e9sz ki\u00e1ll\u00edt\u00e1s \u00e9s a g\u00e1la megrendez\u00e9s\u00e9t vesz\u00e9lybe sodorta volna. A lap megszerezte azt a levelet is, amelyet Julie Menin, a New York-i \u00f6nkorm\u00e1nyzat egyik legmagasabb rang\u00fa zsid\u00f3 tisztvisel\u0151je Max Holleinnek (a Met M\u00fazeum igazgat\u00f3j\u00e1nak), Andrew Boltonnak \u00e9s Anna Wintournak c\u00edmzett, \u00e9s amelyben \u201es\u00falyos hib\u00e1nak\u201d nevezi a m\u00fazeum d\u00f6nt\u00e9s\u00e9t, arra k\u00e9rve a szervez\u0151ket, hogy fontolj\u00e1k meg, megrendezik-e a ki\u00e1ll\u00edt\u00e1st.<\/p>\n<p>V\u00e9g\u00fcl a m\u00fazeumra n\u00e9zve a legmeg\u00fasz\u00f3sabb megold\u00e1s sz\u00fcletett: a kiadott nyilatkozatok alapj\u00e1n \u00fagy t\u0171nik, mintha maga Galliano gondolta volna meg mag\u00e1t a ki\u00e1ll\u00edt\u00e1ssal kapcsolatban.<\/p>\n<p>Azt, hogy Galliano \u00e9letm\u0171ve helyett mi lesz a Met k\u00f6vetkez\u0151 ki\u00e1ll\u00edt\u00e1s\u00e1nak tematik\u00e1ja, egyel\u0151re nem tudni, \u00e9s a Met-g\u00e1l\u00e1ra k\u00e9sz\u00fcl\u0151d\u0151 szt\u00e1rok is bizonytalans\u00e1gban vannak tartva a dress code-ot illet\u0151en. \u00cdgy is lehet, hogy sokan Gallian\u00f3ban jelennek majd meg, a tervez\u0151 ruh\u00e1i ugyanis \u00e9vek \u00f3ta nagy sl\u00e1gernek sz\u00e1m\u00edtanak a v\u00f6r\u00f6s sz\u0151nyegen, kor\u00e1bban t\u00f6bbek k\u00f6z\u00f6tt Kim Kardashian \u00e9s Zendaya is t\u0151le v\u00e1lasztott ruh\u00e1t a g\u00e1l\u00e1ra (<a href=\"https:\/\/telex.hu\/eletmod\/2024\/05\/07\/met-gala-2024-vintage-zendaya-bad-bunny-voros-szonyeg-divat\" class=\"\" rel=\"nofollow noopener\" target=\"_blank\">ut\u00f3bbi p\u00e9ld\u00e1ul kett\u0151t is<\/a>).<\/p>\n<p><img decoding=\"async\" src=\"https:\/\/www.europesays.com\/hu\/wp-content\/uploads\/2026\/09\/1788256778-temp-pod838m7epct4ndoecj_cikktorzs:xl.jpg\"  loading=\"lazy\" alt=\"Karl Lagerfeld, Anna Wintour \u00e9s John Galliano egy p\u00e1rizsi divath\u00e9ten a kilencvenes \u00e9vekben \u2013 Fot\u00f3: Foc Kan \/ WireImage \/ Getty Images \" class=\"placeholder_\"\/><\/p>\n<p>Karl Lagerfeld, Anna Wintour \u00e9s John Galliano egy p\u00e1rizsi divath\u00e9ten a kilencvenes \u00e9vekben \u2013 Fot\u00f3: Foc Kan \/ WireImage \/ Getty Images <\/p>\n<p>Wintournak szem\u00e9lyes veres\u00e9g is<\/p>\n<p>Anna Wintourt k\u00fcl\u00f6n\u00f6sen rosszul \u00e9rintheti, hogy a Galliano-ki\u00e1ll\u00edt\u00e1s m\u00e9gsem val\u00f3sulhat meg: a Vogue magazin nagy hatalm\u00fa f\u0151szerkeszt\u0151jek\u00e9nt az els\u0151k k\u00f6z\u00f6tt volt, akik felismert\u00e9k a Gallian\u00f3ban rejl\u0151 potenci\u00e1lt, az anyagi neh\u00e9zs\u00e9gek lek\u00fczd\u00e9s\u00e9ben \u00e9s a k\u00e9s\u0151bbi nyilv\u00e1nos kanosszaj\u00e1r\u00e1s ut\u00e1ni visszat\u00e9r\u00e9sben is \u0151 seg\u00edtette a tervez\u0151t. Az, hogy r\u00e9gi bar\u00e1tja, aki mellett a balh\u00e9i ellen\u00e9re is v\u00e9gig ki\u00e1llt, m\u00e9gsem kaphat \u00f6n\u00e1ll\u00f3 ki\u00e1ll\u00edt\u00e1st, Wintour szem\u00e9lyes veres\u00e9g\u00e9nek is tekinthet\u0151.<\/p>\n<p>B\u00e1r Wintour k\u00e9t \u00e9ve \u00e1tadta az amerikai Vogue f\u0151szerkeszt\u0151i posztj\u00e1t, a Cond\u00e9 Nast kiad\u00f3v\u00e1llalat glob\u00e1lis tartalom\u00e9rt felel\u0151s vezet\u0151jek\u00e9nt tov\u00e1bbra is \u0151 fel\u00fcgyeli a magazin amerikai \u00e9s nemzetk\u00f6zi kiad\u00e1sait. <a href=\"https:\/\/telex.hu\/eletmod\/2025\/10\/05\/vogue-chloe-malle-anna-wintour-print-internet-divat\" class=\"\" rel=\"nofollow noopener\" target=\"_blank\">A jelent\u0151s\u00e9ge viszont mindig is t\u00falmutatott a magazinon<\/a>, \u00e9vtizedek \u00f3ta egyfajta kapu\u0151rk\u00e9nt m\u0171k\u00f6dik a divatvil\u00e1gban, aki sok\u00e1ig kv\u00e1zi egyed\u00fcl hat\u00e1rozta meg, melyik tervez\u0151k futhatnak be, \u00e9s kik mennek a s\u00fcllyeszt\u0151be.<\/p>\n<p>Gallian\u00f3ra a tervez\u0151 1984-es diplomakollekci\u00f3j\u00e1nak bemutat\u00f3j\u00e1n figyelt fel. A kritikai elismer\u00e9s ellen\u00e9re a fiatal brit tervez\u0151 k\u00f6zel egy \u00e9vtizedig olyan s\u00falyos anyagi neh\u00e9zs\u00e9gekkel k\u00fczd\u00f6tt, hogy nem tudta megvetni a l\u00e1b\u00e1t a divatheteken. V\u00e9g\u00fcl 1994-ben Wintour \u00e9s a Vogue akkori vezet\u0151 szerkeszt\u0151je, Andr\u00e9 Leon Talley mozgatott meg minden k\u00f6vet \u00e9s hajtott fel befektet\u0151ket, hogy a p\u00e1rizsi divath\u00e9ten bemutatkozhasson a tervez\u0151. Az \u0151szi\/t\u00e9li ready-to-wear kollekci\u00f3 darabjait Galliano a p\u00e9nzhi\u00e1ny miatt olcs\u00f3, fekete anyagb\u00f3l k\u00e9sz\u00edtette el, a kor legismertebb szupermodelljei Wintournak tett sz\u00edvess\u00e9gk\u00e9nt ingyen vonultak fel benn\u00fck. A bemutat\u00f3 k\u00e9s\u0151bb <a href=\"https:\/\/youtu.be\/5knowzI48Xo?si=22vd8bZtkXcgZhkI\" target=\"_blank\" rel=\"nofollow noopener\">\u201eBlack Show\u201d n\u00e9ven h\u00edres\u00fclt el<\/a>, \u00e9s Wintour \u00e9vekkel k\u00e9s\u0151bb is a kedvenc kollekci\u00f3jak\u00e9nt hivatkozott r\u00e1.<\/p>\n<p>Galliano ezut\u00e1n szint\u00e9n Wintour k\u00f6zvet\u00edt\u00e9s\u00e9vel lett a Givenchy vezet\u0151 tervez\u0151je, ahonnan 1996-ban a Diorhoz igazolt. Mindk\u00e9t divath\u00e1zat \u0151 emelte \u00fajra a luxusm\u00e1rk\u00e1k \u00e9lvonal\u00e1ba, a Diornak t\u00f6bb, a mai napig hivatkozott, legend\u00e1s kollekci\u00f3t tervezett. A sikersz\u00e9ri\u00e1nak a botr\u00e1nya vetett v\u00e9get, 2010-ben r\u00fagt\u00e1k ki a Diort\u00f3l. Ezut\u00e1n egy, az olasz Oscar De La Rent\u00e1nak tervezett vend\u00e9gkollekci\u00f3t lesz\u00e1m\u00edtva (ezt is Wintour j\u00e1rta ki neki), k\u00f6zel n\u00e9gy \u00e9vig egy\u00e1ltal\u00e1n nem dolgozott. 2014-ben a szint\u00e9n francia Maison Margiel\u00e1n\u00e1l kapott m\u00e1sodik es\u00e9lyt, amit szint\u00e9n Wintour kezesked\u00e9s\u00e9nek k\u00f6sz\u00f6nhetett. T\u00edz \u00e9vig volt a luxusm\u00e1rka kreat\u00edv vezet\u0151je, a vezet\u00e9se alatt lett a Margiela a divatipar egyik meghat\u00e1roz\u00f3, trendform\u00e1l\u00f3 szerepl\u0151je. A nev\u00e9hez f\u0171z\u0151dik p\u00e9ld\u00e1ul a tradicion\u00e1lis jap\u00e1n tabi cip\u0151k glob\u00e1lis trendd\u00e9 emel\u00e9se, amelyekb\u0151l eredetileg 1988-ban dobta piacra a saj\u00e1t v\u00e1ltozat\u00e1t a Margiela, de igaz\u00e1n a Galliano-f\u00e9le \u00fajragondol\u00e1sa v\u00e1lt ismertt\u00e9, amely azt\u00e1n <a href=\"https:\/\/www.maisonmargiela.com\/en-lt\/maison-margiela\/women\/shoes\/tabi\/\" target=\"_blank\" rel=\"nofollow noopener\">a m\u00e1rka v\u00e9djegy\u00e9v\u00e9 is v\u00e1lt<\/a>. A tabit az\u00f3ta m\u00e1r legink\u00e1bb Margiela-cip\u0151k\u00e9nt emlegetik.<\/p>\n<p>2024-ben, 64 \u00e9vesen jelentette be, <a href=\"https:\/\/telex.hu\/eletmod\/2024\/12\/11\/john-galliano-divattervezo-maison-margiela-kreativ-igazgato-lemondas\" class=\"\" rel=\"nofollow noopener\" target=\"_blank\">hogy visszavonul<\/a>. Utols\u00f3, Artisanal kollekci\u00f3ja <a href=\"https:\/\/telex.hu\/eletmod\/2024\/12\/31\/legfontosabb-divatpillanatok-2024-zendaya-john-galliano-daniel-craig-jonathan-anderson\" class=\"\" rel=\"nofollow noopener\" target=\"_blank\">az \u00e9v legnagyobb hat\u00e1s\u00fa bemutat\u00f3ja volt<\/a>. A janu\u00e1rban, az \u00e9v els\u0151 teliholdja \u00e9s a p\u00e1rizsi Pont Alexandre III h\u00edd alatt megrendezett show egy francia alvil\u00e1gi cseh\u00f3 zord hangulat\u00e1t id\u00e9zte meg a harmincas \u00e9vek P\u00e1rizs\u00e1b\u00f3l, a porcel\u00e1nbaba-arc\u00fara sminkelt modellek extr\u00e9m v\u00e9kony derek\u00fara h\u00fazott f\u0171z\u0151ben, teliszokny\u00e1s \u00e1ttetsz\u0151 ruh\u00e1kban, szakadt harisny\u00e1kban, t\u00falm\u00e9retezett vinilkeszty\u0171kben <a href=\"https:\/\/youtu.be\/DgMJq67ZOwE?si=MIubiG3x6WlnMsj9\" target=\"_blank\" rel=\"nofollow noopener\">vonultak a kifut\u00f3n<\/a>. A kollekci\u00f3 egy kiemelked\u0151 karrier t\u00f6k\u00e9letes lez\u00e1r\u00e1sa is lehetett volna, Galliano sok\u00e1ig maga is sejtelmesen fogalmazott azzal kapcsolatban, hogy v\u00e9gleges-e a visszavonul\u00e1sa. V\u00e9g\u00fcl id\u00e9n m\u00e1rciusban jelentette be, hogy <a href=\"https:\/\/telex.hu\/eletmod\/2026\/03\/18\/john-galliano-dior-maison-margiela-zara-szerzodes-kollekciok\" class=\"\" rel=\"nofollow noopener\" target=\"_blank\">k\u00e9t\u00e9ves szerz\u0151d\u00e9st k\u00f6t\u00f6tt<\/a> a spanyol fast fashion divatm\u00e1rk\u00e1val, a Zar\u00e1val, hogy a m\u00e1rka arch\u00edvum\u00e1b\u00f3l inspir\u00e1l\u00f3dva tervezzen kollekci\u00f3kat az \u00fczletl\u00e1ncnak. Az els\u0151 kollekci\u00f3 m\u00e1r \u0151sszel az \u00fczletekbe ker\u00fclhet.<\/p>\n<p>Nem ez az els\u0151 botr\u00e1ny a Met-g\u00e1la k\u00f6r\u00fcl<\/p>\n<p>B\u00e1r Galliano karrierj\u00e9nek m\u00e1r nem igaz\u00e1n tud \u00e1rtani, hogy ism\u00e9t bocs\u00e1natk\u00e9r\u00e9sre k\u00e9nyszer\u00fclt a 16 \u00e9vvel ezel\u0151tti viselked\u00e9se miatt, a Met-g\u00e1la egy\u00e9bk\u00e9nt sem t\u00fal f\u00e9nyes renom\u00e9j\u00e1nak nem tett j\u00f3t, hogy a bejelent\u00e9s ut\u00e1n t\u00e1ncoltak vissza a tervezett ki\u00e1ll\u00edt\u00e1st\u00f3l.<\/p>\n<p>A Wintour nev\u00e9vel f\u00e9mjelzett g\u00e1l\u00e1t az ut\u00f3bbi \u00e9vekben egy\u00e9bk\u00e9nt is egyre t\u00f6bb kritika \u00e9rte a pof\u00e1tlan f\u00e9ny\u0171z\u00e9s miatt, amely finoman sz\u00f3lva nem harmoniz\u00e1lt a vil\u00e1got s\u00fajt\u00f3 gazdas\u00e1gi v\u00e1ls\u00e1gokkal, vil\u00e1gj\u00e1rv\u00e1nnyal \u00e9s h\u00e1bor\u00fakkal. T\u00e9ny, hogy a g\u00e1la az eredeti c\u00e9lja helyett mostanra ink\u00e1bb a leggazdagabbak be\u00f6lt\u00f6z\u0151s bulijak\u00e9nt funkcion\u00e1l, akik elk\u00e9peszt\u0151 \u00f6sszegeket fizetnek ki az\u00e9rt, hogy fur\u00e1bbn\u00e1l fur\u00e1bb ruhak\u00f6ltem\u00e9nyekben vonulhassanak fel a v\u00f6r\u00f6s sz\u0151nyegen (val\u00f3j\u00e1ban legt\u00f6bbsz\u00f6r nem maguk a szt\u00e1rok, hanem az \u0151ket megh\u00edv\u00f3 divath\u00e1zak \u00e9s c\u00e9gek fizetnek a jegyek\u00e9rt).<\/p>\n<p>Nem ez az els\u0151 botr\u00e1ny a Met-g\u00e1la t\u00f6rt\u00e9net\u00e9ben, ha csak az elm\u00falt \u00e9veket n\u00e9zz\u00fck, t\u00f6bb is akad. 2023-ban p\u00e9ld\u00e1ul amiatt szorultak magyar\u00e1zkod\u00e1sra a g\u00e1la \u00e9s a ki\u00e1ll\u00edt\u00e1s szervez\u0151i, hogy a 2019-ben meghalt Karl Lagerfeld \u00e9letm\u0171ve el\u0151tt tisztelegtek. A Chanel legend\u00e1s tervez\u0151je ugyanis kor\u00e1bban \u00e9lesen kritiz\u00e1lta a metoo-mozgalmat, \u00e9s t\u00f6bbsz\u00f6r tett a menek\u00fclteket \u00e9s a molett testalkat\u00fa embereket s\u00e9rt\u0151 kijelent\u00e9seket. A Lagerfeld-ki\u00e1ll\u00edt\u00e1s \u00e9s a g\u00e1la akkor megval\u00f3sulhatott.<\/p>\n<p>Tavaly az okozott botr\u00e1nyt, hogy kider\u00fclt, <a href=\"https:\/\/telex.hu\/eletmod\/2026\/05\/05\/met-gala-2026-anna-wintour-lauren-sanchez-bezos-a-divat-muveszet-voros-szonyeg\" class=\"\" rel=\"nofollow noopener\" target=\"_blank\">a Met ki\u00e1ll\u00edt\u00e1s\u00e1nak \u00e9s a g\u00e1l\u00e1nak is a Bezos h\u00e1zasp\u00e1r lett a f\u0151szponzora<\/a>, ami szint\u00e9n sokakb\u00f3l v\u00e1ltott ki ellen\u00e9rz\u00e9seket. New York utc\u00e1it ellept\u00e9k a g\u00e1la bojkottj\u00e1ra felh\u00edv\u00f3 plak\u00e1tok, lelkes Bezos-ellenes aktivist\u00e1k a milli\u00e1rdost kritiz\u00e1l\u00f3 aj\u00e1nd\u00e9kt\u00e1rgyakkal pakolt\u00e1k tele a m\u00fazeum boltj\u00e1t, a k\u00f6z\u00f6ss\u00e9gi m\u00e9di\u00e1t pedig ellept\u00e9k azok a bejegyz\u00e9sek, amelyek arr\u00f3l \u00e9rtekeztek, azok a h\u00edress\u00e9gek, akik beteszik a l\u00e1bukat a g\u00e1l\u00e1ra, tulajdonk\u00e9ppen beismerik, hogy egyet\u00e9rtenek a Trumpot \u00e9s a rengeteg kritik\u00e1t kap\u00f3 amerikai hat\u00e1rrend\u00e9szetet (ICE) is milli\u00e1rdokkal t\u00e1mogat\u00f3 \u00fczletember t\u00e9nyked\u00e9s\u00e9vel. Nem v\u00e9letlen, hogy most is akadnak olyanok, akik azon az \u00e1ll\u00e1sponton vannak, hogy nem a nagy port kavart ki\u00e1ll\u00edt\u00e1st, hanem mag\u00e1t a g\u00e1l\u00e1t kellett volna lemondani.<\/p>\n<p>Az biztos, hogy ha megtartj\u00e1k, id\u00e9n a Galliano szem\u00e9lye k\u00f6r\u00fcli ellentmond\u00e1sokr\u00f3l \u00e9s a tervezett ki\u00e1ll\u00edt\u00e1s k\u00f6r\u00fcli botr\u00e1nyr\u00f3l fog sz\u00f3lni a g\u00e1la \u2013 annak ellen\u00e9re is, hogy az eg\u00e9szb\u0151l v\u00e9g\u00fcl semmi nem fog megval\u00f3sulni. A Galliano-ki\u00e1ll\u00edt\u00e1s bejelent\u00e9se, majd lemond\u00e1sa r\u00e1ad\u00e1sul \u00fajabb bizony\u00edt\u00e9ka annak, hogy a kor\u00e1bban megker\u00fclhetetlen Anna Wintour ma m\u00e1r kor\u00e1ntsem egyeduralkod\u00f3 a divatvil\u00e1gban, hanem olyan szerepl\u0151, aki \u00e9vr\u0151l \u00e9vre egyre kiszolg\u00e1ltatottabb a k\u00f6z\u00f6ss\u00e9gi m\u00e9di\u00e1ban megjelen\u0151 v\u00e9lem\u00e9nyeknek \u00e9s a kock\u00e1zatv\u00e1llal\u00e1st egy\u00e1ltal\u00e1n nem kedvel\u0151 befektet\u0151knek.<\/p>\n","protected":false},"excerpt":{"rendered":"M\u00e9gsem John Galliano \u00e9letm\u0171v\u00e9nek szentelik a 2027-es Met-g\u00e1l\u00e1hoz kapcsol\u00f3d\u00f3 divatki\u00e1ll\u00edt\u00e1st \u2013 a h\u00edrt maga a legend\u00e1s brit tervez\u0151&hellip;\n","protected":false},"author":2,"featured_media":231398,"comment_status":"","ping_status":"","sticky":false,"template":"","format":"standard","meta":{"footnotes":"","_share_on_mastodon":"0"},"categories":[16],"tags":[161,9900,954,137,44,42,40,15015,43,41,4387,138,22574],"class_list":["post-231397","post","type-post","status-publish","format-standard","has-post-thumbnail","category-szorakozas","tag-after","tag-anna-wintour","tag-botrany","tag-entertainment","tag-hu","tag-hungarian","tag-hungary","tag-john-galliano","tag-magyar","tag-magyarorszag","tag-met-gala","tag-szorakozas","tag-vogue"],"share_on_mastodon":{"url":"https:\/\/pubeurope.com\/@hu\/117207392045398637","error":""},"_links":{"self":[{"href":"https:\/\/www.europesays.com\/hu\/wp-json\/wp\/v2\/posts\/231397","targetHints":{"allow":["GET"]}}],"collection":[{"href":"https:\/\/www.europesays.com\/hu\/wp-json\/wp\/v2\/posts"}],"about":[{"href":"https:\/\/www.europesays.com\/hu\/wp-json\/wp\/v2\/types\/post"}],"author":[{"embeddable":true,"href":"https:\/\/www.europesays.com\/hu\/wp-json\/wp\/v2\/users\/2"}],"replies":[{"embeddable":true,"href":"https:\/\/www.europesays.com\/hu\/wp-json\/wp\/v2\/comments?post=231397"}],"version-history":[{"count":0,"href":"https:\/\/www.europesays.com\/hu\/wp-json\/wp\/v2\/posts\/231397\/revisions"}],"wp:featuredmedia":[{"embeddable":true,"href":"https:\/\/www.europesays.com\/hu\/wp-json\/wp\/v2\/media\/231398"}],"wp:attachment":[{"href":"https:\/\/www.europesays.com\/hu\/wp-json\/wp\/v2\/media?parent=231397"}],"wp:term":[{"taxonomy":"category","embeddable":true,"href":"https:\/\/www.europesays.com\/hu\/wp-json\/wp\/v2\/categories?post=231397"},{"taxonomy":"post_tag","embeddable":true,"href":"https:\/\/www.europesays.com\/hu\/wp-json\/wp\/v2\/tags?post=231397"}],"curies":[{"name":"wp","href":"https:\/\/api.w.org\/{rel}","templated":true}]}}