{"id":231407,"date":"2026-09-03T13:46:11","date_gmt":"2026-09-03T13:46:11","guid":{"rendered":"https:\/\/www.europesays.com\/hu\/231407\/"},"modified":"2026-09-03T13:46:11","modified_gmt":"2026-09-03T13:46:11","slug":"megjott-a-mohu-reakcioja-magyar-peter-bejelentesere-a-felulvizsgalatrol","status":"publish","type":"post","link":"https:\/\/www.europesays.com\/hu\/231407\/","title":{"rendered":"Megj\u00f6tt a MOHU reakci\u00f3ja Magyar P\u00e9ter bejelent\u00e9s\u00e9re a fel\u00fclvizsg\u00e1latr\u00f3l"},"content":{"rendered":"<p>Magyar P\u00e9ter minisztereln\u00f6k ma jelentette be, hogy teljes k\u00f6r\u0171en \u00e1tvil\u00e1g\u00edtj\u00e1k a MOHU koncesszi\u00f3j\u00e1t, mivel szerinte &#8222;\u00f6z\u00f6nlenek a panaszok&#8221; a korm\u00e1nyhoz a szolg\u00e1ltat\u00e1s min\u0151s\u00e9g\u00e9vel kapcsolatban.<\/p>\n<p>Erre reag\u00e1lt most a MOHU. Mint \u00edrt\u00e1k:<\/p>\n<p class=\"quote\">A MOHU egyet\u00e9rt a korm\u00e1nnyal, hogy fel\u00fcl kell vizsg\u00e1lni a hullad\u00e9kgazd\u00e1lkod\u00e1si rendszert. \u00c1ll\u00e1spontunk szerint is \u00fajra kell gondolni a koncesszi\u00f3 komplex rendszer\u00e9t, hogy a v\u00e1llalt c\u00e9lok teljes\u00fclni tudjanak.<\/p>\n<p>A reakci\u00f3 nem meglep\u0151 annak f\u00e9ny\u00e9ben, hogy az \u00e1gazat a jelenlegi konstrukci\u00f3ban val\u00f3j\u00e1ban meglehet\u0151sen vesztes\u00e9ges. Az \u00fcgy h\u00e1tter\u00e9r\u0151l itt b\u0151vebben \u00edrtunk:<\/p>\n<p>C\u00edmlapk\u00e9p forr\u00e1sa: Portfolio<\/p>\n","protected":false},"excerpt":{"rendered":"Magyar P\u00e9ter minisztereln\u00f6k ma jelentette be, hogy teljes k\u00f6r\u0171en \u00e1tvil\u00e1g\u00edtj\u00e1k a MOHU koncesszi\u00f3j\u00e1t, mivel szerinte &#8222;\u00f6z\u00f6nlenek a panaszok&#8221;&hellip;\n","protected":false},"author":2,"featured_media":231408,"comment_status":"","ping_status":"","sticky":false,"template":"","format":"standard","meta":{"footnotes":"","_share_on_mastodon":"0"},"categories":[33],"tags":[38,35,37,44,42,40,43,41,34,36,39],"class_list":["post-231407","post","type-post","status-publish","format-standard","has-post-thumbnail","category-hirek","tag-focimek","tag-headlines","tag-hirek","tag-hu","tag-hungarian","tag-hungary","tag-magyar","tag-magyarorszag","tag-news","tag-top-stories","tag-vezeto-hirek"],"share_on_mastodon":{"url":"https:\/\/pubeurope.com\/@hu\/117207419022682890","error":""},"_links":{"self":[{"href":"https:\/\/www.europesays.com\/hu\/wp-json\/wp\/v2\/posts\/231407","targetHints":{"allow":["GET"]}}],"collection":[{"href":"https:\/\/www.europesays.com\/hu\/wp-json\/wp\/v2\/posts"}],"about":[{"href":"https:\/\/www.europesays.com\/hu\/wp-json\/wp\/v2\/types\/post"}],"author":[{"embeddable":true,"href":"https:\/\/www.europesays.com\/hu\/wp-json\/wp\/v2\/users\/2"}],"replies":[{"embeddable":true,"href":"https:\/\/www.europesays.com\/hu\/wp-json\/wp\/v2\/comments?post=231407"}],"version-history":[{"count":0,"href":"https:\/\/www.europesays.com\/hu\/wp-json\/wp\/v2\/posts\/231407\/revisions"}],"wp:featuredmedia":[{"embeddable":true,"href":"https:\/\/www.europesays.com\/hu\/wp-json\/wp\/v2\/media\/231408"}],"wp:attachment":[{"href":"https:\/\/www.europesays.com\/hu\/wp-json\/wp\/v2\/media?parent=231407"}],"wp:term":[{"taxonomy":"category","embeddable":true,"href":"https:\/\/www.europesays.com\/hu\/wp-json\/wp\/v2\/categories?post=231407"},{"taxonomy":"post_tag","embeddable":true,"href":"https:\/\/www.europesays.com\/hu\/wp-json\/wp\/v2\/tags?post=231407"}],"curies":[{"name":"wp","href":"https:\/\/api.w.org\/{rel}","templated":true}]}}