{"id":231421,"date":"2026-09-03T14:07:11","date_gmt":"2026-09-03T14:07:11","guid":{"rendered":"https:\/\/www.europesays.com\/hu\/231421\/"},"modified":"2026-09-03T14:07:11","modified_gmt":"2026-09-03T14:07:11","slug":"toth-gabi-kemenyen-nekiment-dallos-boginak","status":"publish","type":"post","link":"https:\/\/www.europesays.com\/hu\/231421\/","title":{"rendered":"T\u00f3th Gabi kem\u00e9nyen nekiment Dallos Boginak"},"content":{"rendered":"<p>H\u00e9tv\u00e9g\u00e9n elstartol a Megaszt\u00e1r: <a href=\"https:\/\/nlc.hu\/sztarok\/20260514\/megasztar-uj-zsuri-t-danny-puskas-dallos-bogi-forgatas\/\" rel=\"nofollow noopener\" target=\"_blank\">a zs\u0171riben is v\u00e1ltoz\u00e1s lesz<\/a>, ugyanis Curtis \u00e9s T\u00f3th Gabi helyett T. Danny \u00e9s Pusk\u00e1s-Dallos Bogi k\u00fczdenek majd a versenyz\u0151k\u00e9rt. B\u00e1r T\u00f3th Gabi kor\u00e1bban azt mondta, <a href=\"https:\/\/nlc.hu\/sztarok\/20260813\/toth-gabi-otodik-eve-erzem-azt-hogy-barmi-tortenik-ebben-az-orszagban-toth-gabit-mindig-elo-lehet-venni\/\" rel=\"nofollow noopener\" target=\"_blank\">nincs benne s\u00e9rtetts\u00e9g<\/a> amiatt, hogy id\u00e9n m\u00e1r nem \u0151 lesz a m\u0171sor egyik mestere, m\u00e9gis \u00fagy t\u0171nik, hogy az\u00e9rt <a href=\"https:\/\/nlc.hu\/sztarok\/20260827\/toth-gabi-megasztar-tv2-reakcio\/\" rel=\"nofollow noopener\" target=\"_blank\">b\u00e1ntja egy kicsit<\/a>. Legut\u00f3bbi vide\u00f3j\u00e1ban t\u00f6bbek k\u00f6z\u00f6tt err\u0151l is besz\u00e9lt, valamint odasz\u00fart Pusk\u00e1s-Dallos Boginak, aki az egyik el\u0151zetes vide\u00f3ban \u2013 \u00e1ll\u00edt\u00e1sa szerint \u2013 \u0151t parodiz\u00e1lta ki.<\/p>\n<p>Gyerekek, ne k\u00fcldj\u00e9tek el a Megaszt\u00e1ros short vide\u00f3kat, \u00e9n is l\u00e1tom, hozz\u00e1m is eljut, de leszarom. Viccesnek tal\u00e1lom, hogy ott sem \u00fcl\u00f6k \u00e9s m\u00e9g mindig velem foglalkoznak, mert \u00fagy l\u00e1tszik, \u00edgy tudj\u00e1k eladni a m\u0171sorukat. \u00dagyhogy annyit \u00fczenek, hogy sz\u00edvesen, \u00e9s m\u00e9g p\u00e9nzt se kellett adnotok \u00e9rte. L\u00e1tom, hogy Dallos Bogi, a pillanat hev\u00e9ben, nagyon j\u00f3 humorral, pr\u00f3b\u00e1lt parodiz\u00e1lni \u00e9s bedobta a megyek \u00e9s le\u00e9retts\u00e9gizem\u2026 \u00daristen, m\u00e9g sose hallottuk! Sz\u00f3val bedobta, hogy ink\u00e1bb le\u00e9retts\u00e9gizem. Ok\u00e9, t\u00f6k j\u00f3, a zs\u0171ripultban nagyon nagy sz\u00fcks\u00e9ged lesz az \u00e9retts\u00e9gire. Nem, oda tehets\u00e9gre van sz\u00fcks\u00e9g. Igen. Meg hangra. Meg dalokra. De legal\u00e1bb, neki van \u00e9retts\u00e9gije<\/p>\n<p>\u2013 kezdte a vide\u00f3t T\u00f3th Gabi.<\/p>\n<p>\u201eFelvettem mindenf\u00e9le szerepet, karaktert, hogy ott legyek\u201d<\/p>\n<p>\u201ePersze, a m\u0171sor sajt\u00f3sai ezt az\u00e9rt is csin\u00e1lj\u00e1k, hogy reag\u00e1ljak, mert ezzel is h\u00edreket tudnak gener\u00e1lni \u00e9s fel tudj\u00e1k a prom\u00f3ci\u00f3t turb\u00f3zni a bulv\u00e1rh\u00edrekben\u201d \u2013 \u00edrta vide\u00f3hoz <a href=\"https:\/\/nlc.hu\/sztarok\/20260727\/toth-gabi-politika-es-tevezes\/\" rel=\"nofollow noopener\" target=\"_blank\">az \u00e9nekesn\u0151<\/a>.<\/p>\n<p>Leszarom, hogy mit mondanak r\u00f3lam. 20 \u00e9vig folyamatosan h\u00fcly\u00e9t \u00e9s boh\u00f3cot csin\u00e1ltam magamb\u00f3l, hogy megfeleljek ezekben a m\u0171sorokban, felvettem mindenf\u00e9le szerepet, karaktert, hogy ott legyek, emiatt \u00e1lland\u00f3 megfelel\u00e9s volt bennem. Az a szabads\u00e1g, hogy ez nincs, hogy v\u00e9gre szabad lehet \u00e9s v\u00e9gre a zen\u00e9vel foglalkozhatok\u2026 (\u2026)N\u00e9zz\u00e9tek a Megaszt\u00e1rt gyerekek, olyat fogtok l\u00e1tni, amit m\u00e9g soha, j\u00f6nnek a h\u00fcly\u00e9k, lehet r\u00f6h\u00f6gni, T\u00f3th Gabiba m\u00e9g beler\u00fagunk sz\u00e1zat, olyanokat, amit m\u00e9g sosem hallottunk. \u00c9n meg megyek, azt\u00e1n fejl\u0151d\u00fcnk tov\u00e1bb, gyere a mentorsulimba.<\/p>\n<p>T\u00f3th Gabi a vide\u00f3val nemcsak a Megaszt\u00e1rnak sz\u00f3lt be, de egyben prom\u00f3zta a <a href=\"https:\/\/nlc.hu\/sztarok\/20260611\/toth-gabi-visszatert-es-meguzente-hogy-gyogyul-a-lelke\/\" rel=\"nofollow noopener\" target=\"_blank\">hamarosan indul\u00f3 mentorsulij\u00e1t<\/a> is.<\/p>\n<p><img fetchpriority=\"high\" decoding=\"async\" class=\"img-responsive alignnone size-full wp-image-2179391\" src=\"https:\/\/www.europesays.com\/hu\/wp-content\/uploads\/2026\/09\/toth-gabi.jpg\" alt=\"t\u00f3th gabi\" width=\"1280\" height=\"720\"   loading=\"lazy\"\/><\/p>\n","protected":false},"excerpt":{"rendered":"H\u00e9tv\u00e9g\u00e9n elstartol a Megaszt\u00e1r: a zs\u0171riben is v\u00e1ltoz\u00e1s lesz, ugyanis Curtis \u00e9s T\u00f3th Gabi helyett T. Danny \u00e9s&hellip;\n","protected":false},"author":2,"featured_media":231422,"comment_status":"","ping_status":"","sticky":false,"template":"","format":"standard","meta":{"footnotes":"","_share_on_mastodon":"0"},"categories":[16],"tags":[137,44,42,40,43,41,3345,15693,138,235,3235],"class_list":["post-231421","post","type-post","status-publish","format-standard","has-post-thumbnail","category-szorakozas","tag-entertainment","tag-hu","tag-hungarian","tag-hungary","tag-magyar","tag-magyarorszag","tag-megasztar","tag-puskas-dallos-bogi","tag-szorakozas","tag-sztarok","tag-toth-gabi"],"share_on_mastodon":{"url":"https:\/\/pubeurope.com\/@hu\/117207502128346116","error":""},"_links":{"self":[{"href":"https:\/\/www.europesays.com\/hu\/wp-json\/wp\/v2\/posts\/231421","targetHints":{"allow":["GET"]}}],"collection":[{"href":"https:\/\/www.europesays.com\/hu\/wp-json\/wp\/v2\/posts"}],"about":[{"href":"https:\/\/www.europesays.com\/hu\/wp-json\/wp\/v2\/types\/post"}],"author":[{"embeddable":true,"href":"https:\/\/www.europesays.com\/hu\/wp-json\/wp\/v2\/users\/2"}],"replies":[{"embeddable":true,"href":"https:\/\/www.europesays.com\/hu\/wp-json\/wp\/v2\/comments?post=231421"}],"version-history":[{"count":0,"href":"https:\/\/www.europesays.com\/hu\/wp-json\/wp\/v2\/posts\/231421\/revisions"}],"wp:featuredmedia":[{"embeddable":true,"href":"https:\/\/www.europesays.com\/hu\/wp-json\/wp\/v2\/media\/231422"}],"wp:attachment":[{"href":"https:\/\/www.europesays.com\/hu\/wp-json\/wp\/v2\/media?parent=231421"}],"wp:term":[{"taxonomy":"category","embeddable":true,"href":"https:\/\/www.europesays.com\/hu\/wp-json\/wp\/v2\/categories?post=231421"},{"taxonomy":"post_tag","embeddable":true,"href":"https:\/\/www.europesays.com\/hu\/wp-json\/wp\/v2\/tags?post=231421"}],"curies":[{"name":"wp","href":"https:\/\/api.w.org\/{rel}","templated":true}]}}