{"id":231425,"date":"2026-09-03T14:10:11","date_gmt":"2026-09-03T14:10:11","guid":{"rendered":"https:\/\/www.europesays.com\/hu\/231425\/"},"modified":"2026-09-03T14:10:11","modified_gmt":"2026-09-03T14:10:11","slug":"2029-vegere-megszuntetheti-a-seatot-a-volkswagen-csoport","status":"publish","type":"post","link":"https:\/\/www.europesays.com\/hu\/231425\/","title":{"rendered":"2029 v\u00e9g\u00e9re megsz\u00fcntetheti a Seatot a Volkswagen-csoport"},"content":{"rendered":"<p data-alignment=\"left\" class=\"text-left\" data-block-key=\"4ev86\">R\u00e9g\u00f3ta tudvalev\u0151, hogy drasztikus k\u00f6lts\u00e9gcs\u00f6kkent\u00e9sre k\u00e9sz\u00fclnek a Volkswagen-csoportn\u00e1l, \u00edgy a l\u00e9tsz\u00e1mle\u00e9p\u00edt\u00e9sek \u00e9s gy\u00e1rbez\u00e1r\u00e1sok m\u00e1r j\u00f3 ideje ter\u00edt\u00e9ken vannak. Ha a kil\u00e1t\u00e1sba helyezett int\u00e9zked\u00e9sek az elh\u00faz\u00f3d\u00f3 huzavona v\u00e9g\u00e9n z\u00f6ld utat kapnak majd, <a href=\"https:\/\/totalcar.hu\/hirek\/2026\/08\/26\/volkswagen-leepitesek-gyarbezaras-oliver-blume\/\" target=\"_blank\" rel=\" noopener noreferrer nofollow\">n\u00e9gy n\u00e9metorsz\u00e1gi \u00fczem engedheti le a rol\u00f3t<\/a>, \u00e9s mintegy 100 ezren maradhatnak \u00e1ll\u00e1s n\u00e9lk\u00fcl.<\/p>\n<p data-alignment=\"left\" class=\"text-left\" data-block-key=\"5dfpj\">Egy frissen kisziv\u00e1rgott bels\u0151 dokumentum szerint <a href=\"https:\/\/totalcar.hu\/hirek\/2026\/09\/02\/volkswagen-nemet-gyarbezarasok-audi-zwickau\/\" target=\"_blank\" rel=\" noopener noreferrer nofollow\" data-link-preview=\"true\" data-og-title=\"Megvannak a tervezett Volkswagen-gy\u00e1rbez\u00e1r\u00e1sok d\u00e1tumai\" data-og-description=\"\u00dajabb h\u00edrek l\u00e1ttak napvil\u00e1got a VW-csoport lehets\u00e9ges gy\u00e1rbez\u00e1r\u00e1saival kapcsolatban.\" data-og-image=\"https:\/\/totalcar.hu\/media\/images\/GettyImages-2114314275.format-avif.max-600x400.avif\" data-og-image-small=\"https:\/\/totalcar.hu\/media\/images\/GettyImages-2114314275.format-avif.max-370x278.avif\" data-og-column=\"H\u00edrek\" data-og-tags=\"[&quot;H\\u00edrek&quot;, &quot;aut\\u00f3ipar&quot;, &quot;n\\u00e9metorsz\\u00e1g&quot;, &quot;Volkswagen&quot;, &quot;Audi&quot;, &quot;aut\\u00f3gy\\u00e1r&quot;]\">mindezek mellett<\/a> a megszor\u00edt\u00e1sok \u00e1ldozat\u00e1ul eshet a Seat is, amelyet a konszern legk\u00e9s\u0151bb 2029 v\u00e9g\u00e9re sz\u00fcntethet meg \u2013 \u00edrja a <a href=\"https:\/\/www.wiwo.de\/unternehmen\/auto\/vw-sparmassnahmen-volkswagen-stellt-marke-seat-bis-spaetestens-ende-2029-ein\/100251673.html\" target=\"_blank\" rel=\" noopener noreferrer nofollow\">WirtschaftsWoche<\/a> birtok\u00e1ba ker\u00fclt anyag nyom\u00e1n a <a href=\"https:\/\/www.carscoops.com\/2026\/09\/seat-cupra-phase-out\/\" target=\"_blank\" rel=\" noopener noreferrer nofollow\">Carscoops<\/a>. A jelenleg 76 \u00e9ves m\u00e1rk\u00e1t \u201efokozatosan, rendezett \u00e9s k\u00f6lts\u00e9ghat\u00e9kony m\u00f3don\u201d tervezik le\u00e9p\u00edteni a k\u00f6vetkez\u0151 h\u00e1rom \u00e9vben, mik\u00f6zben a megl\u00e9v\u0151 \u00fcgyfelek szervizt\u00e1mogat\u00e1s\u00e1t tov\u00e1bbra is biztos\u00edtj\u00e1k \u00e9s eleget tesznek a k\u00f6telezetts\u00e9geiknek.<\/p>\n<p>  <a rel=\"noopener nofollow\" href=\"https:\/\/indamediasales.hu\/2019\/06\/25\/quality_placement_minosegbiztositasi_tajekoztato_728\" target=\"_blank\"><\/p>\n<p>      <img loading=\"lazy\" decoding=\"async\" src=\"https:\/\/totalcar.hu\/static\/images\/brand\/quality_placement_logo.svg\" alt=\"Quality Placement\" width=\"150\" height=\"15\"\/><\/p>\n<p>  <\/a><\/p>\n<p>\n  hirdet\u00e9s\n<\/p>\n<p data-alignment=\"left\" class=\"text-left\" data-block-key=\"3iheg\">A spanyolorsz\u00e1gi er\u0151forr\u00e1sokat az 1950-ben alap\u00edtott \u00e9s az 1980-as \u00e9vek \u00f3ta a Volkswagen ir\u00e1ny\u00edt\u00e1sa alatt \u00e1ll\u00f3 Seatb\u00f3l 2018-ban kiv\u00e1lt Cupr\u00e1ra \u00f6sszpontos\u00edthatj\u00e1k. A mi\u00e9rtekre a tavalyi elad\u00e1si adatok adnak v\u00e1laszt: a k\u00e9t m\u00e1rka 2025-ben rekordmennyis\u00e9g\u0171, 586 300 j\u00e1rm\u0171vet adott el, viszont am\u00edg a Cupra kisz\u00e1ll\u00edt\u00e1sai 33 sz\u00e1zal\u00e9kkal n\u0151ttek, a Seat\u00e9 17 sz\u00e1zal\u00e9kkal cs\u00f6kkentek. A VW-csoport t\u00e1vlati tervei k\u00f6z\u00f6tt az szerepel, hogy a j\u00f6v\u0151ben a Cupra egyed\u00fcl is k\u00e9pes legyen eladni \u00e9vi 500\u2013600 ezer j\u00e1rm\u0171vet.<\/p>\n<p>      A csillagok mostani \u00e1ll\u00e1sa alapj\u00e1n a Seat aligha fogja meg\u00e9lni a 80. sz\u00fclet\u00e9snapj\u00e1t 2030-ban.<\/p>\n<p>    Fot\u00f3: Matthias Balk\/dpa\/picture alliance\/Getty Images<\/p>\n<p data-alignment=\"left\" class=\"text-left\" data-block-key=\"50lca\">Enn\u00e9l azonban \u00f6sszetettebb a k\u00e9p, hiszen janu\u00e1rban, a friss\u00edtett Ibiza \u00e9s az Arona bemutatkoz\u00e1sakor m\u00e9g a Seat j\u00f6v\u0151j\u00e9r\u0151l volt sz\u00f3, n\u00e9h\u00e1ny h\u00f3nappal k\u00e9s\u0151bb azonban \u00fagy fest, hogy a szerkezeti \u00e1talak\u00edt\u00e1sok <a href=\"https:\/\/totalcar.hu\/hirek\/2026\/08\/22\/volkswagen-oliver-blume-leepites-gyarbezaras-koltsegcsokkentes\/\" target=\"_blank\" rel=\" noopener noreferrer nofollow\">\u00e1ldozat\u00e1ul esik<\/a>. A Volkswagen nyilv\u00e1nosan m\u00e9g nem er\u0151s\u00edtette meg a Seat megsz\u0171n\u00e9s\u00e9t, \u00e1m a felvet\u00e9sre a Seat \u00e9s a Cupra brit sajt\u00f3irod\u00e1ja kit\u00e9r\u0151 v\u00e1laszt adott.<\/p>\n<p data-alignment=\"left\" class=\"text-left\" data-block-key=\"bgorb\">\u201eA komplett ipar\u00e1g, a Volkswagen-csoportot \u00e9s term\u00e9szetesen a <a href=\"https:\/\/totalcar.hu\/hirek\/2026\/08\/15\/vw-csoport-modellek-csokkentes-id5-taigo\/\" target=\"_blank\" rel=\" noopener noreferrer nofollow\" data-link-preview=\"true\" data-og-title=\"Ak\u00e1r a fel\u00e9re cs\u00f6kkenhet a VW-csoport modellcsal\u00e1dja\" data-og-description=\"A Volkswagen-csoport komolyan leegyszer\u0171s\u00edten\u00e9 a palett\u00e1t: ak\u00e1r 50 sz\u00e1zal\u00e9kkal is cs\u00f6kkenten\u00e9 a modellcsal\u00e1dok, 75 sz\u00e1zal\u00e9kkal pedig a v\u00e1ltozatok sz\u00e1m\u00e1t.\" data-og-image=\"https:\/\/totalcar.hu\/media\/images\/043_dpa-pa_251216-99-938900_dpa.format-avif.max-600x400.avif\" data-og-image-small=\"https:\/\/totalcar.hu\/media\/images\/043_dpa-pa_251216-99-938900_dpa.format-avif.max-370x278.avif\" data-og-column=\"H\u00edrek\" data-og-tags=\"[&quot;H\\u00edrek&quot;, &quot;volkswagen-csoport&quot;, &quot;VW&quot;, &quot;seat&quot;, &quot;Audi&quot;, &quot;Volkswagen&quot;, &quot;Skoda&quot;]\">SEAT S.A.-t<\/a> is bele\u00e9rtve, m\u00e9lyrehat\u00f3 \u00e1talakul\u00e1son megy kereszt\u00fcl, amit az elektromos \u00e1t\u00e1ll\u00e1s ir\u00e1nti elk\u00f6telezetts\u00e9g\u00fcnk hajt. A glob\u00e1lis k\u00f6rnyezet jelent\u0151sen \u00e1talakult, ami er\u0151sen hatott az aut\u00f3iparban, f\u0151leg az elm\u00falt \u00e9vben\u201d \u2013 \u00e1ll a v\u00e1laszban. Az, hogy k\u00e9szp\u00e9nznek vehetj\u00fck-e a Seat hatty\u00fadal\u00e1t 76 \u00e9v ut\u00e1n, a Volkswagen-csoport szeptember 4-i fel\u00fcgyel\u0151bizotts\u00e1gi \u00fcl\u00e9s\u00e9n der\u00fclhet ki.<\/p>\n<p data-alignment=\"left\" class=\"text-left\" data-block-key=\"vpesi\">Bor\u00edt\u00f3k\u00e9p: Illusztr\u00e1ci\u00f3: Seat<\/p>\n<p><a href=\"https:\/\/google.com\/preferences\/source?q=https%3A\/\/totalcar.hu\" rel=\"noopener nofollow\" referrerpolicy=\"no-referrer-when-downgrade\" class=\"!flex !items-center !gap-5 !py-2 !px-3 w-full !rounded-xl !font-bold cursor-pointer !no-underline relative !bg-white !text-[#202124] !border !border-[#858585] dark:!bg-[#323232] dark:!text-white dark:border-none my-4 \" target=\"_blank\"><br \/>\n  <img decoding=\"async\" src=\"https:\/\/totalcar.hu\/static\/images\/favicons\/google_favicon.svg\" alt=\"Google\" class=\"shrink-0 w-7 h-7\"\/><br \/>\n  \u00c1ll\u00edtsd be, hogy a Totalcar az els\u0151k k\u00f6z\u00f6tt legyen a Google-tal\u00e1latokban!<\/p>\n<p><\/a><\/p>\n","protected":false},"excerpt":{"rendered":"R\u00e9g\u00f3ta tudvalev\u0151, hogy drasztikus k\u00f6lts\u00e9gcs\u00f6kkent\u00e9sre k\u00e9sz\u00fclnek a Volkswagen-csoportn\u00e1l, \u00edgy a l\u00e9tsz\u00e1mle\u00e9p\u00edt\u00e9sek \u00e9s gy\u00e1rbez\u00e1r\u00e1sok m\u00e1r j\u00f3 ideje ter\u00edt\u00e9ken vannak.&hellip;\n","protected":false},"author":2,"featured_media":231426,"comment_status":"","ping_status":"","sticky":false,"template":"","format":"standard","meta":{"footnotes":"","_share_on_mastodon":"0"},"categories":[10],"tags":[110,9789,44,42,40,12881,43,41,15947,111,2159],"class_list":["post-231425","post","type-post","status-publish","format-standard","has-post-thumbnail","category-vallalkozas","tag-business","tag-cupra","tag-hu","tag-hungarian","tag-hungary","tag-koltsegcsokkentes","tag-magyar","tag-magyarorszag","tag-seat","tag-vallalkozas","tag-volkswagen"],"share_on_mastodon":{"url":"https:\/\/pubeurope.com\/@hu\/117207513990864098","error":""},"_links":{"self":[{"href":"https:\/\/www.europesays.com\/hu\/wp-json\/wp\/v2\/posts\/231425","targetHints":{"allow":["GET"]}}],"collection":[{"href":"https:\/\/www.europesays.com\/hu\/wp-json\/wp\/v2\/posts"}],"about":[{"href":"https:\/\/www.europesays.com\/hu\/wp-json\/wp\/v2\/types\/post"}],"author":[{"embeddable":true,"href":"https:\/\/www.europesays.com\/hu\/wp-json\/wp\/v2\/users\/2"}],"replies":[{"embeddable":true,"href":"https:\/\/www.europesays.com\/hu\/wp-json\/wp\/v2\/comments?post=231425"}],"version-history":[{"count":0,"href":"https:\/\/www.europesays.com\/hu\/wp-json\/wp\/v2\/posts\/231425\/revisions"}],"wp:featuredmedia":[{"embeddable":true,"href":"https:\/\/www.europesays.com\/hu\/wp-json\/wp\/v2\/media\/231426"}],"wp:attachment":[{"href":"https:\/\/www.europesays.com\/hu\/wp-json\/wp\/v2\/media?parent=231425"}],"wp:term":[{"taxonomy":"category","embeddable":true,"href":"https:\/\/www.europesays.com\/hu\/wp-json\/wp\/v2\/categories?post=231425"},{"taxonomy":"post_tag","embeddable":true,"href":"https:\/\/www.europesays.com\/hu\/wp-json\/wp\/v2\/tags?post=231425"}],"curies":[{"name":"wp","href":"https:\/\/api.w.org\/{rel}","templated":true}]}}