{"id":231445,"date":"2026-09-03T14:30:16","date_gmt":"2026-09-03T14:30:16","guid":{"rendered":"https:\/\/www.europesays.com\/hu\/231445\/"},"modified":"2026-09-03T14:30:16","modified_gmt":"2026-09-03T14:30:16","slug":"varatlan-bejelentest-tett-szabo-kimmel-tamas","status":"publish","type":"post","link":"https:\/\/www.europesays.com\/hu\/231445\/","title":{"rendered":"V\u00e1ratlan bejelent\u00e9st tett Szab\u00f3 Kimmel Tam\u00e1s"},"content":{"rendered":"<p>\n                        A sz\u00edn\u00e9sz a k\u00f6z\u00f6ss\u00e9gi oldal\u00e1n tudatta, hogy otthagyja a Centr\u00e1l Sz\u00ednh\u00e1zat, \u00e9s azt is el\u00e1rulta, mit tervez a k\u00f6zelj\u00f6v\u0151ben.                    <\/p>\n<p><a href=\"https:\/\/port.hu\/adatlap\/szemely\/szabo-kimmel-tamas\/person-251564\" rel=\"nofollow noopener\" target=\"_blank\">Szab\u00f3 Kimmel Tam\u00e1s<\/a> v\u00e1ratlan bejegyz\u00e9st osztott meg a Facebook-oldal\u00e1n, a sz\u00edn\u00e9sz ugyanis egy szeptember 2-\u00e1n k\u00f6zz\u00e9tett posztban tudatta, otthagyja a Centr\u00e1l Sz\u00ednh\u00e1z t\u00e1rsulat\u00e1t \u2013 sz\u00farta ki az <a href=\"https:\/\/index.hu\/kultur\/2026\/09\/02\/szabo-kimmel-tamas-szinesz-szinhaz-central-szinhaz-bejelentes\/\" target=\"_blank\" rel=\"noopener nofollow\">Index<\/a>.\u00a0<\/p>\n<p>&#13;<br \/>\n\u201eHosszas gondolkod\u00e1s-m\u00e9rlegel\u00e9s ut\u00e1n azt a d\u00f6nt\u00e9st hoztam, hogy ett\u0151l az \u00e9vadt\u00f3l megv\u00e1lok a centr\u00e1l sz\u00ednh\u00e1zas szerepeimt\u0151l, illetve tags\u00e1gomt\u00f3l\u201d&#13;<\/p>\n<p>\u2013 \u00edrta Szab\u00f3 Kimmel, aki azt\u00e1n minden j\u00f3t k\u00edv\u00e1nt a t\u00e1rsulatnak.\u00a0<\/p>\n<p>&#13;<br \/>\n\u201eK\u00f6sz\u00f6n\u00f6m a sz\u00ednh\u00e1z fantasztikus k\u00f6z\u00f6ns\u00e9g\u00e9nek a kitart\u00f3 figyelmet \u00e9s a k\u00f6z\u00f6s, fontos pillanatokat!\u201d&#13;<\/p>\n<p>\u2013 fogalmazott a sz\u00edn\u00e9sz, majd ezt k\u00f6vet\u0151en azt is el\u00e1rulta, hogy l\u00e1thatja a j\u00f6v\u0151ben a k\u00f6z\u00f6ns\u00e9g.\u00a0<\/p>\n<p>&#13;<br \/>\n\u201eTal\u00e1lkozhattok velem a Szalagkorl\u00e1t standupomon novembert\u0151l a 6sz\u00ednben, illetve a Fl\u00f3dni, valamint a Szeretetkert impr\u00f3 el\u0151ad\u00e1sain. K\u00e9sz\u00fcl\u00f6k egy \u00faj monodr\u00e1m\u00e1val is az \u00e9vad m\u00e1sodik fel\u00e9ben, illetve egy \u00fajonnan alakul\u00f3 impr\u00f3 csapathoz is csatlakozom!\u201d&#13;<\/p>\n<p>\u2013 taglalta a sz\u00edn\u00e9sz, aki a jelek szerint nem fog unatkozni, b\u00e1r mint \u00edrta most elvonul egy kicsit forgatni, egy \u00faj, izgalmas kooprodukci\u00f3s dokumentumfilm munk\u00e1lataiban vesz r\u00e9szt, amire m\u00e1r a ny\u00e1r eleje \u00f3ta k\u00e9sz\u00fclt.\u00a0<\/p>\n<p>&#13;<br \/>\n&#13;<\/p>\n<p>Szab\u00f3 Kimmel am\u00fagy cirka egy \u00e9vet t\u00f6lt\u00f6tt a t\u00e1rsulatn\u00e1l, tavaly szerz\u0151d\u00f6tt hozz\u00e1juk, az <a href=\"https:\/\/index.hu\/kultur\/2025\/09\/29\/szabo-kimmel-tamas-central-szinhaz-nemzeti-szinhaz-pinter-bela-unicef-tisza-part-karacsony-gergely-nagyinterju\/\" target=\"_blank\" rel=\"noopener nofollow\">Indexnek<\/a> pedig akkor m\u00e9g arr\u00f3l bessz\u00e9lt, szeretn\u00e9 megn\u00e9zni, hogy hosszabb szabad\u00fasz\u00f3 id\u0151szak ut\u00e1n tud-e \u00fajra k\u00f6t\u0151dni. A jelek szerint nem felt\u00e9tlen\u00fcl tudott.\u00a0<\/p>\n<p>&#13;<\/p>\n<p><a href=\"https:\/\/port.hu\/cikk\/mozi\/nem-akartam-egy-szereppel-kiloni-magam-az-urbe-szabo-kimmel-tamas-interju\/article-58096\" rel=\"nofollow noopener\" target=\"_blank\"><img decoding=\"async\" src=\"https:\/\/www.europesays.com\/hu\/wp-content\/uploads\/2026\/09\/914.jpg\" width=\"300\"\/><\/a><a href=\"https:\/\/port.hu\/cikk\/mozi\/nem-akartam-egy-szereppel-kiloni-magam-az-urbe-szabo-kimmel-tamas-interju\/article-58096\" rel=\"nofollow noopener\" target=\"_blank\">\u201eNem akartam egy szereppel kil\u0151ni magam az \u0171rbe\u201d \u2013 Szab\u00f3 Kimmel Tam\u00e1s interj\u00fa<\/a><\/p>\n<p>Kedves sz\u00e9lh\u00e1mosk\u00e9nt \u00e9rkezik meg Sz\u00e1sz Attila filmj\u00e9ben, hogy romantikus h\u0151ss\u00e9 v\u00e1ljon, mi pedig a forgat\u00e1sr\u00f3l \u00e9s arr\u00f3l k\u00e9rdezt\u00fck, mi\u00e9rt tal\u00e1lj\u00e1k meg bizonyos t\u00edpus\u00fa szerepekkel.\u00a0<\/p>\n<p><a class=\"article-btn\" href=\"https:\/\/port.hu\/cikk\/mozi\/nem-akartam-egy-szereppel-kiloni-magam-az-urbe-szabo-kimmel-tamas-interju\/article-58096\" rel=\"nofollow noopener\" target=\"_blank\">Tov\u00e1bb<\/a><\/p>\n<p>&#13;<\/p>\n<p>A sz\u00edn\u00e9szt egy\u00e9bk\u00e9nt legut\u00f3bb a <a href=\"https:\/\/port.hu\/adatlap\/film\/mozi\/beled-estem-beled-estem\/movie-264999\" rel=\"nofollow noopener\" target=\"_blank\">Bel\u00e9d estem<\/a> c\u00edm\u0171 romantikus v\u00edgj\u00e1t\u00e9kban l\u00e1thattuk, el\u0151tte pedig a <a href=\"https:\/\/port.hu\/adatlap\/film\/mozi\/lefkovicsek-gyaszolnak-lefkovicsek-gyaszolnak\/movie-251542\" target=\"_blank\" rel=\"noopener nofollow\">Lefkovics\u00e9k gy\u00e1szolnak<\/a> c\u00edm\u0171, magyar \u00e9s h\u00e9ber nyelven k\u00e9sz\u00fclt v\u00edgj\u00e1t\u00e9kban szerepelt, de az \u00e9vek sor\u00e1n t\u00f6bb hazai sorozatban is felt\u0171nt.\u00a0<\/p>\n<p>&#13;<br \/>\n<img decoding=\"async\" src=\"https:\/\/www.europesays.com\/hu\/wp-content\/uploads\/2026\/09\/415.webp\" alt=\"\" caption=\"true\" captiontext=\"Szab\u00f3 Kimmel Tam\u00e1s a Bel\u00e9d estem forgat\u00e1s\u00e1n - Forr\u00e1s: Vertigo M\u00e9dia\"\/>Szab\u00f3 Kimmel Tam\u00e1s a Bel\u00e9d estem forgat\u00e1s\u00e1n &#8211; Forr\u00e1s: Vertigo M\u00e9dia<\/p>\n<p>Bor\u00edt\u00f3k\u00e9p: Profimedia<\/p>\n<p>&#13;<\/p>\n<p>Forr\u00e1s: <a href=\"https:\/\/port.hu\/adatlap\/szemely\/szabo-kimmel-tamas\/person-251564\" rel=\"nofollow noopener\" target=\"_blank\">Index<\/a><\/p>\n<p>                <a href=\"https:\/\/google.com\/preferences\/source?q=https:\/\/port.hu\" target=\"_blank\" class=\"google-pref-banner\" id=\"googlePrefBanner\" rel=\"nofollow noopener\"><br \/>\n                    <img loading=\"lazy\" decoding=\"async\" src=\"https:\/\/port.hu\/img\/svg\/google-logo.svg\" width=\"52\" height=\"52\"\/><br \/>\n                    Itt \u00e1ll\u00edtsa be, hogy a Port az els\u0151k k\u00f6z\u00f6tt legyen a Google-tal\u00e1latokban!<\/p>\n<p>                <\/a><\/p>\n","protected":false},"excerpt":{"rendered":"A sz\u00edn\u00e9sz a k\u00f6z\u00f6ss\u00e9gi oldal\u00e1n tudatta, hogy otthagyja a Centr\u00e1l Sz\u00ednh\u00e1zat, \u00e9s azt is el\u00e1rulta, mit tervez a&hellip;\n","protected":false},"author":2,"featured_media":231446,"comment_status":"","ping_status":"","sticky":false,"template":"","format":"standard","meta":{"footnotes":"","_share_on_mastodon":"0"},"categories":[21],"tags":[6680,198,1854,137,199,44,42,40,43,41,1857,1650,138],"class_list":["post-231445","post","type-post","status-publish","format-standard","has-post-thumbnail","category-hiressegek","tag-beled-estem","tag-celebrities","tag-central-szinhaz","tag-entertainment","tag-hiressegek","tag-hu","tag-hungarian","tag-hungary","tag-magyar","tag-magyarorszag","tag-szabo-kimmel-tamas","tag-szinhaz","tag-szorakozas"],"share_on_mastodon":{"url":"https:\/\/pubeurope.com\/@hu\/117207592349311992","error":""},"_links":{"self":[{"href":"https:\/\/www.europesays.com\/hu\/wp-json\/wp\/v2\/posts\/231445","targetHints":{"allow":["GET"]}}],"collection":[{"href":"https:\/\/www.europesays.com\/hu\/wp-json\/wp\/v2\/posts"}],"about":[{"href":"https:\/\/www.europesays.com\/hu\/wp-json\/wp\/v2\/types\/post"}],"author":[{"embeddable":true,"href":"https:\/\/www.europesays.com\/hu\/wp-json\/wp\/v2\/users\/2"}],"replies":[{"embeddable":true,"href":"https:\/\/www.europesays.com\/hu\/wp-json\/wp\/v2\/comments?post=231445"}],"version-history":[{"count":0,"href":"https:\/\/www.europesays.com\/hu\/wp-json\/wp\/v2\/posts\/231445\/revisions"}],"wp:featuredmedia":[{"embeddable":true,"href":"https:\/\/www.europesays.com\/hu\/wp-json\/wp\/v2\/media\/231446"}],"wp:attachment":[{"href":"https:\/\/www.europesays.com\/hu\/wp-json\/wp\/v2\/media?parent=231445"}],"wp:term":[{"taxonomy":"category","embeddable":true,"href":"https:\/\/www.europesays.com\/hu\/wp-json\/wp\/v2\/categories?post=231445"},{"taxonomy":"post_tag","embeddable":true,"href":"https:\/\/www.europesays.com\/hu\/wp-json\/wp\/v2\/tags?post=231445"}],"curies":[{"name":"wp","href":"https:\/\/api.w.org\/{rel}","templated":true}]}}