{"id":231467,"date":"2026-09-03T14:55:11","date_gmt":"2026-09-03T14:55:11","guid":{"rendered":"https:\/\/www.europesays.com\/hu\/231467\/"},"modified":"2026-09-03T14:55:11","modified_gmt":"2026-09-03T14:55:11","slug":"rendkivuli-bejelentest-tett-a-kormany-oriasi-segitseg-erkezik-a-rezsivel-es-hitelekkel-kuzdo-magyaroknak","status":"publish","type":"post","link":"https:\/\/www.europesays.com\/hu\/231467\/","title":{"rendered":"Rendk\u00edv\u00fcli bejelent\u00e9st tett a korm\u00e1ny: \u00f3ri\u00e1si seg\u00edts\u00e9g \u00e9rkezik a rezsivel \u00e9s hitelekkel k\u00fczd\u0151 magyaroknak"},"content":{"rendered":"<p>H\u00e1rom \u00f3r\u00e1t\u00f3l korm\u00e1nyzati t\u00e1j\u00e9koztat\u00f3t tartott Magyar P\u00e9ter minisztereln\u00f6k \u00e9s a korm\u00e1nysz\u00f3v\u00edv\u0151k, ahol a szerdai, maratoni korm\u00e1ny\u00fcl\u00e9s d\u00f6nt\u00e9seir\u0151l sz\u00e1moltak be.<\/p>\n<p>A szerdai korm\u00e1ny\u00fcl\u00e9sen d\u00f6nt\u00e9s sz\u00fcletett a Magyar Orvosi Kamara kor\u00e1bbi jogosults\u00e1gainak helyre\u00e1ll\u00edt\u00e1s\u00e1r\u00f3l, emellett ism\u00e9t k\u00f6telez\u0151v\u00e9 teszik a praktiz\u00e1l\u00f3 orvosok sz\u00e1m\u00e1ra a kamarai tags\u00e1got. A korm\u00e1nysz\u00f3viv\u0151 t\u00e1j\u00e9koztat\u00e1sa szerint a Magyar Orvosi Kamara jogosults\u00e1gait az el\u0151z\u0151 korm\u00e1ny cs\u00f6kkentette, \u00edgy a szervezet t\u00f6bbek k\u00f6z\u00f6tt elvesztette az eg\u00e9szs\u00e9g\u00fcgyi rendszert \u00e9rint\u0151 d\u00f6nt\u00e9sek v\u00e9lem\u00e9nyez\u00e9s\u00e9nek jog\u00e1t is. A korm\u00e1ny most visszaadja ezeket a jogosults\u00e1gokat a kamar\u00e1nak, \u00e9s a j\u00f6v\u0151ben ism\u00e9t k\u00f6telez\u0151 lesz a kamarai tags\u00e1g a praktiz\u00e1l\u00f3 orvosok sz\u00e1m\u00e1ra.<\/p>\n<p>\t\t\t\t<a href=\"https:\/\/www.penzcentrum.hu\/frisshirek\" rel=\"nofollow noopener\" target=\"_blank\">A legfrissebb h\u00edrek, id\u0151rendben ITT!<\/a><\/p>\n<p>\t\t\t\t<a href=\"https:\/\/news.google.com\/publications\/CAAiECtCpL84n14N1lGAd73KUFMqFAgKIhArQqS_OJ9eDdZRgHe9ylBT?hl=hu&amp;gl=HU&amp;ceid=HU%3Ahu\" rel=\"nofollow noopener\" target=\"_blank\">K\u00f6vess minket a Google H\u00edrek-ben is!<\/a><\/p>\n<p>&#13;<\/p>\n<p>D\u00f6nt\u00f6tt a korm\u00e1ny a t\u0171zifa \u00e1f\u00e1j\u00e1nak 5 sz\u00e1zal\u00e9kra cs\u00f6kkent\u00e9s\u00e9r\u0151l, <a href=\"https:\/\/www.penzcentrum.hu\/otthon\/20260807\/hatalmas-valtozas-jon-a-futesben-tizezreket-bukhat-az-a-magyar-csalad-aki-rosszkor-vasarol-be-1203490\" rel=\"nofollow noopener\" target=\"_blank\">az int\u00e9zked\u00e9s a szeptember 15-e ut\u00e1n megv\u00e1s\u00e1rolt t\u0171zif\u00e1ra vonatkozik<\/a>. A korm\u00e1ny szerint azonban \u00f6nmag\u00e1ban az \u00e1facs\u00f6kkent\u00e9s nem garant\u00e1ln\u00e1, hogy az olcs\u00f3bb\u00e1 v\u00e1l\u00f3 t\u0171zifa \u00e1ra val\u00f3ban megjelenik a v\u00e1s\u00e1rl\u00f3kn\u00e1l, ez\u00e9rt tov\u00e1bbi int\u00e9zked\u00e9sekr\u0151l is hat\u00e1roztak.<\/p>\n<p>&#13;<\/p>\n<p>K\u00f6b\u00f6l Anita, a korm\u00e1nysz\u00f3viv\u0151 szerint a keresked\u0151k hajlamosak lehetnek az \u00e1facs\u00f6kkent\u00e9sb\u0151l sz\u00e1rmaz\u00f3 \u00e1rel\u0151nyt saj\u00e1t profitjuk n\u00f6vel\u00e9s\u00e9re ford\u00edtani. Ennek elker\u00fcl\u00e9se \u00e9rdek\u00e9ben az \u00e1llami erd\u0151gazdas\u00e1gokban kitermelt t\u0171zifa \u00e1r\u00e1t az adott \u00e9v janu\u00e1ri szintj\u00e9n r\u00f6gz\u00edtik. A szab\u00e1ly a hengeres f\u00e1ra vonatkozik, \u00e9s kiz\u00e1r\u00f3lag a mag\u00e1nszem\u00e9lyek v\u00e1s\u00e1rl\u00e1s\u00e1ra \u00e9rv\u00e9nyes.<\/p>\n<p>&#13;<br \/>\n&#13;<br \/>\nA korm\u00e1ny a szoci\u00e1lis t\u0171zifaprogramban is meghat\u00e1rozta az \u00e1rakat. A kem\u00e9ny lombos t\u0171zifa nett\u00f3 23 ezer forintba, a l\u00e1gy lombos t\u0171zifa pedig nett\u00f3 15 ezer forintba ker\u00fcl k\u00f6bm\u00e9terenk\u00e9nt.&#13;<br \/>\nA kabinet emellett megdupl\u00e1zta a faf\u0171t\u00e9si k\u00f6lts\u00e9gek t\u00e1mogat\u00e1s\u00e1ra sz\u00e1nt \u00f6sszeget. M\u00edg kor\u00e1bban \u00e9vente 5 milli\u00e1rd forint \u00e1llt rendelkez\u00e9sre, a t\u00e1mogat\u00e1s keret\u00e9t most 10 milli\u00e1rd forintra emelt\u00e9k.&#13;<br \/>\n&#13;<\/p>\n<p>A korm\u00e1ny int\u00e9zked\u00e9seinek c\u00e9lja, hogy a szeptember 15-e ut\u00e1n \u00e9rv\u00e9nyes 5 sz\u00e1zal\u00e9kos \u00e1fakulcs val\u00f3ban cs\u00f6kkentse a t\u0171zif\u00e1\u00e9rt fizetett \u00f6sszeget, \u00e9s az alacsonyabb j\u00f6vedelm\u0171 h\u00e1ztart\u00e1sok sz\u00e1m\u00e1ra is el\u00e9rhet\u0151bb\u00e9 tegye a faf\u0171t\u00e9st.<\/p>\n<p>&#13;<br \/>\nJ\u00f6n a cs\u0151dv\u00e9delem a csal\u00e1doknak&#13;<\/p>\n<p>A fizet\u00e9si neh\u00e9zs\u00e9gekkel k\u00fczd\u0151 csal\u00e1doknak is seg\u00edts\u00e9get ny\u00fajtana a korm\u00e1ny. A korm\u00e1nysz\u00f3viv\u0151 szerint sok h\u00e1ztart\u00e1snak okoz gondot, hogy id\u0151ben kifizesse a sz\u00e1ml\u00e1it vagy t\u00f6rleszt\u0151r\u00e9szleteit, ez\u00e9rt fontos, hogy m\u00e9g a komolyabb elad\u00f3sod\u00e1s el\u0151tt seg\u00edts\u00e9get kapjanak. Ennek \u00e9rdek\u00e9ben november 20-t\u00f3l \u00faj ad\u00f3ss\u00e1gkezel\u00e9si tan\u00e1csad\u00f3i szolg\u00e1ltat\u00e1s indul. A programban a Csal\u00e1di Cs\u0151dv\u00e9delmi Szolg\u00e1lat ny\u00fajt majd szem\u00e9lyre szabott seg\u00edts\u00e9get azoknak, akik fizet\u00e9si neh\u00e9zs\u00e9gekkel ker\u00fclnek szembe.<\/p>\n<p>&#13;<\/p>\n<p>A hitelez\u0151k azokhoz ir\u00e1ny\u00edthatj\u00e1k majd az \u00e9rintetteket, akik nem tudj\u00e1k id\u0151ben teljes\u00edteni fizet\u00e9si k\u00f6telezetts\u00e9geiket. A korm\u00e1ny v\u00e1rakoz\u00e1sai szerint \u00e9vente 3-4 ezer ember kaphat \u00edgy szakszer\u0171, szem\u00e9lyre szabott seg\u00edts\u00e9get, t\u00f6bbek k\u00f6z\u00f6tt banki \u00e9s hitel\u00fcgyekben. A szolg\u00e1ltat\u00e1s a korm\u00e1nyablakokon kereszt\u00fcl is el\u00e9rhet\u0151 lesz, emellett online jelentkez\u00e9sre is lehet\u0151s\u00e9g ny\u00edlik. A korm\u00e1ny szerint az \u00faj rendszer c\u00e9lja, hogy m\u00e1r a fizet\u00e9si neh\u00e9zs\u00e9gek korai szakasz\u00e1ban seg\u00edts\u00e9get kapjanak az \u00e9rintettek, \u00edgy elker\u00fclhet\u0151 legyen, hogy egy \u00e1tmeneti p\u00e9nz\u00fcgyi probl\u00e9ma s\u00falyosabb elad\u00f3sod\u00e1shoz vezessen.<\/p>\n<p>&#13;<br \/>\nFel\u00fclvizsg\u00e1lj\u00e1k a koncesszi\u00f3s szerz\u0151d\u00e9seket&#13;<\/p>\n<p>Megsz\u00fcntetn\u00e9 a korm\u00e1ny a Szab\u00e1lyozott Tev\u00e9kenys\u00e9gek Fel\u00fcgyeleti Hat\u00f3s\u00e1g\u00e1nak (SZTFH) koncesszi\u00f3s szerz\u0151d\u00e9sekkel kapcsolatos hat\u00e1sk\u00f6r\u00e9t, err\u0151l t\u00f6rv\u00e9nyjavaslatot terjesztenek az Orsz\u00e1ggy\u0171l\u00e9s el\u00e9. A v\u00e1ltoz\u00e1ssal egy\u00fctt a Koncesszi\u00f3s Tan\u00e1cs is megsz\u0171nne. A korm\u00e1nysz\u00f3viv\u0151 k\u00f6zl\u00e9se szerint az SZTFH jelenleg t\u00f6bbek k\u00f6z\u00f6tt a kaszin\u00f3k \u00e9s a doh\u00e1nykereskedelem fel\u00fcgyelet\u00e9t is ell\u00e1tja, mik\u00f6zben az elm\u00falt \u00e9vekben rendk\u00edv\u00fcl sz\u00e9les hat\u00e1sk\u00f6rt kapott. A korm\u00e1ny a ny\u00e1ron \u00e1tfog\u00f3an fel\u00fclvizsg\u00e1lta a hat\u00f3s\u00e1g m\u0171k\u00f6d\u00e9s\u00e9t \u00e9s a hozz\u00e1 kapcsol\u00f3d\u00f3 szab\u00e1lyoz\u00e1st.<\/p>\n<p>&#13;<\/p>\n<p>Magyar P\u00e9ter minisztereln\u00f6k a fel\u00fclvizsg\u00e1lat ut\u00e1n azt mondta, hogy a korm\u00e1ny az SZTFH megsz\u00fcntet\u00e9s\u00e9re tesz majd javaslatot. Indokl\u00e1sa szerint a hat\u00f3s\u00e1g m\u0171k\u00f6d\u00e9se nem a k\u00f6z\u00e9rdeket, hanem a mag\u00e1n\u00e9rdeket szolg\u00e1lta, mik\u00f6zben t\u00f6bbletk\u00f6lts\u00e9geket okozott az \u00e1llamh\u00e1ztart\u00e1snak. A most bejelentett els\u0151 l\u00e9p\u00e9s a hat\u00f3s\u00e1g koncesszi\u00f3s szerz\u0151d\u00e9sekkel kapcsolatos hat\u00e1sk\u00f6r\u00e9nek megsz\u00fcntet\u00e9se \u00e9s a Koncesszi\u00f3s Tan\u00e1cs felsz\u00e1mol\u00e1sa. A korm\u00e1ny a teljes hat\u00f3s\u00e1gi rendszer fel\u00fclvizsg\u00e1lata ut\u00e1n tehet tov\u00e1bbi javaslatot az SZTFH sors\u00e1r\u00f3l.<\/p>\n<p>&#13;<br \/>\nV\u00e1ltozhat az \u00fcvegvisszav\u00e1lt\u00e1s rendszere?&#13;<\/p>\n<p>Magyar P\u00e9ter szerint az elm\u00falt id\u0151szakban \u201e\u00f6z\u00f6nl\u00f6ttek\u201d a panaszok a korm\u00e1nyhoz a hullad\u00e9ksz\u00e1ll\u00edt\u00e1s miatt, ez\u00e9rt a jelenlegi helyzetet a korm\u00e1ny \u00e9s a magyar emberek is tarthatatlannak tartj\u00e1k. A minisztereln\u00f6k szerint a lakoss\u00e1g joggal v\u00e1rja el, hogy a hullad\u00e9kgazd\u00e1lkod\u00e1si rendszer megfelel\u0151en m\u0171k\u00f6dj\u00f6n, a hullad\u00e9kot id\u0151ben elsz\u00e1ll\u00edts\u00e1k, rend legyen, \u00e9s megfelel\u0151 sz\u00ednvonal\u00fa szolg\u00e1ltat\u00e1st kapjanak. Magyar P\u00e9ter felid\u00e9zte, hogy a MOHU 35 \u00e9vre kapott koncesszi\u00f3t a magyar \u00e1llamt\u00f3l, szerinte \u201efurcsa \u00e9s v\u00e9lem\u00e9nyes k\u00f6r\u00fclm\u00e9nyek k\u00f6z\u00f6tt\u201d. A korm\u00e1ny most fel\u00fclvizsg\u00e1lta a rendszert, \u00e9s arra jutott, hogy a MOHU nem, vagy nem megfelel\u0151en teljes\u00edti a koncesszi\u00f3s szerz\u0151d\u00e9sben v\u00e1llalt k\u00f6telezetts\u00e9geit.<\/p>\n<p>&#13;<\/p>\n<p>A minisztereln\u00f6k szerint az \u00fajrahasznos\u00edt\u00e1s ter\u00fclet\u00e9n is komoly probl\u00e9m\u00e1k vannak. Az Eur\u00f3pai Uni\u00f3 konkr\u00e9t c\u00e9lsz\u00e1mokat hat\u00e1roz meg a tag\u00e1llamok sz\u00e1m\u00e1ra a hullad\u00e9k \u00fajrahasznos\u00edt\u00e1s\u00e1ra, \u00e9s azoknak az orsz\u00e1goknak, amelyek nem teljes\u00edtik ezeket az el\u0151\u00edr\u00e1sokat, jelent\u0151s b\u00edrs\u00e1got kell fizetni\u00fck.<\/p>\n<p>&#13;<\/p>\n<p class=\"yellow\">Magyarorsz\u00e1g jelenleg 90 milli\u00e1rd forintot fizet az uni\u00f3s el\u0151\u00edr\u00e1sok nem megfelel\u0151 teljes\u00edt\u00e9se miatt. Magyar P\u00e9ter szerint a helyzeten ez\u00e9rt nem lehet n\u00e9h\u00e1ny kisebb m\u00f3dos\u00edt\u00e1ssal jav\u00edtani. \u201eNem el\u00e9g v\u00e1rhat\u00f3an egy-k\u00e9t csavart megh\u00fazni\u201d, a teljes rendszert fel\u00fcl kell vizsg\u00e1lni \u00e9s \u00e1t kell alak\u00edtani.<\/p>\n<p>&#13;<\/p>\n<p>A korm\u00e1ny c\u00e9lja, hogy a hullad\u00e9kgazd\u00e1lkod\u00e1s olcs\u00f3bban \u00e9s magasabb sz\u00ednvonalon m\u0171k\u00f6dj\u00f6n, mik\u00f6zben jelent\u0151sen n\u00f6velik az \u00fajrahasznos\u00edt\u00e1s ar\u00e1ny\u00e1t. A minisztereln\u00f6k egy \u00e1br\u00e1n azt is bemutatta, hogy Magyarorsz\u00e1gon jelenleg milyen alacsony az \u00fajrahasznos\u00edt\u00e1s ar\u00e1nya, mik\u00f6zben jelent\u0151s mennyis\u00e9g\u0171 hullad\u00e9k ker\u00fcl lerak\u00f3kba.<\/p>\n<p>&#13;<\/p>\n<p class=\"featured\">Magyar P\u00e9ter szerint a MOHU-val k\u00f6t\u00f6tt koncesszi\u00f3s szerz\u0151d\u00e9s \u201enem szent\u00edr\u00e1s\u201d, ez\u00e9rt a korm\u00e1nynak k\u00f6teless\u00e9ge beavatkozni, ha a rendszer nem m\u0171k\u00f6dik megfelel\u0151en. A korm\u00e1nyf\u0151 szerint a fel\u00fclvizsg\u00e1lat alapj\u00e1n egy olyan hullad\u00e9kgazd\u00e1lkod\u00e1si rendszerre van sz\u00fcks\u00e9g, amely jobb min\u0151s\u00e9g\u0171 szolg\u00e1ltat\u00e1st ny\u00fajt, kevesebbe ker\u00fcl a lakoss\u00e1gnak, \u00e9s l\u00e9nyegesen t\u00f6bb hullad\u00e9kot hasznos\u00edt \u00fajra.<\/p>\n<p>&#13;<\/p>\n<p>A korm\u00e1nyf\u0151 jelezte: a helyzetet tov\u00e1bb nehez\u00edti, hogy Magyarorsz\u00e1gon korl\u00e1tozott sz\u00e1m\u00fa hullad\u00e9klerak\u00f3 \u00e1ll rendelkez\u00e9sre. Ezek kialak\u00edt\u00e1sa \u00e9s fenntart\u00e1sa jelent\u0151s k\u00f6lts\u00e9ggel j\u00e1r, r\u00e1ad\u00e1sul az ilyen beruh\u00e1z\u00e1sokra az uni\u00f3s t\u00e1mogat\u00e1sok sem vehet\u0151k ig\u00e9nybe. A korm\u00e1nyf\u0151 szerint a jelenlegi rendszer hat\u00e9konytalans\u00e1ga emiatt az \u00e1llamnak is komoly vesztes\u00e9get okoz.<\/p>\n<p>&#13;<\/p>\n<p>Magyar P\u00e9ter szerint a MOHU jelenleg monopolhelyzetben van a magyar hullad\u00e9kgazd\u00e1lkod\u00e1sban, ez\u00e9rt k\u00fcl\u00f6n\u00f6sen nagy felel\u0151ss\u00e9ge van a szolg\u00e1ltat\u00e1s megfelel\u0151 sz\u00ednvonal\u00e1nak biztos\u00edt\u00e1s\u00e1ban, valamint az adatszolg\u00e1ltat\u00e1sban is. A minisztereln\u00f6k szerint jelent\u0151s megtakar\u00edt\u00e1st lehetne el\u00e9rni, ha Magyarorsz\u00e1g teljes\u00edten\u00e9 az uni\u00f3s hullad\u00e9kgazd\u00e1lkod\u00e1si c\u00e9lokat. Szavai szerint 2027-re ak\u00e1r 90 milli\u00e1rd forinttal is cs\u00f6kkenhetn\u00e9nek az \u00e1llami k\u00f6zkiad\u00e1sok, ha siker\u00fclne megfelel\u0151en teljes\u00edteni a v\u00e1llal\u00e1sokat.<\/p>\n<p>&#13;<\/p>\n<p>A korm\u00e1ny ez\u00e9rt t\u00e1rgyal\u00e1sokat kezdem\u00e9nyez a MOHU-val a hullad\u00e9kgazd\u00e1lkod\u00e1si rendszer tervezett \u00e1talak\u00edt\u00e1s\u00e1r\u00f3l. Magyar P\u00e9ter szerint a c\u00e9l egy olyan rendszer kialak\u00edt\u00e1sa, amely hat\u00e9konyabban kezeli a hullad\u00e9kot, n\u00f6veli az \u00fajrahasznos\u00edt\u00e1s ar\u00e1ny\u00e1t, \u00e9s k\u00f6zben az \u00e1llami kiad\u00e1sokat is m\u00e9rs\u00e9kli.<\/p>\n<p>&#13;<br \/>\nEmelkednek a k\u00f6rnyezetv\u00e9delmi b\u00edrs\u00e1gok&#13;<\/p>\n<p>L\u00e9trehozza a korm\u00e1ny az \u00f6n\u00e1ll\u00f3, orsz\u00e1gos hat\u00e1sk\u00f6r\u0171 K\u00f6rnyezetv\u00e9delmi F\u0151hat\u00f3s\u00e1got, amelynek fel\u00e1ll\u00edt\u00e1sa t\u00f6bb l\u00e9p\u00e9sben, a tervek szerint 2027. janu\u00e1r 1-j\u00e9t\u0151l kezd\u0151dhet meg. A korm\u00e1ny a k\u00f6rnyezetv\u00e9delmi b\u00edrs\u00e1gok szigor\u00edt\u00e1s\u00e1r\u00f3l \u00e9s emel\u00e9s\u00e9r\u0151l is d\u00f6nt.<\/p>\n<p>&#13;<\/p>\n<p>Magyar P\u00e9ter szerint az emberek eg\u00e9szs\u00e9g\u00e9nek, valamint a f\u00f6ld, a v\u00edz \u00e9s a leveg\u0151 tisztas\u00e1g\u00e1nak v\u00e9delme nem lehet m\u00e1sodlagos szempont. A minisztereln\u00f6k szerint jelenleg a k\u00f6rnyezetv\u00e9delmi hat\u00f3s\u00e1gi feladatok t\u00f6bb miniszt\u00e9rium \u00e9s hat\u00f3s\u00e1g k\u00f6z\u00f6tt oszlanak meg. \u00dagy v\u00e9lte, ennek oka, hogy az el\u0151z\u0151 korm\u00e1ny nem egy er\u0151s \u00e9s hat\u00e9kony k\u00f6rnyezetv\u00e9delmi rendszer kialak\u00edt\u00e1s\u00e1t tartotta szem el\u0151tt.<\/p>\n<p>&#13;<\/p>\n<p class=\"yellow\">Az \u00faj f\u0151hat\u00f3s\u00e1g egyik kiemelt feladata az akkumul\u00e1torgy\u00e1rak ellen\u0151rz\u00e9se lesz. Magyar P\u00e9ter szerint a k\u00f6rnyezetv\u00e9delmi szab\u00e1lyok mindenkire egyform\u00e1n vonatkoznak majd, f\u00fcggetlen\u00fcl att\u00f3l, hogy mekkora v\u00e1llalatr\u00f3l van sz\u00f3.<\/p>\n<p>&#13;<\/p>\n<p>A korm\u00e1ny a b\u00edrs\u00e1gol\u00e1si rendszert is jelent\u0151sen szigor\u00edtan\u00e1. Magyar P\u00e9ter szerint az elm\u00falt \u00e9vekben kis \u00f6sszeg\u0171 b\u00edrs\u00e1gokat szabtak ki, amelyeknek nem volt megfelel\u0151 visszatart\u00f3 erej\u00fck. A legs\u00falyosabb k\u00f6rnyezetv\u00e9delmi szab\u00e1lyszeg\u00e9sek eset\u00e9ben ez\u00e9rt 5 milli\u00e1rd forintra emeln\u00e9k a kiszabhat\u00f3 b\u00edrs\u00e1g fels\u0151 hat\u00e1r\u00e1t.<\/p>\n<p>&#13;<\/p>\n<p>Bevezetik a \u201eh\u00e1rom csap\u00e1s\u201d elv\u00e9t is. Ha egy v\u00e1llalat \u00f6t \u00e9ven bel\u00fcl harmadszor is megszegi a k\u00f6rnyezetv\u00e9delmi szab\u00e1lyokat, k\u00f6telez\u0151 minimum b\u00edrs\u00e1got szabnak ki. Ez az el\u0151z\u0151 \u00e9vi nett\u00f3 \u00e1rbev\u00e9tel 0,5 sz\u00e1zal\u00e9ka lenne, de legal\u00e1bb 5 milli\u00f3 forint.<\/p>\n<p>&#13;<\/p>\n<p class=\"quote\">Magyar P\u00e9ter a g\u00f6di akkumul\u00e1torgy\u00e1r p\u00e9ld\u00e1j\u00e1t is felhozta. Elmond\u00e1sa szerint ebben az esetben a v\u00e1llalat nett\u00f3 \u00e1rbev\u00e9tel\u00e9nek 0,5 sz\u00e1zal\u00e9ka mintegy 5 milli\u00e1rd forintos b\u00edrs\u00e1got jelentene.<\/p>\n<p>&#13;<\/p>\n<p>A hullad\u00e9kgazd\u00e1lkod\u00e1si szab\u00e1lyok megs\u00e9rt\u00e9s\u00e9n\u00e9l megsz\u00fcntetn\u00e9k az 500 milli\u00f3 forintos b\u00edrs\u00e1gplafont is. A korm\u00e1ny c\u00e9lja, hogy a szankci\u00f3k egy nagyv\u00e1llalat sz\u00e1m\u00e1ra is \u00e9rdemi visszatart\u00f3 er\u0151t jelentsenek, \u00e9s a k\u00f6rnyezetv\u00e9delmi el\u0151\u00edr\u00e1sok megs\u00e9rt\u00e9se ne legyen gazdas\u00e1gilag kifizet\u0151d\u0151.<\/p>\n<p>&#13;<br \/>\nNyugd\u00edjemel\u00e9s&#13;<\/p>\n<p>120 ezer forintra emeli a korm\u00e1ny a minim\u00e1lnyugd\u00edjat 2027. janu\u00e1r 1-j\u00e9t\u0151l, a v\u00e1ltoz\u00e1s t\u00f6bb sz\u00e1zezer ember nyugd\u00edj\u00e1t \u00e9rintheti. A korm\u00e1nyf\u0151 szerint az emel\u00e9sre az\u00e9rt van sz\u00fcks\u00e9g, mert sokan \u00f6nhib\u00e1jukon k\u00edv\u00fcl ker\u00fcltek olyan helyzetbe, hogy rendk\u00edv\u00fcl alacsony ell\u00e1t\u00e1sb\u00f3l kell meg\u00e9lni\u00fck. Magyar P\u00e9ter az int\u00e9zked\u00e9ssel kapcsolatos kritik\u00e1kra reag\u00e1lva azt mondta, m\u00e9lt\u00e1nytalan, igazs\u00e1gtalan \u00e9s embertelen, ha valakinek id\u0151s kor\u00e1ban nagyon kev\u00e9s p\u00e9nzb\u0151l kell meg\u00e9lnie, mik\u00f6zben a helyzet\u00e9r\u0151l sok esetben nem maga tehet.<\/p>\n<p>&#13;<\/p>\n<p>&#13;<\/p>\n<p>A v\u00e1ltoz\u00e1s a megv\u00e1ltozott munkak\u00e9pess\u00e9g\u0171 emberek ell\u00e1t\u00e1s\u00e1t is \u00e9rinti. 2027. janu\u00e1r 1-j\u00e9t\u0151l 10 sz\u00e1zal\u00e9kkal emelik az ilyen ell\u00e1t\u00e1sokat, a 65. \u00e9let\u00e9v\u00fcket bet\u00f6lt\u00f6tt \u00e9rintetteknek pedig legal\u00e1bb 120 ezer forintos ell\u00e1t\u00e1st kell biztos\u00edtani.<\/p>\n<p>&#13;<\/p>\n<p>A minisztereln\u00f6k szerint \u00f6nmag\u00e1ban egy ekkora emel\u00e9s nem oldja meg az \u00e9rintettek minden probl\u00e9m\u00e1j\u00e1t, ugyanakkor fontosnak tartj\u00e1k, hogy azok is \u00e9rezz\u00e9k a v\u00e1ltoz\u00e1s hat\u00e1s\u00e1t, akiknek k\u00fcl\u00f6n\u00f6sen alacsony az ell\u00e1t\u00e1suk. Az int\u00e9zked\u00e9s \u00fajabb 238 ezer embernek jelent seg\u00edts\u00e9get a korm\u00e1ny sz\u00e1m\u00edt\u00e1sai szerint. Magyar P\u00e9ter a nyugd\u00edjakkal kapcsolatban tov\u00e1bbi bejelent\u00e9seket \u00edg\u00e9rt a k\u00e9s\u0151bbiekre.<\/p>\n<p>&#13;<\/p>\n<p>C\u00edmlapk\u00e9p: MTI\/Heged\u00fcs R\u00f3bert\u00a0<\/p>\n","protected":false},"excerpt":{"rendered":"H\u00e1rom \u00f3r\u00e1t\u00f3l korm\u00e1nyzati t\u00e1j\u00e9koztat\u00f3t tartott Magyar P\u00e9ter minisztereln\u00f6k \u00e9s a korm\u00e1nysz\u00f3v\u00edv\u0151k, ahol a szerdai, maratoni korm\u00e1ny\u00fcl\u00e9s d\u00f6nt\u00e9seir\u0151l sz\u00e1moltak&hellip;\n","protected":false},"author":2,"featured_media":231468,"comment_status":"","ping_status":"","sticky":false,"template":"","format":"standard","meta":{"footnotes":"","_share_on_mastodon":"0"},"categories":[6],"tags":[393,44,42,40,672,43,41,669,671,670,674,111,673],"class_list":["post-231467","post","type-post","status-publish","format-standard","has-post-thumbnail","category-magyarorszag","tag-biztositas","tag-hu","tag-hungarian","tag-hungary","tag-karrier","tag-magyar","tag-magyarorszag","tag-megtakaritas","tag-nyugdij","tag-otthon","tag-utazas","tag-vallalkozas","tag-vasarlas"],"share_on_mastodon":{"url":"https:\/\/pubeurope.com\/@hu\/117207690658071447","error":""},"_links":{"self":[{"href":"https:\/\/www.europesays.com\/hu\/wp-json\/wp\/v2\/posts\/231467","targetHints":{"allow":["GET"]}}],"collection":[{"href":"https:\/\/www.europesays.com\/hu\/wp-json\/wp\/v2\/posts"}],"about":[{"href":"https:\/\/www.europesays.com\/hu\/wp-json\/wp\/v2\/types\/post"}],"author":[{"embeddable":true,"href":"https:\/\/www.europesays.com\/hu\/wp-json\/wp\/v2\/users\/2"}],"replies":[{"embeddable":true,"href":"https:\/\/www.europesays.com\/hu\/wp-json\/wp\/v2\/comments?post=231467"}],"version-history":[{"count":0,"href":"https:\/\/www.europesays.com\/hu\/wp-json\/wp\/v2\/posts\/231467\/revisions"}],"wp:featuredmedia":[{"embeddable":true,"href":"https:\/\/www.europesays.com\/hu\/wp-json\/wp\/v2\/media\/231468"}],"wp:attachment":[{"href":"https:\/\/www.europesays.com\/hu\/wp-json\/wp\/v2\/media?parent=231467"}],"wp:term":[{"taxonomy":"category","embeddable":true,"href":"https:\/\/www.europesays.com\/hu\/wp-json\/wp\/v2\/categories?post=231467"},{"taxonomy":"post_tag","embeddable":true,"href":"https:\/\/www.europesays.com\/hu\/wp-json\/wp\/v2\/tags?post=231467"}],"curies":[{"name":"wp","href":"https:\/\/api.w.org\/{rel}","templated":true}]}}