{"id":231469,"date":"2026-09-03T14:56:15","date_gmt":"2026-09-03T14:56:15","guid":{"rendered":"https:\/\/www.europesays.com\/hu\/231469\/"},"modified":"2026-09-03T14:56:15","modified_gmt":"2026-09-03T14:56:15","slug":"telex-putyin-szerint-nincs-szukseg-mozgositasra-oroszorszagban","status":"publish","type":"post","link":"https:\/\/www.europesays.com\/hu\/231469\/","title":{"rendered":"Telex: Putyin szerint nincs sz\u00fcks\u00e9g mozg\u00f3s\u00edt\u00e1sra Oroszorsz\u00e1gban"},"content":{"rendered":"<p><a href=\"https:\/\/telex.hu\/szerzo\/madzin-emilia\" class=\"author__avatar\" rel=\"nofollow noopener\" target=\"_blank\"><img decoding=\"async\" src=\"https:\/\/www.europesays.com\/hu\/wp-content\/uploads\/2026\/09\/1752846975-temp-fAFKLa_avatar@4x.jpg\" alt=\"Madzin Em\u00edlia\" class=\"avatar\" loading=\"lazy\"\/><\/a><\/p>\n<p>\u00c1ll\u00edtsd be a Telexet megb\u00edzhat\u00f3 forr\u00e1snak!<\/p>\n<p>Vlagyimir Putyin szerint tov\u00e1bbra is van es\u00e9ly az orosz\u2013ukr\u00e1n h\u00e1bor\u00fa lez\u00e1r\u00e1s\u00e1ra, de a b\u00e9ket\u00e1rgyal\u00e1sok \u00fajraind\u00edt\u00e1s\u00e1t megnehez\u00edtik az ut\u00f3bbi id\u0151szak ukr\u00e1n t\u00e1mad\u00e1sai, \u00edrja a <a href=\"https:\/\/tass.ru\/politika\/28075807\" target=\"_blank\" rel=\"nofollow noopener\">TASZSZ orosz \u00e1llami h\u00edr\u00fcgyn\u00f6ks\u00e9g<\/a> \u00e9s a <a href=\"https:\/\/www.reuters.com\/world\/europe\/putin-cites-chance-peace-deal-says-ukrainian-aviation-warning-makes-it-harder-2026-09-03\/?utm_source=chatgpt.com\" target=\"_blank\" rel=\"nofollow noopener\">Reuters.<\/a> Az orosz eln\u00f6k a Keleti Gazdas\u00e1gi F\u00f3rum plen\u00e1ris \u00fcl\u00e9s\u00e9n arr\u00f3l besz\u00e9lt, egym\u00e1ssal kell megegyeznie Oroszorsz\u00e1gnak \u00e9s Ukrajn\u00e1nak, az Egyes\u00fclt \u00c1llamok \u00e9s t\u00f6bbi orsz\u00e1g csak t\u00e1mogatni tudja a folyamatot.<\/p>\n<p>\u201eV\u00e9g\u00fcl azonban a probl\u00e9m\u00e1t a konfliktusban \u00e9rintett orsz\u00e1goknak \u2013 Oroszorsz\u00e1gnak \u00e9s Ukrajn\u00e1nak \u2013 kell megoldaniuk\u201d \u2013 mondta az Oroszorsz\u00e1gban megrendezett gazdas\u00e1gi f\u00f3rumon. \u201eH\u00e1l\u00e1sak vagyunk mindenkinek, aki megpr\u00f3b\u00e1l hozz\u00e1j\u00e1rulni a megold\u00e1shoz. Van erre es\u00e9ly? V\u00e9lem\u00e9nyem szerint igen, van.\u201d<\/p>\n<p>Putyin kijelentette, hogy jelenleg nincs olyan helyzet, ami \u00fajabb oroszorsz\u00e1gi mozg\u00f3s\u00edt\u00e1st tenne sz\u00fcks\u00e9gess\u00e9. Az ezzel ellent\u00e9tes h\u00edreket inform\u00e1ci\u00f3s t\u00e1mad\u00e1snak min\u0151s\u00edtette, szerinte a mozg\u00f3s\u00edt\u00e1sr\u00f3l sz\u00f3l\u00f3 \u00e1lh\u00edrek bedob\u00e1s\u00e1val a szeptemberben esed\u00e9kes oroszorsz\u00e1gi v\u00e1laszt\u00e1sokra akarnak befoly\u00e1st gyakorolni.<\/p>\n<p>Az orosz eln\u00f6k szerint az orosz \u00e9s ukr\u00e1n felek k\u00f6z\u00f6tt tov\u00e1bbra is van kapcsolat, els\u0151sorban a titkosszolg\u00e1latokon kereszt\u00fcl, de Putyin szerint egyel\u0151re neh\u00e9z meg\u00edt\u00e9lni, hogy ezek elvezetnek-e egy b\u00e9kemeg\u00e1llapod\u00e1shoz. A <a href=\"https:\/\/telex.hu\/kulfold\/2026\/02\/19\/zelenszkij-ukrajna-nem-vonul-vissza-a-donbaszbol-genf-baketargyalas\" class=\"\" rel=\"nofollow noopener\" target=\"_blank\">b\u00e9ket\u00e1rgyal\u00e1sok febru\u00e1rban megrekedtek,<\/a> mik\u00f6zben mindk\u00e9t oldal fokozta a t\u00e1mad\u00e1sokat. Putyin a mostani besz\u00e9d\u00e9ben azt is kifog\u00e1solta, hogy az orosz l\u00e9gt\u00e9rben tart\u00f3zkod\u00f3 ukr\u00e1n dr\u00f3nok miatt az utassz\u00e1ll\u00edt\u00f3k k\u00f6zleked\u00e9se is vesz\u00e9lybe ker\u00fclt, nemzetk\u00f6zi fell\u00e9p\u00e9st s\u00fcrgetett az orosz l\u00e9gt\u00e9r \u00fcgy\u00e9ben. <a href=\"https:\/\/telex.hu\/kulfold\/2026\/09\/02\/lipcse-repuloter-dron-oroszorszag-felelosseg-nemetorszag-eu-szankciok-orosz-legter\" class=\"\" rel=\"nofollow noopener\" target=\"_blank\">Ukrajna szerint viszont a dr\u00f3njaik katonai c\u00e9lpontokat t\u00e1madnak,<\/a> nem akad\u00e1lyozz\u00e1k a civilek rep\u00fcl\u00e9s\u00e9t.<\/p>\n<p>Putyin azt is elmondta, Oroszorsz\u00e1g tov\u00e1bbra is kapcsolatban \u00e1ll Donald Trump amerikai adminisztr\u00e1ci\u00f3j\u00e1val, \u00e9s rem\u00e9li, hogy ezek a kapcsolatok hozz\u00e1j\u00e1rulhatnak a h\u00e1bor\u00fa lez\u00e1r\u00e1s\u00e1hoz \u00e9s az orosz\u2013amerikai viszony jav\u00edt\u00e1s\u00e1hoz.<\/p>\n<p>Partnereinkt\u0151l<\/p>\n<p>\u00c1ll\u00edtsd be a Telexet megb\u00edzhat\u00f3 forr\u00e1snak!<\/p>\n<p>K\u00f6vess minket Facebookon is!<\/p>\n","protected":false},"excerpt":{"rendered":"\u00c1ll\u00edtsd be a Telexet megb\u00edzhat\u00f3 forr\u00e1snak! Vlagyimir Putyin szerint tov\u00e1bbra is van es\u00e9ly az orosz\u2013ukr\u00e1n h\u00e1bor\u00fa lez\u00e1r\u00e1s\u00e1ra, de&hellip;\n","protected":false},"author":2,"featured_media":231470,"comment_status":"","ping_status":"","sticky":false,"template":"","format":"standard","meta":{"footnotes":"","_share_on_mastodon":"0"},"categories":[33],"tags":[849,303,38,35,37,44,42,40,64,43,41,34,627,102,36,58,39,299],"class_list":["post-231469","post","type-post","status-publish","format-standard","has-post-thumbnail","category-hirek","tag-beketargyalas","tag-egyesult-allamok","tag-focimek","tag-headlines","tag-hirek","tag-hu","tag-hungarian","tag-hungary","tag-kulfold","tag-magyar","tag-magyarorszag","tag-news","tag-orosz-ukran-haboru","tag-oroszorszag","tag-top-stories","tag-ukrajna","tag-vezeto-hirek","tag-vlagyimir-putyin"],"share_on_mastodon":{"url":"https:\/\/pubeurope.com\/@hu\/117207694674340720","error":""},"_links":{"self":[{"href":"https:\/\/www.europesays.com\/hu\/wp-json\/wp\/v2\/posts\/231469","targetHints":{"allow":["GET"]}}],"collection":[{"href":"https:\/\/www.europesays.com\/hu\/wp-json\/wp\/v2\/posts"}],"about":[{"href":"https:\/\/www.europesays.com\/hu\/wp-json\/wp\/v2\/types\/post"}],"author":[{"embeddable":true,"href":"https:\/\/www.europesays.com\/hu\/wp-json\/wp\/v2\/users\/2"}],"replies":[{"embeddable":true,"href":"https:\/\/www.europesays.com\/hu\/wp-json\/wp\/v2\/comments?post=231469"}],"version-history":[{"count":0,"href":"https:\/\/www.europesays.com\/hu\/wp-json\/wp\/v2\/posts\/231469\/revisions"}],"wp:featuredmedia":[{"embeddable":true,"href":"https:\/\/www.europesays.com\/hu\/wp-json\/wp\/v2\/media\/231470"}],"wp:attachment":[{"href":"https:\/\/www.europesays.com\/hu\/wp-json\/wp\/v2\/media?parent=231469"}],"wp:term":[{"taxonomy":"category","embeddable":true,"href":"https:\/\/www.europesays.com\/hu\/wp-json\/wp\/v2\/categories?post=231469"},{"taxonomy":"post_tag","embeddable":true,"href":"https:\/\/www.europesays.com\/hu\/wp-json\/wp\/v2\/tags?post=231469"}],"curies":[{"name":"wp","href":"https:\/\/api.w.org\/{rel}","templated":true}]}}