{"id":231511,"date":"2026-09-03T15:40:11","date_gmt":"2026-09-03T15:40:11","guid":{"rendered":"https:\/\/www.europesays.com\/hu\/231511\/"},"modified":"2026-09-03T15:40:11","modified_gmt":"2026-09-03T15:40:11","slug":"kiderult-mi-okozta-tim-curry-az-az-krajcarosanak-halalat","status":"publish","type":"post","link":"https:\/\/www.europesays.com\/hu\/231511\/","title":{"rendered":"Kider\u00fclt, mi okozta Tim Curry, az AZ Krajc\u00e1ros\u00e1nak hal\u00e1l\u00e1t"},"content":{"rendered":"<p>Augusztus 26-\u00e1n <a href=\"https:\/\/www.pcguru.hu\/hirek\/film-sorozat-meghalt-tim-curry-a-red-alert-3-legendas-szovjet-vezere-tbr\/103376\" rel=\"nofollow noopener\" target=\"_blank\">sz\u00e1moltunk be<\/a> arr\u00f3l, hogy 80 \u00e9ves kor\u00e1ban elhunyt Tim Curry, a\u00a0Rocky Horror Picture Show, a Stephen King-f\u00e9le AZ, a Reszkessetek, bet\u00f6r\u0151k! 2. \u00e9s a\u00a0Horrorra akadva 2. sz\u00edn\u00e9sze. Akkor m\u00e9g nem lehetett tudni, hogy Curry miben is hunyt el, 2012-ben azonban s\u00falyos agyv\u00e9rz\u00e9st szenvedett, az\u00f3ta pedig t\u00f6bbsz\u00f6r is kerekessz\u00e9kben jelent meg a nyilv\u00e1noss\u00e1g el\u0151tt. Most kider\u00fclt az is, hogy pontosan mi okozta a sz\u00edn\u00e9sz hal\u00e1l\u00e1t.\u00a0<\/p>\n<p>A People magazin\u00a0<a href=\"https:\/\/people.com\/tim-curry-cause-of-death-revealed-12068616\" rel=\"nofollow noopener\" target=\"_blank\">megszerezte <\/a>a\u00a0Los Angeles Megyei K\u00f6zeg\u00e9szs\u00e9g\u00fcgyi Hivatal dokumentumait, amelyb\u0151l megtudjuk, hogy az angol sz\u00edn\u00e9sz\u00a0koszor\u00fa\u00e9r-betegs\u00e9gben hunyt el.\u00a0A dokumentumok szerint Curry k\u00f3rt\u00f6rt\u00e9net\u00e9ben stroke \u00e9s veser\u00e1k is szerepelt, \u00e9s ezeket olyan jelent\u0151s eg\u00e9szs\u00e9g\u00fcgyi probl\u00e9m\u00e1kk\u00e9nt t\u00fcntett\u00e9k fel, amelyek hozz\u00e1j\u00e1rultak ugyan az \u00e1llapot\u00e1hoz, de nem ezek jelentett\u00e9k k\u00f6zvetlen\u00fcl a hal\u00e1l ok\u00e1t.\u00a0<\/p>\n<p>Az iratok arra is kit\u00e9rnek, hogy Curry-nek nem volt m\u0171t\u00e9tje sem a koszor\u00fa\u00e9r-betegs\u00e9g, sem a veser\u00e1k, sem pedig a kor\u00e1bbi stroke kapcs\u00e1n.\u00a0<\/p>\n<p>Tim Curry nev\u00e9t nem csak azok ismerhett\u00e9k, akik otthonosan mozognak a filmek vil\u00e1g\u00e1ban: a sz\u00edn\u00e9sz t\u00f6bbek k\u00f6zt a Dragon Age: Originsben \u00e9s a Command &amp; Conquer: Red Alert 3-ban is hallatta a hangj\u00e1t.\u00a0<\/p>\n<p>Bor\u00edt\u00f3k\u00e9p forr\u00e1sa: Depositphotos\/ everett225<\/p>\n","protected":false},"excerpt":{"rendered":"Augusztus 26-\u00e1n sz\u00e1moltunk be arr\u00f3l, hogy 80 \u00e9ves kor\u00e1ban elhunyt Tim Curry, a\u00a0Rocky Horror Picture Show, a Stephen&hellip;\n","protected":false},"author":2,"featured_media":231512,"comment_status":"","ping_status":"","sticky":false,"template":"","format":"standard","meta":{"footnotes":"","_share_on_mastodon":"0"},"categories":[21],"tags":[61146,198,137,647,199,44,42,40,43,41,39903,25729,24259,144,138,25723],"class_list":["post-231511","post","type-post","status-publish","format-standard","has-post-thumbnail","category-hiressegek","tag-krajcaros","tag-celebrities","tag-entertainment","tag-halalhir","tag-hiressegek","tag-hu","tag-hungarian","tag-hungary","tag-magyar","tag-magyarorszag","tag-reszkessetek-betorok","tag-rocky-horror-picture-show","tag-stephen-king","tag-szinesz","tag-szorakozas","tag-tim-curry"],"share_on_mastodon":{"url":"https:\/\/pubeurope.com\/@hu\/117207867430306075","error":""},"_links":{"self":[{"href":"https:\/\/www.europesays.com\/hu\/wp-json\/wp\/v2\/posts\/231511","targetHints":{"allow":["GET"]}}],"collection":[{"href":"https:\/\/www.europesays.com\/hu\/wp-json\/wp\/v2\/posts"}],"about":[{"href":"https:\/\/www.europesays.com\/hu\/wp-json\/wp\/v2\/types\/post"}],"author":[{"embeddable":true,"href":"https:\/\/www.europesays.com\/hu\/wp-json\/wp\/v2\/users\/2"}],"replies":[{"embeddable":true,"href":"https:\/\/www.europesays.com\/hu\/wp-json\/wp\/v2\/comments?post=231511"}],"version-history":[{"count":0,"href":"https:\/\/www.europesays.com\/hu\/wp-json\/wp\/v2\/posts\/231511\/revisions"}],"wp:featuredmedia":[{"embeddable":true,"href":"https:\/\/www.europesays.com\/hu\/wp-json\/wp\/v2\/media\/231512"}],"wp:attachment":[{"href":"https:\/\/www.europesays.com\/hu\/wp-json\/wp\/v2\/media?parent=231511"}],"wp:term":[{"taxonomy":"category","embeddable":true,"href":"https:\/\/www.europesays.com\/hu\/wp-json\/wp\/v2\/categories?post=231511"},{"taxonomy":"post_tag","embeddable":true,"href":"https:\/\/www.europesays.com\/hu\/wp-json\/wp\/v2\/tags?post=231511"}],"curies":[{"name":"wp","href":"https:\/\/api.w.org\/{rel}","templated":true}]}}