{"id":231525,"date":"2026-09-03T15:52:09","date_gmt":"2026-09-03T15:52:09","guid":{"rendered":"https:\/\/www.europesays.com\/hu\/231525\/"},"modified":"2026-09-03T15:52:09","modified_gmt":"2026-09-03T15:52:09","slug":"telex-oriasi-hajraban-utolso-pillanatos-modositassal-ment-unios-ezermilliardokat-a-kormany","status":"publish","type":"post","link":"https:\/\/www.europesays.com\/hu\/231525\/","title":{"rendered":"Telex: \u00d3ri\u00e1si hajr\u00e1ban, utols\u00f3 pillanatos m\u00f3dos\u00edt\u00e1ssal ment uni\u00f3s ezermilli\u00e1rdokat a korm\u00e1ny"},"content":{"rendered":"<p>A korm\u00e1ny h\u00e9tf\u0151n 15 \u00f3ra 33 perckor kapta meg a visszajelz\u00e9st: minden sz\u00fcks\u00e9ges dokumentum rendelkez\u00e9sre \u00e1ll az uni\u00f3s helyre\u00e1ll\u00edt\u00e1si alap felt\u00e9teleinek teljes\u00edt\u00e9s\u00e9hez \u2013 k\u00f6z\u00f6lte <a href=\"https:\/\/www.youtube.com\/watch?v=N5ggzPmgv_I\" target=\"_blank\" rel=\"nofollow noopener\">aznap este az ATV-ben<\/a> Vit\u00e9zy D\u00e1vid. A k\u00f6zleked\u00e9si \u00e9s beruh\u00e1z\u00e1si miniszter bejelent\u00e9se azt jelenti, hogy szerinte sz\u0171k f\u00e9l nappal a hat\u00e1rid\u0151 el\u0151tt v\u00e9geztek a sz\u00fcks\u00e9ges jogszab\u00e1lyokkal, beruh\u00e1z\u00e1sokkal \u00e9s c\u00e9lokkal. Mindezt \u00fagy, hogy a m\u00e1jusi korm\u00e1nyalak\u00edt\u00e1s ut\u00e1n <a href=\"https:\/\/telex.hu\/kulfold\/2026\/04\/14\/eu-tisza-part-europai-bizottsag-jogallamisag-tamogatas-helyreallitasi-alap\" class=\"\" rel=\"nofollow noopener\" target=\"_blank\">\u00f3ri\u00e1si rohammal kellett<\/a> bep\u00f3tolni a hi\u00e1nyoss\u00e1gokat, \u00e9s ennek \u00e9rdek\u00e9ben nemcsak \u00fajra\u00edrt\u00e1k a helyre\u00e1ll\u00edt\u00e1si alap elk\u00f6lt\u00e9si terv\u00e9t, de<\/p>\n<p>csendben m\u00e9g ehhez is beadtak egy n\u00e9h\u00e1ny munkanappal a hat\u00e1rid\u0151 el\u0151tt elfogadtatott m\u00f3dos\u00edt\u00e1st \u2013 igaz, t\u00edz m\u00e1sik tag\u00e1llami korm\u00e1nnyal egy\u00fctt.<\/p>\n<p>Mi ez az alap?<\/p>\n<p>\u00c9vek lettek volna r\u00e1, hogy siker\u00fclj\u00f6n felszabad\u00edtani a magyar brutt\u00f3 nemzeti \u00f6sszterm\u00e9k nagyj\u00e1b\u00f3l \u00f6t sz\u00e1zal\u00e9k\u00e1t kitev\u0151 p\u00e9nzt\u00f6meget. A Helyre\u00e1ll\u00edt\u00e1si \u00e9s \u00dajj\u00e1\u00e9p\u00edt\u00e9si Eszk\u00f6zt 2021-ben hozta l\u00e9tre az EU \u2013 n\u00e9vleg az\u00e9rt, hogy megk\u00fczdj\u00f6n a koronav\u00edrus-j\u00e1rv\u00e1ny k\u00f6vetkezm\u00e9nyeivel, de t\u00f6rt\u00e9netesen a rendes uni\u00f3s k\u00f6lts\u00e9gvet\u00e9s cs\u00f6kken\u00e9s\u00e9t is el lehetett vele fedni a brexit ut\u00e1n. Az Egyes\u00fclt Kir\u00e1lys\u00e1g kies\u00e9s\u00e9vel nemcsak egy nagy nett\u00f3 befizet\u0151 tag\u00e1llam t\u00e1vozott, hanem a k\u00f6z\u00f6s uni\u00f3s hitelfelv\u00e9tel leghangosabb ellenz\u0151je is, \u00edgy d\u00f6nthettek egy k\u00f6z\u00f6s, olcs\u00f3 k\u00f6lcs\u00f6nr\u0151l, amelyet az uni\u00f3s k\u00f6lts\u00e9gvet\u00e9sb\u0151l fizetnek vissza (vagyis gyakorlatilag k\u00f6zvetve, az EU kedvez\u0151 hitelmin\u0151s\u00edt\u00e9se miatt viszonylag kis fel\u00e1rral a nett\u00f3 befizet\u0151k \u00e1llj\u00e1k a sz\u00e1mla nagy r\u00e9sz\u00e9t).<\/p>\n<p>A britek t\u00e1voz\u00e1s\u00e1val is maradtak berzenked\u0151k, p\u00e9ld\u00e1ul a n\u00e9met alkotm\u00e1nyb\u00edr\u00f3s\u00e1g csak \u00fagy engedte \u00e1t az alapot, hogy egyszeri \u00e9s hat\u00e1rozott idej\u0171 lesz. Innent\u0151l nagyj\u00e1b\u00f3l k\u0151be v\u00e9settnek lehetett tekinteni a 2026. augusztus 31-i hat\u00e1rid\u0151t, amelyet m\u00e1r az elej\u00e9n meghat\u00e1roztak a felt\u00e9telek teljes\u00edt\u00e9s\u00e9re.<\/p>\n<p>T\u00f6bben, k\u00f6zt\u00fck kisziv\u00e1rgott sajt\u00f3h\u00edrek alapj\u00e1n az el\u0151z\u0151 magyar korm\u00e1nyban is sok\u00e1ig b\u00edztak egy halaszt\u00e1sban. Orb\u00e1n Viktor kabinetje eleve utols\u00f3k\u00e9nt, 2022 v\u00e9g\u00e9n fogadtatta el a helyre\u00e1ll\u00edt\u00e1si alap elk\u00f6lt\u00e9s\u00e9hez sz\u00fcks\u00e9ges terv\u00e9t. A tag\u00e1llami korm\u00e1nyok ilyen dokumentumokban r\u00e9szletezt\u00e9k, mire k\u00f6lten\u00e9nek a p\u00e9nzb\u0151l \u00e9s mi\u00e9rt cser\u00e9be, mert az alapb\u00f3l a rendes uni\u00f3s k\u00f6lts\u00e9gvet\u00e9st\u0151l elt\u00e9r\u0151en a tervekben v\u00e1llalt \u201em\u00e9rf\u00f6ldk\u00f6vekre\u201d fizettek. A m\u00e9rf\u00f6ldk\u00f6vek k\u00f6z\u00f6tt voltak maguk a helyre\u00e1ll\u00edt\u00e1si alap c\u00e9ljainak \u2013 eg\u00e9szs\u00e9g\u00fcgy, gazdas\u00e1g\u00e9l\u00e9nk\u00edt\u00e9s, digit\u00e1lis \u00e9s z\u00f6ld \u00e1t\u00e1ll\u00e1s \u2013 megfelel\u0151 fejleszt\u00e9sek. Magyarul ezeket el\u0151finansz\u00edrozniuk kellett a tag\u00e1llamoknak, mint a rendes k\u00f6lts\u00e9gvet\u00e9sn\u00e9l, de att\u00f3l elt\u00e9r\u0151en a m\u00e9rf\u00f6ldk\u00f6vek k\u00f6z\u00f6tt voltak reformok \u00e9s el\u00e9rend\u0151 m\u00e9r\u0151sz\u00e1mok is. Jellemz\u0151en egy-egy, 2026. augusztus 31-n\u00e9l kor\u00e1bbi hat\u00e1rid\u0151t is v\u00e1llaltak a felt\u00e9telekhez.<\/p>\n<p>A m\u00e9rf\u00f6ldk\u00f6vek k\u00f6z\u00f6tt lehettek k\u00fcl\u00f6nlegesek is, amelyeket mind teljes\u00edteni kellett az els\u0151 rendes kifizet\u00e9sekhez. Az Orb\u00e1n-korm\u00e1ny 27 ilyen \u201eszuperm\u00e9rf\u00f6ldk\u00f6vet\u201d v\u00e1llalt a helyre\u00e1ll\u00edt\u00e1si terv\u00e9ben. Ezek r\u00e9szben megegyeznek azokkal az elv\u00e1r\u00e1sokkal, amelyeken a 2022-es v\u00e1laszt\u00e1s ut\u00e1n nem sokkal kezdem\u00e9nyezett <a href=\"https:\/\/telex.hu\/kulfold\/2022\/11\/24\/eu-tamogatas-rrf-jogallamisag\" class=\"\" rel=\"nofollow noopener\" target=\"_blank\">felt\u00e9teless\u00e9gi elj\u00e1r\u00e1sban alkudozott<\/a> az Orb\u00e1n-korm\u00e1ny az Eur\u00f3pai Bizotts\u00e1ggal. M\u00e1r csak az egyeztet\u00e9sek miatt sem \u00e9rdemes \u201eBr\u00fcsszel\u201d dikt\u00e1tum\u00e1r\u00f3l besz\u00e9lni, az elj\u00e1r\u00e1sr\u00f3l \u00e9s a helyre\u00e1ll\u00edt\u00e1si tervekr\u0151l r\u00e1ad\u00e1sul nem Belgium f\u0151v\u00e1rosa d\u00f6nt\u00f6tt, hanem bizotts\u00e1gi javaslatra a tag\u00e1llami korm\u00e1nyok test\u00fclete 2022 v\u00e9g\u00e9n. A miniszteri tan\u00e1cs szinte egyhang\u00falag d\u00f6nt\u00f6tt, csak a magyar \u00e9s az az\u00f3ta lev\u00e1ltott lengyel korm\u00e1ny nem \u00e9rtett egyet az elj\u00e1r\u00e1s megind\u00edt\u00e1s\u00e1val.<\/p>\n<p>A korm\u00e1ny 2023 v\u00e9g\u00e9ig haladt a szuperm\u00e9rf\u00f6ldk\u00f6vekkel (kezdetben f\u0151leg a m\u00e9rs\u00e9kelt gyakorlati jelent\u0151s\u00e9g\u0171 strat\u00e9gia- \u00e9s int\u00e9zm\u00e9nyalkot\u00e1si m\u00e9rf\u00f6ldk\u00f6vekkel, majd a szinte minden felz\u00e1rk\u00f3ztat\u00e1si forr\u00e1st blokkol\u00f3 <a href=\"https:\/\/telex.hu\/kulfold\/2023\/12\/13\/europai-bizottsag-igazsagugyi-csomag-jovahagyas-tamogatas\" class=\"\" rel=\"nofollow noopener\" target=\"_blank\">igazs\u00e1g\u00fcgyi csomaggal<\/a>), \u00e9s 2023 \u0151sz\u00e9n \u00fagy n\u00e9zett ki, ak\u00e1r egy teljes meg\u00e1llapod\u00e1s is k\u00f6zel lehet, de 2024 elej\u00e9n <a href=\"https:\/\/telex.hu\/kulfold\/2024\/01\/08\/navracsics-megrekedt-targyalasok-europai-unio-erasmus\" class=\"\" rel=\"nofollow noopener\" target=\"_blank\">megrekedtek a t\u00e1rgyal\u00e1sok<\/a>. A k\u00f6z\u00e9rdek\u0171vagyon-kezel\u0151 alap\u00edtv\u00e1nyokr\u00f3l (kekva) 2024 \u0151sz\u00e9n beadott, nagyr\u00e9szt \u00e9letbe se l\u00e9pett jogszab\u00e1ly m\u00e1r csak a korm\u00e1ny <a href=\"https:\/\/telex.hu\/belfold\/2024\/10\/01\/eu-kekva-modellvalto-egyetemek-jogallamisag-europai-bizottsag-europai-unio-tanacsa-torvenytervezet\" class=\"\" rel=\"nofollow noopener\" target=\"_blank\">saj\u00e1t \u00e1ll\u00e1spontj\u00e1t foglalta t\u00f6rv\u00e9nybe<\/a>, mire az Eur\u00f3pai Bizotts\u00e1g is <a href=\"https:\/\/telex.hu\/kulfold\/2024\/12\/18\/eu-europai-bizottsag-kekva-erasmus-horizont\" class=\"\" rel=\"nofollow noopener\" target=\"_blank\">kiter\u00edtette a lapjait<\/a>. B\u00f3ka J\u00e1nos volt EU-\u00fcgyi miniszter id\u00e9n m\u00e1jusban <a href=\"https:\/\/telex.hu\/kulfold\/2026\/06\/02\/eu-magyar-peter-ursula-von-der-leyen-megallapodas-helyreallitasi-alap-tamogatas-orban-viktor-magyarazo\" class=\"\" rel=\"nofollow noopener\" target=\"_blank\">arr\u00f3l besz\u00e9lt<\/a>, a 27 szuperm\u00e9rf\u00f6ldk\u0151b\u0151l \u00f6tn\u00e9l \u201emaradt vita arr\u00f3l, hogy a teljes\u00edt\u00e9s megfelel\u0151-e\u201d. Az egyik bizotts\u00e1gi elv\u00e1r\u00e1sr\u00f3l Navracsics Tibor kimondta, hogy \u201e<a href=\"https:\/\/telex.hu\/kulfold\/2026\/06\/03\/eu-navracsics-tibor-balazs-peter-andor-laszlo\" class=\"\" rel=\"nofollow noopener\" target=\"_blank\">mi nem teljes\u00edtett\u00fck<\/a>\u201d. (A felt\u00e9teleket eur\u00f3pai bizotts\u00e1gi javaslatra az EU miniszteri test\u00fclete \u00e9rt\u00e9keli, nem a magyar korm\u00e1ny oszt\u00e1lyozza le mag\u00e1t, ahogy egy vizsg\u00e1z\u00f3n\u00e1l sem \u00edgy szok\u00e1s \u2013 m\u00e9g ha a feladatokat a tan\u00e1rral egy\u00fctt \u00e1ll\u00edtan\u00e1 is \u00f6ssze, mint ahogy a helyre\u00e1ll\u00edt\u00e1si alapn\u00e1l az egyeztetett m\u00e9rf\u00f6ldk\u00f6veket is a korm\u00e1ny alkudta ki.)<\/p>\n<p>Ilyen <a href=\"https:\/\/telex.hu\/kulfold\/2026\/06\/02\/eu-magyar-peter-ursula-von-der-leyen-megallapodas-helyreallitasi-alap-tamogatas-orban-viktor-magyarazo\" class=\"\" rel=\"nofollow noopener\" target=\"_blank\">nem teljes\u00edtett felt\u00e9tel volt<\/a>, hogy <a href=\"https:\/\/telex.hu\/gazdasag\/2026\/06\/11\/kekva-magyar-peter-tisza-torvenyjavaslat\" class=\"\" rel=\"nofollow noopener\" target=\"_blank\">rendezz\u00e9k a kekv\u00e1k<\/a> \u00e1tl\u00e1that\u00f3s\u00e1gi \u00e9s \u00f6sszef\u00e9rhetetlens\u00e9gi <a href=\"https:\/\/telex.hu\/kulfold\/2024\/12\/18\/eu-europai-bizottsag-kekva-erasmus-horizont\" class=\"\" rel=\"nofollow noopener\" target=\"_blank\">gondjait<\/a>, a <a href=\"https:\/\/telex.hu\/belfold\/2026\/06\/10\/vagyonnyilatkozatok-torvenyjavaslat-szigorubb-rendszer-szankciok-integritas-hatosag\" class=\"\" rel=\"nofollow noopener\" target=\"_blank\">vagyonnyilatkozati rendszert<\/a>, az Integrit\u00e1s Hat\u00f3s\u00e1g jogk\u00f6reit, az \u00fcgy\u00e9szs\u00e9gi d\u00f6nt\u00e9sek b\u00edr\u00f3s\u00e1gi fel\u00fclvizsg\u00e1lat\u00e1t, \u00e9s teljesen bevezessenek egy uni\u00f3s kock\u00e1zatkezel\u0151 rendszert.<\/p>\n<p>A m\u00e1jusban megalakult korm\u00e1nynak \u00e9s az \u00faj Orsz\u00e1ggy\u0171l\u00e9snek r\u00e9szben ezeket kellett p\u00f3tolnia. K\u00f6zben a sima m\u00e9rf\u00f6ldk\u00f6vekkel is kezdenie kellett valamit. Ut\u00f3bbiakkal az el\u0151z\u0151 kabinet is olyan rosszul \u00e1llt, hogy <a href=\"https:\/\/telex.hu\/gazdasag\/2025\/12\/09\/eu-helyreallitasi-alap-atcsoportositas-jogallamisag\" class=\"\" rel=\"nofollow noopener\" target=\"_blank\">egy m\u00f3dos\u00edt\u00e1st tervezett<\/a>, de azt soha nem adta be (a <a href=\"https:\/\/telex.hu\/belfold\/2026\/04\/15\/valasz-online-csutortokon-magas-szintu-brusszeli-delegacio-targyal-a-tisza-parttal-budapesten\" class=\"\" rel=\"nofollow noopener\" target=\"_blank\">V\u00e1lasz Online szerint<\/a> az\u00e9rt, mert annyira elnagyolt volt).<\/p>\n<p>A lap <a href=\"https:\/\/telex.hu\/belfold\/2026\/04\/15\/valasz-online-csutortokon-magas-szintu-brusszeli-delegacio-targyal-a-tisza-parttal-budapesten\" class=\"\" rel=\"nofollow noopener\" target=\"_blank\">szerint<\/a> \u2013 \u00e9s ezt ut\u00f3lag B\u00f3ka J\u00e1nos volt EU-\u00fcgyi miniszter is meger\u0151s\u00edtette \u2013 a Tisza P\u00e1rt mellett egy csoport m\u00e1r j\u00f3val a v\u00e1laszt\u00e1s el\u0151tt is dolgozott azon, hogyan lehet megszerezni a t\u00e1mogat\u00e1sokat. Val\u00f3sz\u00edn\u0171leg ennek a hozz\u00e1\u00e1ll\u00e1snak is k\u00f6sz\u00f6nhet\u0151, hogy Magyar P\u00e9ter hetekkel a korm\u00e1ny megalakul\u00e1sa ut\u00e1n, <a href=\"https:\/\/telex.hu\/kulfold\/2026\/05\/29\/magyar-peter-ursula-von-der-leyen-unios-penzek-targyalas-helyreallitasi-alap-kohezios-penzek\" class=\"\" rel=\"nofollow noopener\" target=\"_blank\">m\u00e1jus v\u00e9g\u00e9n politikai egyezs\u00e9get k\u00f6t\u00f6tt<\/a> az Eur\u00f3pai Bizotts\u00e1got vezet\u0151 Ursula von der Leyennel nagy vonalakban arr\u00f3l, hogyan m\u00f3dos\u00edts\u00e1k a helyre\u00e1ll\u00edt\u00e1si tervet, \u00e9s hogyan teljes\u00edthetik a megmarad\u00f3 m\u00e9rf\u00f6ldk\u00f6veket. Csak 2,6 milli\u00e1rd eur\u00f3t \u00e9r\u0151 fejleszt\u00e9s volt olyan \u00e1llapotban, hogy \u00e1t tudt\u00e1k hozni az el\u0151z\u0151 tervb\u0151l, a 10 milli\u00e1rd eur\u00f3 t\u00f6bbi r\u00e9sz\u00e9t k\u00fcl\u00f6nf\u00e9le l\u00e9p\u00e9sekkel kellett megmenteni.<\/p>\n<p>A m\u00f3dos\u00edt\u00e1s bead\u00e1s\u00e1t <a href=\"https:\/\/telex.hu\/gazdasag\/2026\/06\/10\/eu-helyreallitasi-terv-modositas-europai-bizottsag\" class=\"\" rel=\"nofollow noopener\" target=\"_blank\">j\u00faniusban jelentette be<\/a> az Eur\u00f3pai Bizotts\u00e1g. Az uni\u00f3s test\u00fclet nem sokkal k\u00e9s\u0151bb j\u00f3v\u00e1hagy\u00e1sra is javasolta a dokumentumot. Ezt Magyar P\u00e9ter <a href=\"https:\/\/telex.hu\/kulfold\/2026\/06\/19\/eu-europai-tanacs-magyar-peter-sajtotajekoztato\" class=\"\" rel=\"nofollow noopener\" target=\"_blank\">j\u00faniusban k\u00f6z\u00f6lte<\/a>, majd j\u00falius 10-\u00e9n K\u00e1rm\u00e1n Andr\u00e1s p\u00e9nz\u00fcgyminiszterhez hasonl\u00f3an \u0151 is <a href=\"https:\/\/telex.hu\/gazdasag\/2026\/07\/10\/eu-europai-unio-tanacsa-helyreallitasi-terv-penzugyminiszterek-jovahagyas\" class=\"\" rel=\"nofollow noopener\" target=\"_blank\">meger\u0151s\u00edtette a tag\u00e1llami miniszterek k\u00f6zlem\u00e9ny\u00e9t<\/a> a terv elfogad\u00e1s\u00e1r\u00f3l.<\/p>\n<p>Csendben \u00e1tment egy m\u00f3dos\u00edt\u00e1s<\/p>\n<p>Amit m\u00e1r senki nem vert nagy dobra, de az Eur\u00f3pai Bizotts\u00e1g <a href=\"https:\/\/ec.europa.eu\/economy_finance\/recovery-and-resilience-scoreboard\/timeline.html?country=Hungary\" target=\"_blank\" rel=\"nofollow noopener\">magyar helyre\u00e1ll\u00edt\u00e1si tervr\u0151l sz\u00f3l\u00f3 aloldal\u00e1n l\u00e1tszik<\/a>, hogy nagyj\u00e1b\u00f3l k\u00e9t h\u00e9ttel k\u00e9s\u0151bb egy k\u00fcl\u00f6n m\u00f3dos\u00edt\u00e1st is beadtak. Ezt augusztus 5-\u00e9n \u00e9rt\u00e9kelte az Eur\u00f3pai Bizotts\u00e1g, \u00e9s j\u00f3v\u00e1hagy\u00e1sra javasolta a miniszteri tan\u00e1csnak. A tag\u00e1llami korm\u00e1nyok test\u00fclete egy augusztus 25-i d\u00e1tum\u00fa dokumentummal, az Eur\u00f3pai Bizotts\u00e1g oldala szerint augusztus 27-\u00e9n hagyta j\u00f3v\u00e1 \u2013 azaz n\u00e9h\u00e1ny munkanappal a 31-i hat\u00e1rid\u0151 el\u0151tt. Az Eur\u00f3pai Bizotts\u00e1g \u00e9s a Tan\u00e1cs hallgatags\u00e1g\u00e1t az indokolhatja, hogy a hagyom\u00e1nyos augusztusi le\u00e1ll\u00e1s k\u00f6zben egy\u00e1ltal\u00e1n nem csak a magyar korm\u00e1ny igyekezett csiszolni a c\u00e9lokon, hogy \u00e1thelyez\u00e9sekkel ker\u00fclhesse el a lass\u00fa fejleszt\u00e9sek, reformok miatti forr\u00e1sveszt\u00e9st. A magyarral egy\u00fctt t\u00edz m\u00e1sik tag\u00e1llam terv\u00e9nek m\u00f3dos\u00edt\u00e1s\u00e1t hagyt\u00e1k j\u00f3v\u00e1, de err\u0151l m\u00e9g k\u00f6z\u00f6s k\u00f6zlem\u00e9nyt sem adtak ki.<\/p>\n<p>A <a href=\"https:\/\/data.consilium.europa.eu\/doc\/document\/ST-12337-2026-INIT\/hu\/pdf\" target=\"_blank\" rel=\"nofollow noopener\">magyar m\u00f3dos\u00edt\u00f3<\/a> arra hivatkozott, hogy \u201ea terv megval\u00f3s\u00edt\u00e1sa objekt\u00edv k\u00f6r\u00fclm\u00e9nyek miatt r\u00e9szben ellehetetlen\u00fclt\u201d. Egy int\u00e9zked\u00e9s v\u00e9gleges\u00edt\u00e9s\u00e9re \u2013 amely a saj\u00e1tos nevel\u00e9si ig\u00e9ny\u0171 tanul\u00f3k oktat\u00e1s\u00e1nak t\u00e1mogat\u00e1s\u00e1r\u00f3l sz\u00f3lt \u2013 m\u00e1r nem maradt id\u0151. Itt az Orb\u00e1n-korm\u00e1ny eredetileg 2023-ra \u00edg\u00e9rt \u201efelt\u00e9rk\u00e9pez\u00e9st\u201d, majd 2026-ra 5000 tan\u00e1r tov\u00e1bbk\u00e9pz\u00e9s\u00e9t akkredit\u00e1lt, 30-60 \u00f3r\u00e1s k\u00e9pz\u00e9sekkel, az \u201eutaztat\u00e1si \u00e9s a speci\u00e1lis eszk\u00f6zk\u00f6lcs\u00f6nz\u0151 szolg\u00e1ltat\u00e1sok fejleszt\u00e9s\u00e9vel\u201d. A Magyar-korm\u00e1ny els\u0151 m\u00f3dos\u00edt\u00f3ja ugyan meghagyta a c\u00e9lt, de gyakorlatilag a 21 milli\u00f3 eur\u00f3s \u00f6sszegen k\u00edv\u00fcl kiszedte a konkr\u00e9t v\u00e1llal\u00e1sokat a tan\u00e1rok, di\u00e1kok, iskol\u00e1k sz\u00e1m\u00e1r\u00f3l, ami arra utal, hogy ezekn\u00e9l a m\u00e9r\u0151sz\u00e1mokn\u00e1l m\u00e1r eleve be\u00e9rhetetlennek tartott\u00e1k a lemarad\u00e1st. A m\u00e1sodikkal teljesen kivett\u00e9k az eg\u00e9szet. Ez azt jelenti, hogy nem az EU-val fizettetik ki, de \u00fagy t\u0171nik, a magyar k\u00f6lts\u00e9gvet\u00e9sb\u0151l \u00e1llj\u00e1k. <a href=\"https:\/\/www.palyazat.gov.hu\/kozlemenyek\/modosult-a-a-sajatos-nevelesi-igenyu-a-tartos-gyogykezeles-alatt-allo-es-a-pedagogiai-szakszolgalati-ellatast-igenylo-gyermekeket-tanulokat-ellato-intezmenyek-szakmai-fejlesztesenek-tamogatasa-cimu-rrf-1-2-4-25-kodszamu-felhivas-5\" target=\"_blank\" rel=\"nofollow noopener\">J\u00falius k\u00f6zep\u00e9n m\u00f3dos\u00edtott\u00e1k a ki\u00edr\u00e1st<\/a>, \u00e9s a hat\u00e1rid\u0151t okt\u00f3ber v\u00e9g\u00e9re m\u00f3dos\u00edtott\u00e1k \u2013 azaz kics\u00fasztak volna az augusztus v\u00e9gi uni\u00f3s hat\u00e1rid\u0151b\u0151l, de nem t\u00f6r\u00f6lt\u00e9k a p\u00e1ly\u00e1zatot.<\/p>\n<p>A m\u00e9rf\u00f6ldk\u00f6vek k\u00f6z\u00fcl 35 m\u00e1sikat m\u00f3dos\u00edtottak \u201eolyan jobb alternat\u00edv\u00e1k megval\u00f3s\u00edt\u00e1sa \u00e9rdek\u00e9ben, amelyek lehet\u0151v\u00e9 teszik az adminisztrat\u00edv terhek cs\u00f6kkent\u00e9s\u00e9t\u201d \u00e9s az egyszer\u0171s\u00edt\u00e9st, de tov\u00e1bbra is megval\u00f3s\u00edtj\u00e1k a c\u00e9lokat. A 11 r\u00e9sz mindegyik\u00e9ben v\u00e1ltoztattak a k\u00f6znevel\u00e9st\u0151l kezdve a v\u00edzgazd\u00e1lkod\u00e1son \u00e1t az energiak\u00f6z\u00f6ss\u00e9gekig. A <a href=\"https:\/\/data.consilium.europa.eu\/doc\/document\/ST-12337-2026-ADD-1-REV-1\/hu\/pdf\" target=\"_blank\" rel=\"nofollow noopener\">m\u00f3dos\u00edt\u00e1s mell\u00e9klete alapj\u00e1n<\/a> a 10 milli\u00e1rd eur\u00f3s v\u00e9g\u00f6sszeg nem v\u00e1ltozott.<\/p>\n<p>A parlament a szok\u00e1sokt\u00f3l elt\u00e9r\u0151en nem tartott ny\u00e1ri sz\u00fcnetet, r\u00e9szben az\u00e9rt, hogy mindennel v\u00e9gezni tudjanak az augusztus v\u00e9gi hat\u00e1rid\u0151re. Vit\u00e9zy h\u00e9tf\u0151n <a href=\"https:\/\/www.facebook.com\/vitezydavid\/posts\/pfbid02wipRe1nMSQLKeRHS9AQvUCBCwbY4fDNvZyY5LkwYq5yxsbHPz4R99UM39AdWufq5l?locale=hu_HU\" target=\"_blank\" rel=\"nofollow noopener\">arr\u00f3l \u00edrt<\/a>, hogy a munk\u00e1ban \u201ecsak az \u00e1llami oldalon mintegy 3000 ember vett r\u00e9szt\u201d (t\u00f6bbek k\u00f6z\u00f6tt a Magyar Fejleszt\u00e9si Bank [MFB] \u00e9s a Budapesti K\u00f6zleked\u00e9si K\u00f6zpont [BKK] munkat\u00e1rsainak is volt dolguk a ny\u00e1ron a p\u00e9nzment\u00e9ssel).<\/p>\n<p>Biztosan nem j\u00e1runk \u00fagy, mint Rom\u00e1nia, de mi van a fideszes alkotm\u00e1nyb\u00edr\u00f3s\u00e1gi beadv\u00e1nnyal?<\/p>\n<p>A m\u00f3dos\u00edt\u00e1s \u00e9s a korm\u00e1ny bejelent\u00e9se azt jelenti, hogy nincs garant\u00e1lt forr\u00e1sveszt\u00e9s a 10 milli\u00e1rd eur\u00f3b\u00f3l. Az m\u00e1r most biztos, hogy nem minden tag\u00e1llamban siker\u00fclt ugyanez. P\u00e9ld\u00e1ul Rom\u00e1nia korm\u00e1nya m\u00e1r hi\u00e1ba van t\u00fal n\u00e9gy kifizet\u00e9si k\u00e9relmen, v\u00e1rhat\u00f3an 770 milli\u00f3 eur\u00f3ja \u00faszik el, miut\u00e1n <a href=\"https:\/\/transtelex.ro\/kozelet\/2026\/08\/27\/770-millio-euro-unios-forras-kozalkalmazotti-bertorveny\" target=\"_blank\" rel=\"nofollow noopener\">h\u00f3napokig szerencs\u00e9tlenkedett egy sz\u00fcks\u00e9ges reformmal<\/a>.<\/p>\n<p>Vit\u00e9zy arr\u00f3l besz\u00e9lt, hogy a munka k\u00f6zben folyamatosan egyeztettek az Eur\u00f3pai Bizotts\u00e1ggal. Nem tette hozz\u00e1, de ezt az indokolhatta, hogy a magyar korm\u00e1nynak egyetlen k\u00e9relemre lesz ideje, azaz<\/p>\n<p>ha a v\u00e9gelsz\u00e1mol\u00e1sn\u00e1l kider\u00fcl valami probl\u00e9ma, p\u00e9ld\u00e1ul egy fejleszt\u00e9st szab\u00e1lytalanul hajtottak v\u00e9gre, m\u00e1r nem lesz jav\u00edt\u00e1si es\u00e9ly.<\/p>\n<p>Legal\u00e1bb egy gyan\u00fas esetet, a <a href=\"https:\/\/telex.hu\/gazdasag\/2026\/07\/16\/integritas-hatosag-gondosora-feljelentes\" class=\"\" rel=\"nofollow noopener\" target=\"_blank\">feljelent\u00e9shez<\/a> vezet\u0151 Gondos\u00f3ra programot <a href=\"https:\/\/telex.hu\/gazdasag\/2026\/07\/23\/eu-helyreallitasi-terv-gondosora\" class=\"\" rel=\"nofollow noopener\" target=\"_blank\">m\u00e9g idej\u00e9ben siker\u00fclt lef\u00fclelni<\/a>, \u00edgy le tudt\u00e1k cser\u00e9lni, de ha egy hasonl\u00f3 \u00fcgy csak ut\u00f3lag bukik ki, akkor az augusztus v\u00e9gi hat\u00e1rid\u0151 miatt m\u00e1r nem lehet m\u00e1ssal p\u00f3tolni.<\/p>\n<p><img decoding=\"async\" src=\"https:\/\/www.europesays.com\/hu\/wp-content\/uploads\/2026\/09\/1788267974-temp-5ggvo65uog5q6giphmp_cikktorzs:xl.jpg\"  loading=\"lazy\" alt=\"Koncz Zs\u00f3fia, a Kultur\u00e1lis \u00e9s Innov\u00e1ci\u00f3s Miniszt\u00e9rium csal\u00e1dok\u00e9rt felel\u0151s \u00e1llamtitk\u00e1ra, a t\u00e9rs\u00e9g fideszes orsz\u00e1ggy\u0171l\u00e9si k\u00e9pvisel\u0151je besz\u00e9det mond a Gondos\u00f3ra csal\u00e1di napon, Szerencsen, a Kulcs\u00e1r Anita V\u00e1rosi Sportcsarnokban, 2026. febru\u00e1r 15-\u00e9n \u2013 Fot\u00f3: Erd\u0151s J\u00f3zsef \/ MTI\" class=\"placeholder_\"\/><\/p>\n<p>Koncz Zs\u00f3fia, a Kultur\u00e1lis \u00e9s Innov\u00e1ci\u00f3s Miniszt\u00e9rium csal\u00e1dok\u00e9rt felel\u0151s \u00e1llamtitk\u00e1ra, a t\u00e9rs\u00e9g fideszes orsz\u00e1ggy\u0171l\u00e9si k\u00e9pvisel\u0151je besz\u00e9det mond a Gondos\u00f3ra csal\u00e1di napon, Szerencsen, a Kulcs\u00e1r Anita V\u00e1rosi Sportcsarnokban, 2026. febru\u00e1r 15-\u00e9n \u2013 Fot\u00f3: Erd\u0151s J\u00f3zsef \/ MTI<\/p>\n<p>A m\u00e1sik kock\u00e1zatot a szuperm\u00e9rf\u00f6ldk\u00f6vek teljes\u00edt\u00e9s\u00e9hez kapcsol\u00f3d\u00f3 perek jelenthetik. A 27 el\u0151felt\u00e9tel k\u00f6z\u00fcl n\u00e9gy teljes\u00edt\u00e9s\u00e9r\u0151l van egy v\u00e9gleges d\u00f6nt\u00e9sn\u00e9l pap\u00edr. Ez az igazs\u00e1g\u00fcgyi reformcsomag, amely <a href=\"https:\/\/telex.hu\/kulfold\/2022\/12\/22\/europai-unio-kohezios-tamogatas-europai-bizottsag-jogallamisag\" class=\"\" rel=\"nofollow noopener\" target=\"_blank\">2022 v\u00e9g\u00e9n egy m\u00e1sik elj\u00e1r\u00e1sban<\/a> szinte minden felz\u00e1rk\u00f3ztat\u00e1si t\u00e1mogat\u00e1st befagyasztott a rendes uni\u00f3s k\u00f6lts\u00e9gvet\u00e9sb\u0151l. Ann\u00e1l az eszk\u00f6zn\u00e9l <a href=\"https:\/\/telex.hu\/kulfold\/2023\/12\/13\/europai-bizottsag-igazsagugyi-csomag-jovahagyas-tamogatas\" class=\"\" rel=\"nofollow noopener\" target=\"_blank\">2023 v\u00e9g\u00e9re fogadtatta el<\/a> a magyar korm\u00e1ny, hogy teljes\u00edtette az igazs\u00e1g\u00fcgyi elv\u00e1r\u00e1sokat, de Orb\u00e1n Viktor kor\u00e1bban nem is titkolta, hogy ezt az uni\u00f3s k\u00f6lts\u00e9gvet\u00e9s f\u00e9l\u00e9vi vizsg\u00e1lat\u00e1val akarta kizsarolni. Az Eur\u00f3pai Parlament (EP) pert ind\u00edtott az Eur\u00f3pai Bizotts\u00e1g d\u00f6nt\u00e9se ellen, \u00e9s hi\u00e1ba avatkozott be ut\u00f3bbi oldal\u00e1n a Fidesz-korm\u00e1ny, egy el\u0151zetes b\u00edr\u00f3s\u00e1gi v\u00e9lem\u00e9ny \u2013 amelyet \u00e1ltal\u00e1ban az \u00edt\u00e9let is k\u00f6vet \u2013 <a href=\"https:\/\/telex.hu\/gazdasag\/2026\/02\/12\/eu-europai-unio-birosaga-europai-parlament-europai-bizottsag-per-tamogatas-kohezios-alap-helyreallitasi-alap-igazsagugy-jogallamisag\" class=\"\" rel=\"nofollow noopener\" target=\"_blank\">megsemmis\u00edten\u00e9 a bizotts\u00e1gi j\u00f3v\u00e1hagy\u00f3 d\u00f6nt\u00e9st<\/a>. A korm\u00e1ny szerencs\u00e9je az lehet, hogy ez az \u00fcgy a rendes k\u00f6lts\u00e9gvet\u00e9sr\u0151l sz\u00f3l. Ha az \u00edt\u00e9let p\u00e9ld\u00e1ul csak annyit mond ki, hogy 2023 v\u00e9g\u00e9n nem teljes\u00fcltek a felt\u00e9telek, valamint nem volt megfelel\u0151 a bizotts\u00e1gi indokl\u00e1s, nyitva hagyhatja az ajt\u00f3t azel\u0151tt, hogy az elv\u00e1r\u00e1sok id\u0151k\u00f6zbeni teljes\u00fcl\u00e9s\u00e9t kimond\u00f3 \u00faj \u00e9rt\u00e9kel\u00e9ssel, a helyre\u00e1ll\u00edt\u00e1si alapt\u00f3l f\u00fcggetlen\u00fcl lezavarj\u00e1k az eg\u00e9szet. Magyar P\u00e9ter cs\u00fct\u00f6rt\u00f6k\u00f6n ezt \u00fajabb Damokl\u00e9sz kardj\u00e1nak nevezte, amely miatt kor\u00e1bban odaadott p\u00e9nzek is vesz\u00e9lybe ker\u00fclhetnek. \u201eEz\u00e9rt is dolgoznunk, ez\u00e9rt is lobbiznunk kell\u201d p\u00e9ld\u00e1ul az EP-n\u00e9l, hogy vonja vissza vagy ak\u00e1r csak f\u00fcggessze fel a pert \u2013 mondta a minisztereln\u00f6k a <a href=\"https:\/\/telex.hu\/belfold\/2026\/09\/03\/kormanyzati-tajekoztato-kormanyinfo-magyar-peter\" class=\"\" rel=\"nofollow noopener\" target=\"_blank\">korm\u00e1ny heti sajt\u00f3t\u00e1j\u00e9koztat\u00f3j\u00e1n<\/a>.<\/p>\n<p>Bonyolultabb lehet a helyzet a fideszes \u00e9s KDNP-s k\u00e9pvisel\u0151k <a href=\"https:\/\/telex.hu\/belfold\/2026\/07\/24\/eu-alkotmanybirosag-fidesz-kdnp-normakontroll-szupermerfoldkovek\" class=\"\" rel=\"nofollow noopener\" target=\"_blank\">alkotm\u00e1nyb\u00edr\u00f3s\u00e1gi beadv\u00e1ny\u00e1n\u00e1l<\/a>, amellyel egy t\u00f6bb szuperm\u00e9rf\u00f6ldk\u00f6vet teljes\u00edt\u0151 jogszab\u00e1lyt t\u00e1madtak meg. A vagyonnyilatkozati rendszer \u00e1talak\u00edt\u00e1s\u00e1r\u00f3l, a k\u00f6z\u00e9rdek\u0171vagyon-kezel\u0151 alap\u00edtv\u00e1nyokr\u00f3l \u00e9s az IH jogk\u00f6reir\u0151l sz\u00f3l\u00f3 t\u00f6rv\u00e9ny eg\u00e9sz\u00e9t megsemmis\u00edttetn\u00e9k egyeztet\u00e9si hi\u00e1nyoss\u00e1gokra hivatkozva. Ha az Alkotm\u00e1nyb\u00edr\u00f3s\u00e1g m\u00e9gsem \u00e9rt ezzel egyet, m\u00e9g mindig megpr\u00f3b\u00e1ln\u00e1nak kil\u0151ni bel\u0151le bizonyos r\u00e9szeket.<\/p>\n<p>A test\u00fclet hi\u00e1ba foglalkozott m\u00e1r augusztusban a volt korm\u00e1nyp\u00e1rtok ind\u00edtv\u00e1nyaival \u00e9s <a href=\"https:\/\/telex.hu\/belfold\/2026\/08\/14\/alkotmanybirosag-fidesz-kekvak-megszuntetese-alaptorveny-modositas\" class=\"\" rel=\"nofollow noopener\" target=\"_blank\">s\u00f6p\u00f6rte le az asztalr\u00f3l<\/a> az alkotm\u00e1nym\u00f3dos\u00edt\u00e1sr\u00f3l sz\u00f3l\u00f3 r\u00e9szeiket, a szuperm\u00e9rf\u00f6ldk\u00f6ves jogszab\u00e1lyt lev\u00e1lasztotta \u00e9s k\u00e9s\u0151bb t\u00e1rgyalja. \u00cdgy arra m\u00e1r biztosan nincs es\u00e9ly, hogy az augusztus v\u00e9gi hat\u00e1rid\u0151 el\u0151tt korrig\u00e1ljanak a jogszab\u00e1lyon, ha kell. B\u00f3ka j\u00faliusban <a href=\"https:\/\/www.facebook.com\/reel\/1545261317384051\" target=\"_blank\" rel=\"nofollow noopener\">azzal \u00e9rvelt<\/a>, hogy az Alkotm\u00e1nyb\u00edr\u00f3s\u00e1g \u201eolyan rugalmas megold\u00e1sokat k\u00edn\u00e1lhat, ami az uni\u00f3s forr\u00e1sok hazahozatal\u00e1t nem vesz\u00e9lyezteti\u201d, szerinte az EP uni\u00f3s b\u00edr\u00f3s\u00e1gi beadv\u00e1nya a vesz\u00e9lyes, mert azzal \u201eelvesz\u00edti\u201d az eddig megszerzett \u00e9s ut\u00e1na megszerezhet\u0151 forr\u00e1sokat is. (A bizotts\u00e1gi d\u00f6nt\u00e9s a rendes k\u00f6lts\u00e9gvet\u00e9sr\u0151l sz\u00f3lt, amely hivatalosan 2027 v\u00e9g\u00e9ig tart, de m\u00e9g ut\u00e1na is p\u00e1r \u00e9vig ki lehet fizetni bel\u0151le p\u00e9nzt, \u00edgy m\u00e9g b\u0151ven lenne id\u0151 korrig\u00e1lni, hogy ne legyen bel\u0151le forr\u00e1sveszt\u00e9s.)<\/p>\n<p>Egyel\u0151re \u00fcres az <a href=\"https:\/\/alkotmanybirosag.hu\/a-testuleti-ulesek-napirendje\/\" target=\"_blank\" rel=\"nofollow noopener\">Alkotm\u00e1nyb\u00edr\u00f3s\u00e1g nyilv\u00e1nos napirendje<\/a> a k\u00f6vetkez\u0151 h\u00f3napokra, \u00e9s az EU b\u00edr\u00f3s\u00e1g\u00e1nak <a href=\"https:\/\/curia.europa.eu\/site\/jcms\/d2_5117\/hu\/?dateDebutDisplay=2026.08.31&amp;dateDebut=2026.08.31&amp;dateFinDisplay=&amp;dateFin=&amp;type=&amp;juridiction=&amp;langueProc=&amp;numAffaire=C-225%2F24&amp;nomPartie=&amp;tri=&amp;langue=hu\" target=\"_blank\" rel=\"nofollow noopener\">t\u00e1rgyal\u00e1si jegyz\u00e9k\u00e9ben<\/a> sem l\u00e1tszik, mikor hirdetn\u00e9nek \u00edt\u00e9letet a befagyaszt\u00e1st felold\u00f3 d\u00f6nt\u00e9sr\u0151l.<\/p>\n<p>M\u00e9g van munka, k\u00f6zben j\u00f6n a k\u00f6vetkez\u0151 vessz\u0151fut\u00e1s<\/p>\n<p>Ami biztos, hogy a helyre\u00e1ll\u00edt\u00e1si alapn\u00e1l szeptember v\u00e9g\u00e9ig kell beadni a kifizet\u00e9si k\u00e9relmeket, \u00e9s december v\u00e9g\u00e9ig utalhatj\u00e1k a p\u00e9nzt. Az Eur\u00f3pai Bizotts\u00e1g <a href=\"https:\/\/ec.europa.eu\/commission\/presscorner\/detail\/en\/ip_26_1771\" target=\"_blank\" rel=\"nofollow noopener\">h\u00e9tf\u0151i k\u00f6zlem\u00e9nye<\/a> alapj\u00e1n az 573 milli\u00e1rd eur\u00f3b\u00f3l eddig 440-et h\u00edvtak le a tag\u00e1llami korm\u00e1nyok, 133 m\u00e9g h\u00e1travan. Magyarul ahogy sz\u00e1m\u00edtani lehetett r\u00e1, m\u00e1shol is nagy v\u00e9ghajr\u00e1 kell, b\u00e1r sehol sem akkora, mint Magyarorsz\u00e1gon.<\/p>\n<p>A magyar korm\u00e1ny m\u00e1r tavaly egyed\u00fcl maradt azzal, hogy egyetlen rendes kifizet\u00e9si k\u00e9relmet sem adott be. Eddig csak egy <a href=\"https:\/\/telex.hu\/kulfold\/2024\/01\/15\/rrf-eloleg-2-reszlet\" class=\"\" rel=\"nofollow noopener\" target=\"_blank\">k\u00f6zel egymilli\u00e1rd eur\u00f3s potyael\u0151leget<\/a> kapott a hazai k\u00f6lts\u00e9gvet\u00e9s egy 2023-as m\u00f3dos\u00edt\u00e1s miatt. Azt az uni\u00f3s energiatervet haszn\u00e1lta ki, amellyel az EU f\u00fcggetlenebb\u00e9 v\u00e1lna az orosz energi\u00e1t\u00f3l. Egy\u00fattal \u2013 <a href=\"https:\/\/telex.hu\/kulfold\/2022\/04\/02\/orban-viktor-rrf-helyreallitasi-alap-hitelkeret\" class=\"\" rel=\"nofollow noopener\" target=\"_blank\">sorosoz\u00e1s \u00e9s nagy kacskaring\u00f3k ut\u00e1n<\/a> \u2013 <a href=\"https:\/\/telex.hu\/gazdasag\/2023\/08\/31\/hitelkerelem-magyarorszag-europai-bizottsag-helyreallitasi-alap-infrastruktura-zold-atallas\" class=\"\" rel=\"nofollow noopener\" target=\"_blank\">k\u00e9rt a helyre\u00e1ll\u00edt\u00e1si terv hitelr\u00e9sz\u00e9b\u0151l<\/a> is. A 6,5 milli\u00e1rd eur\u00f3 vissza nem t\u00e9r\u00edtend\u0151 forr\u00e1s mell\u00e9 3,9-et ig\u00e9nyelt, ami a leh\u00edvhat\u00f3 keret nagyj\u00e1b\u00f3l harmada volt. Magyarul a Fidesz-korm\u00e1ny nem k\u00e9rte a kedvezm\u00e9nyes k\u00f6lcs\u00f6n k\u00f6zel k\u00e9tharmad\u00e1t, mik\u00f6zben <a href=\"https:\/\/telex.hu\/g7\/penz\/2025\/04\/13\/olyan-sokba-kerul-az-allamadossag-torlesztes-hogy-kodolva-van-magyarorszag-lemaradasa\" class=\"\" rel=\"nofollow noopener\" target=\"_blank\">kiugr\u00f3an dr\u00e1g\u00e1n finansz\u00edrozta<\/a> az ad\u00f3ss\u00e1g\u00e1t, de els\u0151sorban forr\u00e1skiv\u00e1lt\u00e1sra <a href=\"https:\/\/telex.hu\/gazdasag\/2023\/02\/06\/lantos-csaba-es-navracsics-tibor-soha-nem-latott-kozel-6000-milliard-forintos-energiatervet-keszit\" class=\"\" rel=\"nofollow noopener\" target=\"_blank\">akarta haszn\u00e1lni a hitelr\u00e9szt<\/a>, eleve nem a teljes keret felhaszn\u00e1l\u00e1s\u00e1ra ment r\u00e1. A j\u00faniusi m\u00f3dos\u00edt\u00e1s ebb\u0151l engedett el 0,4 milli\u00e1rd eur\u00f3t, b\u00e1r <a href=\"https:\/\/telex.hu\/gazdasag\/2026\/05\/07\/eu-helyreallitasi-alap-hitel-politico-nepszava\" class=\"\" rel=\"nofollow noopener\" target=\"_blank\">sajt\u00f3inform\u00e1ci\u00f3k alapj\u00e1n<\/a> az Eur\u00f3pai Bizotts\u00e1g az eg\u00e9sz hitelr\u00e9szt dobatta volna a <a href=\"https:\/\/telex.hu\/gazdasag\/2026\/05\/21\/eu-europai-bizottsag-gazdasagi-elorejelzes-gdp-koltsegvetesi-hiany-tulzottdeficit-eljaras\" class=\"\" rel=\"nofollow noopener\" target=\"_blank\">2024 \u00f3ta t\u00falk\u00f6ltekez\u00e9si elj\u00e1r\u00e1s alatt \u00e1ll\u00f3<\/a> magyar korm\u00e1nnyal, mert ronthat a k\u00f6lts\u00e9gvet\u00e9s helyzet\u00e9n. Magyar P\u00e9ter szerint az <a href=\"https:\/\/telex.hu\/belfold\/2026\/05\/30\/magyar-peter-bejelentette-hogy-megegyeztek-tovabbi-ketmilliard-euronyi-unios-forras-felszabaditasarol\" class=\"\" rel=\"nofollow noopener\" target=\"_blank\">utols\u00f3 \u00f3r\u00e1kban alkudtak ki<\/a> plusz k\u00e9tmilli\u00e1rd eur\u00f3t, de ett\u0151l m\u00e9g f\u00e9lrevezet\u0151, amikor a \u201eteljes\u201d keret meg\u0151rz\u00e9s\u00e9r\u0151l besz\u00e9lnek.<\/p>\n<p>A p\u00e9nz egy r\u00e9sz\u00e9vel m\u00e9g mindig van munka, mert \u00fagy mentette meg a korm\u00e1ny, hogy az EU kifizeti, de val\u00f3j\u00e1ban egy \u00e1tt\u00e9ttel k\u00e9s\u0151bb k\u00f6ltik el, b\u00e1r ez m\u00e1r nem befoly\u00e1solja, megkapja-e a p\u00e9nzt Magyarorsz\u00e1g. Ilyen az MFB t\u0151keemel\u00e9se. Ebb\u0151l majd kis- \u00e9s k\u00f6z\u00e9pv\u00e1llalkoz\u00e1sokat t\u00e1mogatnak, \u00e9s 550 milli\u00e1rd forintos lak\u00e1sprogramot ind\u00edtanak. Ut\u00f3bbit egy friss korm\u00e1nyhat\u00e1rozat alapj\u00e1n <a href=\"https:\/\/telex.hu\/gazdasag\/2026\/09\/01\/wekerle-lakasepitesi-program-berlakasok-kiemelt-beruhazasok\" class=\"\" rel=\"nofollow noopener\" target=\"_blank\">szeptember v\u00e9g\u00e9ig kell Vit\u00e9zy\u00e9knek el\u0151k\u00e9sz\u00edteni\u00fck<\/a>. Egy k\u00fcl\u00f6n t\u00e1rsas\u00e1got is alap\u00edtottak, amely a terv szerint t\u00f6bb mint 600 milli\u00e1rd forintnyi p\u00e9nzb\u0151l vesz majd H\u00c9V-szerelv\u00e9nyeket \u00e9s motorvonatokat.<\/p>\n<p>A p\u00e9nz egy r\u00e9sz\u00e9t r\u00e1ad\u00e1sul a rendes uni\u00f3s k\u00f6lts\u00e9gvet\u00e9sb\u0151l m\u00e1r megval\u00f3s\u00edtott fejleszt\u00e9sekb\u0151l csoportos\u00edtott\u00e1k \u00e1t, miut\u00e1n \u00faj projektekre alig lett volna id\u0151. M\u00e9g a h\u00e9tf\u0151i hat\u00e1rid\u0151 napj\u00e1n is ilyen trolikat adtak \u00e1t Vit\u00e9zy\u00e9k. A miniszter szerint a CAF-villamosok hivatalos \u00e1t\u00edr\u00e1sa lehetett az utols\u00f3 dokumentum, amelyre v\u00e1rtak. Ezzel a forr\u00e1sv\u00e1lt\u00e1ssal id\u0151t nyertek, mert a rendes uni\u00f3s k\u00f6lts\u00e9gvet\u00e9s hivatalosan 2027 v\u00e9g\u00e9ig tart, \u00e9s p\u00e1r \u00e9vig m\u00e9g ut\u00e1na is lehet k\u00e9rni bel\u0151le p\u00e9nzt, de ett\u0151l m\u00e9g be kell majd t\u00f6mni az \u00e1tcsoportos\u00edt\u00e1ssal keletkezett lyukat, amely a j\u00faniusi inform\u00e1ci\u00f3ink szerint 1,1 milli\u00e1rd eur\u00f3s (ez az augusztusban elfogadott m\u00f3dos\u00edt\u00e1ssal v\u00e1ltozhatott).<\/p>\n<p><img decoding=\"async\" src=\"https:\/\/www.europesays.com\/hu\/wp-content\/uploads\/2026\/09\/1788268814-temp-k63c6rms2cpr5ihjiaf_cikktorzs:xl.jpg\"  loading=\"lazy\" alt=\"Bodor \u00c1d\u00e1m, a Budapesti K\u00f6zleked\u00e9si K\u00f6zpont Zrt. mobilit\u00e1si vez\u00e9rigazgat\u00f3-helyettese, Kar\u00e1csony Gergely f\u0151polg\u00e1rmester, Vit\u00e9zy D\u00e1vid k\u00f6zleked\u00e9si \u00e9s beruh\u00e1z\u00e1si miniszter \u00e9s R\u00f3zsa Andr\u00e1s a XIV. ker\u00fclet polg\u00e1rmestere a Budapesti trolibusz j\u00e1rm\u0171beszerz\u00e9s III. \u00fctem \u00e9s az \u00e1llatkerti deltav\u00e1g\u00e1ny ki\u00e9p\u00edt\u00e9se c\u00edm\u0171 projekt z\u00e1r\u00f3rendezv\u00e9ny\u00e9n tartott sajt\u00f3t\u00e1j\u00e9koztat\u00f3n, a 81-es trolibusz K\u00f3s K\u00e1roly s\u00e9t\u00e1ny meg\u00e1ll\u00f3j\u00e1ban, 2026. augusztus 31-\u00e9n \u2013 Fot\u00f3: Kocsis Zolt\u00e1n \/ MTI\" class=\"placeholder_\"\/><\/p>\n<p>Bodor \u00c1d\u00e1m, a Budapesti K\u00f6zleked\u00e9si K\u00f6zpont Zrt. mobilit\u00e1si vez\u00e9rigazgat\u00f3-helyettese, Kar\u00e1csony Gergely f\u0151polg\u00e1rmester, Vit\u00e9zy D\u00e1vid k\u00f6zleked\u00e9si \u00e9s beruh\u00e1z\u00e1si miniszter \u00e9s R\u00f3zsa Andr\u00e1s a XIV. ker\u00fclet polg\u00e1rmestere a Budapesti trolibusz j\u00e1rm\u0171beszerz\u00e9s III. \u00fctem \u00e9s az \u00e1llatkerti deltav\u00e1g\u00e1ny ki\u00e9p\u00edt\u00e9se c\u00edm\u0171 projekt z\u00e1r\u00f3rendezv\u00e9ny\u00e9n tartott sajt\u00f3t\u00e1j\u00e9koztat\u00f3n, a 81-es trolibusz K\u00f3s K\u00e1roly s\u00e9t\u00e1ny meg\u00e1ll\u00f3j\u00e1ban, 2026. augusztus 31-\u00e9n \u2013 Fot\u00f3: Kocsis Zolt\u00e1n \/ MTI<\/p>\n<p>A felz\u00e1rk\u00f3ztat\u00e1si forr\u00e1sokn\u00e1l a korm\u00e1ny ugyanolyan probl\u00e9m\u00e1t \u00f6r\u00f6k\u00f6lt, mint a helyre\u00e1ll\u00edt\u00e1si alapn\u00e1l: az el\u0151dje lassan haladt az el\u0151finansz\u00edrozott fejleszt\u00e9sekkel. Orb\u00e1n 2024 szeptember\u00e9ben m\u00e9g azzal b\u00fcszk\u00e9lkedett, hogy Magyarorsz\u00e1g az \u201eels\u0151 vagy m\u00e1sodik helyen\u201d \u00e1ll a forr\u00e1sfelhaszn\u00e1l\u00e1s gyorsas\u00e1g\u00e1ban, de ez m\u00e1r akkor is legfeljebb <a href=\"https:\/\/telex.hu\/gazdasag\/2024\/09\/11\/eu-tamogatas-kohezio-jogallamisag-orban-12-5-milliard-euro\" class=\"\" rel=\"nofollow noopener\" target=\"_blank\">csak a k\u00f6ztes kifizet\u00e9sekre volt igaz<\/a>, az\u00f3ta pedig fokozatosan romlott a helyzet. Az akkori hetedik helyr\u0151l mostanra az <a href=\"vhttps:\/\/cohesiondata.ec.europa.eu\/cohesion_overview\/21-27\/#eu-payments\" rel=\"nofollow noopener\" target=\"_blank\">utols\u00f3 el\u0151ttire cs\u00fasztunk vissza<\/a> a leh\u00edvhat\u00f3 keretb\u0151l kifizetett p\u00e9nz ar\u00e1ny\u00e1n\u00e1l alig t\u00f6bb mint h\u00faszsz\u00e1zal\u00e9kos eredm\u00e9nnyel. Mindezt \u00fagy, hogy a teljes keret k\u00f6zben sajnos cs\u00f6kkent, miut\u00e1n <a href=\"https:\/\/telex.hu\/kulfold\/2025\/01\/01\/eu-feltetelessegi-eljaras-n2-1-milliard-elvesztes\" class=\"\" rel=\"nofollow noopener\" target=\"_blank\">2024<\/a> \u00e9s <a href=\"https:\/\/telex.hu\/kulfold\/2026\/01\/01\/eu-n-2-forrasvesztes-2025-400-milliard-orban-boka-navracsics\" class=\"\" rel=\"nofollow noopener\" target=\"_blank\">2025 v\u00e9g\u00e9n<\/a> egy-egy milli\u00e1rd eur\u00f3 elveszett, m\u00e9g ha ezt az el\u0151z\u0151 magyar korm\u00e1ny igyekezett is k\u00fcl\u00f6nf\u00e9le sz\u00f3fordulatokkal elkenni.<\/p>\n<p>H\u00f3napokon bel\u00fcl felszabadulhat a tov\u00e1bbi 6,4 milli\u00e1rd eur\u00f3<\/p>\n<p>\u00cdgy j\u00e1rtunk volna 2026 v\u00e9g\u00e9n is, de a helyre\u00e1ll\u00edt\u00e1si alap felt\u00e9teleinek teljes\u00edt\u00e9s\u00e9vel ezt a probl\u00e9m\u00e1t is siker\u00fclne letudni. A szuperm\u00e9rf\u00f6ldk\u00f6vek lefedik az elv\u00e1r\u00e1sokat, amelyek az \u00e9venk\u00e9nti forr\u00e1sveszt\u00e9st okoz\u00f3 felt\u00e9teless\u00e9gi jog\u00e1llamis\u00e1gi elj\u00e1r\u00e1s befejez\u00e9s\u00e9hez kellenek. Ez m\u00e9g mindig 4,2 milli\u00e1rd eur\u00f3t blokkol, \u00edgy ennyi p\u00e9nz szint\u00e9n felszabadul, b\u00e1r a lass\u00fa forr\u00e1sleh\u00edv\u00e1s miatt nem annyira s\u00fcrget\u0151, mint az \u00e9v v\u00e9gi forr\u00e1sveszt\u00e9s vesz\u00e9lye. Az elj\u00e1r\u00e1ssal eredetileg h\u00e1rom, rendes k\u00f6lts\u00e9gvet\u00e9sb\u0151l fut\u00f3 program 55 sz\u00e1zal\u00e9k\u00e1t fagyasztott\u00e1k be, vagyis am\u00edg el nem \u00e9rj\u00fck ezt a plafont, ennek nincs sok jelent\u0151s\u00e9ge. A korm\u00e1ny b\u00e1rmikor k\u00e9rhet \u00e9rt\u00e9kel\u00e9st az Eur\u00f3pai Bizotts\u00e1gt\u00f3l a felt\u00e9teless\u00e9gi elj\u00e1r\u00e1sban, \u00edgy v\u00e1rhat\u00f3an hamarosan ezt is bek\u00fcldi, hogy a test\u00fclet idej\u00e9ben javasolhassa a miniszterek tan\u00e1cs\u00e1nak az elj\u00e1r\u00e1s befejez\u00e9s\u00e9t, \u00e9s m\u00e9g az \u00e9v v\u00e9ge el\u0151tt d\u00f6nthessenek.<\/p>\n<p>A korm\u00e1nyb\u00f3l a felt\u00e9teless\u00e9gi elj\u00e1r\u00e1s 4,2 milli\u00e1rd eur\u00f3ja \u00e9s a helyre\u00e1ll\u00edt\u00e1si alap 10 milli\u00e1rd eur\u00f3ja mellett egy harmadik elemmel egy\u00fctt szoktak 16,4 milli\u00e1rd eur\u00f3r\u00f3l besz\u00e9lni. Ezt a 2,2 milli\u00e1rdot a tudom\u00e1nyos \u00e9let szabads\u00e1g\u00e1t vesz\u00e9lyeztet\u0151 kock\u00e1zatok miatt <a href=\"https:\/\/telex.hu\/kulfold\/2022\/12\/22\/europai-unio-kohezios-tamogatas-europai-bizottsag-jogallamisag\" class=\"\" rel=\"nofollow noopener\" target=\"_blank\">blokkolta az Eur\u00f3pai Bizotts\u00e1g 2022 v\u00e9g\u00e9n<\/a>. Az \u00fcgy az egyik szuperm\u00e9rf\u00f6ldk\u0151vel, a k\u00f6z\u00e9rdek\u0171vagyon-kezel\u0151 alap\u00edtv\u00e1nyok probl\u00e9m\u00e1ival f\u00fcgg \u00f6ssze. A 2,2 milli\u00e1rd eur\u00f3s befagyaszt\u00e1s felold\u00e1s\u00e1r\u00f3l az Eur\u00f3pai Bizotts\u00e1g d\u00f6nthet.<\/p>\n<p>A kekv\u00e1k miatt a tag\u00e1llami miniszterek k\u00fcl\u00f6n eltiltott\u00e1k minden uni\u00f3s k\u00f6telezetts\u00e9gv\u00e1llal\u00e1st\u00f3l az ilyen h\u00e1tter\u0171 int\u00e9zm\u00e9nyeket a felt\u00e9teless\u00e9gi elj\u00e1r\u00e1sban. Emiatt p\u00e9ld\u00e1ul a Mol legal\u00e1bb egy <a href=\"https:\/\/telex.hu\/gazdasag\/2026\/04\/30\/eu-europai-parlament-zarszamadas-europai-bizottsag-mol-vizsgalat\" class=\"\" rel=\"nofollow noopener\" target=\"_blank\">szerz\u0151d\u00e9s\u00e9t is vizsg\u00e1lni kezdt\u00e9k<\/a>, de a korl\u00e1toz\u00e1s a kekv\u00e1s modellv\u00e1lt\u00f3 egyetemeknek okozott igaz\u00e1n l\u00e1tv\u00e1nyos gondokat k\u00e9t programn\u00e1l, az Erasmus di\u00e1kcser\u00e9kn\u00e9l \u00e9s a Horizont-programb\u00f3l finansz\u00edrozhat\u00f3 kutat\u00e1sokn\u00e1l. El\u0151bbin\u00e9l <a href=\"https:\/\/telex.hu\/kulfold\/2023\/05\/15\/europai-unio-europai-bizottsag-helyreallitasi-alap-jogallamisag-rrf-mff\" class=\"\" rel=\"nofollow noopener\" target=\"_blank\">jellemz\u0151en ny\u00e1r k\u00f6zep\u00e9n szokt\u00e1k<\/a> megk\u00f6tni azokat a k\u00e9t\u00e9ves szerz\u0151d\u00e9seket, amelyek <a href=\"https:\/\/telex.hu\/kulfold\/2024\/09\/19\/eu-hanko-erasmus-horizont-modellvalto-egyetem-vagyonkezelo-alapitvany\" class=\"\" rel=\"nofollow noopener\" target=\"_blank\">2024 szeptember\u00e9re mind kip\u00f6r\u00f6gtek<\/a>, \u00e9s nem lehetett \u00fajra al\u00e1\u00edrni a tilt\u00e1s miatt. \u00cdgy nehezen elk\u00e9pzelhet\u0151, hogy az \u00e9vkezd\u00e9sre minden kekv\u00e1s egyetem visszat\u00e9rhessen a programba. A Horizontban r\u00e9szt vehettek, ha az \u00e1llam kip\u00f3tolta az uni\u00f3s p\u00e9nzt, \u00e9s ez elvben vissza is j\u00e1r majd az EU-t\u00f3l. Az ilyen egyetemek m\u00e1r 2023 nyar\u00e1n <a href=\"https:\/\/telex.hu\/kulfold\/2023\/06\/08\/erasmus-horizont-europai-parlament-fidesz-kozalapitvany-egyetem\" class=\"\" rel=\"nofollow noopener\" target=\"_blank\">sz\u00e1mkivetetts\u00e9gre panaszkodtak<\/a>, m\u00e9g a nem kekv\u00e1s int\u00e9zm\u00e9nyekt\u0151l is neh\u00e9zs\u00e9gekr\u0151l hallottunk. Itt id\u0151be telhet, hogy javuljon a magyar fels\u0151oktat\u00e1s \u00e9s kutat\u00e1s meg\u00edt\u00e9l\u00e9se, vissza\u00e9p\u00fclj\u00f6n a bizalom a magyar int\u00e9zm\u00e9nyek ir\u00e1nt a jellemz\u0151en sokszerepl\u0151s projektekn\u00e9l.<\/p>\n<p>Cikk\u00fcnket kieg\u00e9sz\u00edtett\u00fck a korm\u00e1ny cs\u00fct\u00f6rt\u00f6ki sajt\u00f3t\u00e1j\u00e9koztat\u00f3j\u00e1n elhangzottakkal az igazs\u00e1g\u00fcgyi csomag miatti perr\u0151l.<\/p>\n","protected":false},"excerpt":{"rendered":"A korm\u00e1ny h\u00e9tf\u0151n 15 \u00f3ra 33 perckor kapta meg a visszajelz\u00e9st: minden sz\u00fcks\u00e9ges dokumentum rendelkez\u00e9sre \u00e1ll az uni\u00f3s&hellip;\n","protected":false},"author":2,"featured_media":231526,"comment_status":"","ping_status":"","sticky":false,"template":"","format":"standard","meta":{"footnotes":"","_share_on_mastodon":"0"},"categories":[33],"tags":[4731,13103,7632,583,429,38,63,35,25974,61153,37,39228,44,42,40,29240,43,944,41,1753,34,3606,36,39,593],"class_list":["post-231525","post","type-post","status-publish","format-standard","has-post-thumbnail","category-hirek","tag-alkotmanybirosag","tag-boka-janos","tag-erasmus","tag-europai-bizottsag","tag-europai-unio","tag-focimek","tag-gazdasag","tag-headlines","tag-helyreallitasi-alap","tag-helyreallitasi-es-ujjaepitesi-eszkoz","tag-hirek","tag-horizont-europa","tag-hu","tag-hungarian","tag-hungary","tag-jogallamisagi-mechanizmus","tag-magyar","tag-magyar-peter","tag-magyarorszag","tag-navracsics-tibor","tag-news","tag-tamogatas","tag-top-stories","tag-vezeto-hirek","tag-vitezy-david"],"share_on_mastodon":{"url":"https:\/\/pubeurope.com\/@hu\/117207914866628957","error":""},"_links":{"self":[{"href":"https:\/\/www.europesays.com\/hu\/wp-json\/wp\/v2\/posts\/231525","targetHints":{"allow":["GET"]}}],"collection":[{"href":"https:\/\/www.europesays.com\/hu\/wp-json\/wp\/v2\/posts"}],"about":[{"href":"https:\/\/www.europesays.com\/hu\/wp-json\/wp\/v2\/types\/post"}],"author":[{"embeddable":true,"href":"https:\/\/www.europesays.com\/hu\/wp-json\/wp\/v2\/users\/2"}],"replies":[{"embeddable":true,"href":"https:\/\/www.europesays.com\/hu\/wp-json\/wp\/v2\/comments?post=231525"}],"version-history":[{"count":0,"href":"https:\/\/www.europesays.com\/hu\/wp-json\/wp\/v2\/posts\/231525\/revisions"}],"wp:featuredmedia":[{"embeddable":true,"href":"https:\/\/www.europesays.com\/hu\/wp-json\/wp\/v2\/media\/231526"}],"wp:attachment":[{"href":"https:\/\/www.europesays.com\/hu\/wp-json\/wp\/v2\/media?parent=231525"}],"wp:term":[{"taxonomy":"category","embeddable":true,"href":"https:\/\/www.europesays.com\/hu\/wp-json\/wp\/v2\/categories?post=231525"},{"taxonomy":"post_tag","embeddable":true,"href":"https:\/\/www.europesays.com\/hu\/wp-json\/wp\/v2\/tags?post=231525"}],"curies":[{"name":"wp","href":"https:\/\/api.w.org\/{rel}","templated":true}]}}