{"id":231573,"date":"2026-09-03T16:32:08","date_gmt":"2026-09-03T16:32:08","guid":{"rendered":"https:\/\/www.europesays.com\/hu\/231573\/"},"modified":"2026-09-03T16:32:08","modified_gmt":"2026-09-03T16:32:08","slug":"kalasnyikovval-a-sporttaskajaban-vonatozott-franciaorszagbol-brusszelbe-egy-20-eves-fiatal","status":"publish","type":"post","link":"https:\/\/www.europesays.com\/hu\/231573\/","title":{"rendered":"Kalasnyikovval a sportt\u00e1sk\u00e1j\u00e1ban vonatozott Franciaorsz\u00e1gb\u00f3l Br\u00fcsszelbe egy 20 \u00e9ves fiatal"},"content":{"rendered":"<p class=\"\">\n    \u0150rizetbe vettek egy 20 \u00e9ves f\u00e9rfit a br\u00fcsszeli Midi p\u00e1lyaudvaron, aki Kalasnyikov g\u00e9pkarab\u00e9llyal felfegyverkezve \u00e9rkezett vonaton Franciaorsz\u00e1gb\u00f3l Belgiumba, \u00edrja az MTI a Brussels Times nyom\u00e1n. A P\u00e1rizsb\u00f3l \u00e9rkez\u0151 vonaton utaz\u00f3 f\u00e9rfi t\u00e1sk\u00e1j\u00e1ban egy rutinellen\u0151rz\u00e9st v\u00e9gz\u0151 v\u00e1mtiszt tal\u00e1lta meg a fegyvert nem sokkal az \u00e9rkez\u00e9se ut\u00e1n, ezut\u00e1n a rend\u0151rs\u00e9g \u00e9s a v\u00e9delmi er\u0151k k\u00f6z\u00f6sen fogt\u00e1k el \u0151t. A <a href=\"https:\/\/brusselssignal.eu\/2026\/09\/man-with-kalashnikov-hidden-under-baby-clothes-arrested-at-brussels-south-station\/\" target=\"_blank\" rel=\"nofollow noopener\">Brussels Signal cikke<\/a> szerint a f\u00e9rfi gyan\u00fasan viselkedett, \u00e9s el akarta ker\u00fclni a biztons\u00e1gi ellen\u0151rz\u00e9st, ez\u00e9rt figyelt fel r\u00e1 a v\u00e1mos. A szokatlanul neh\u00e9z sportt\u00e1sk\u00e1j\u00e1b\u00f3l el\u0151ker\u00fcl\u0151, baba- \u00e9s gyermekruh\u00e1k alatt elrejtve tal\u00e1lt fegyver t\u00f6ltve volt.\n  <\/p>\n<p class=\"\">\n     A La Derniere Heure c\u00edm\u0171 belga napilap szerint egyel\u0151re nem vil\u00e1gos, hogy mik voltak a f\u00e9rfi sz\u00e1nd\u00e9kai, ahogy az is bizonytalan, hogy a f\u00e9rfi hol sz\u00e1llt vonatra. Kezdetben azt \u00e1ll\u00edtotta, hogy a franciaorsz\u00e1gi Lille-b\u0151l j\u00f6tt, de \u00e1ll\u00edt\u00f3lag a d\u00e9l-belgiumi Mons-b\u00f3l indul\u00f3 vonattal \u00e9rkezett a br\u00fcsszeli p\u00e1lyaudvarra. Az int\u00e9zked\u00e9st k\u00f6vet\u0151en a p\u00e1lyaudvar forgalma \u00e9s a vonatk\u00f6zleked\u00e9s helyre\u00e1llt.\n  <\/p>\n<p class=\"\">\n    A hat\u00f3s\u00e1gok eml\u00e9keztettek, hogy a ny\u00e1r v\u00e9ge \u00f3ta rend\u0151r\u00f6kb\u0151l \u00e9s katon\u00e1kb\u00f3l \u00e1ll\u00f3 egys\u00e9gek j\u00e1r\u0151r\u00f6znek a belga f\u0151v\u00e1ros legfontosabb helysz\u00ednein, k\u00f6zt\u00fck p\u00e1lyaudvarokon, hogy fokozz\u00e1k a biztons\u00e1got, \u00e9s a lehet\u0151 leggyorsabban reag\u00e1lhassanak incidensekre. Bernard Quintin belga bel\u00fcgyminiszter a k\u00f6z\u00f6ss\u00e9gi oldal\u00e1n k\u00f6zz\u00e9tett bejegyz\u00e9s\u00e9ben azt \u00edrta: a mostani eset azt mutatja, hogy sz\u00fcks\u00e9ges a vas\u00fat\u00e1llom\u00e1sokon a katon\u00e1k seg\u00edts\u00e9g\u00e9vel meger\u0151s\u00edteni a j\u00e1r\u0151r\u00f6z\u00e9st, a gyakorlatot folytatni, vagy ak\u00e1r b\u0151v\u00edteni kell.\n  <\/p>\n<p class=\"\">\n    A belga f\u0151v\u00e1rosban 2025-ben t\u00f6bb, mint sz\u00e1z l\u00f6v\u00f6ld\u00f6z\u00e9s t\u00f6rt\u00e9nt drogos \u00fcgyekkel kapcsolatban, a p\u00e1lyaudvar k\u00f6rny\u00e9k\u00e9n kor\u00e1bban is ker\u00fcltek el\u0151 Kalasnyikovok. <a href=\"https:\/\/444.hu\/2025\/02\/05\/a-belga-rendorseg-egy-fegyvereseket-uldoz-a-brusszeli-metroban\" target=\"_blank\" rel=\"nofollow noopener\">Az egyik ilyen eset <\/a>tavaly febru\u00e1rban t\u00f6rt\u00e9nt a Midit\u0151l alig p\u00e1r perc s\u00e9t\u00e1ra tal\u00e1lhat\u00f3 Clemenceau metr\u00f3meg\u00e1ll\u00f3ban: ekkor szerencs\u00e9re senki sem s\u00e9r\u00fclt meg, a l\u00f6v\u00f6ld\u00f6z\u0151ket pedig <a href=\"https:\/\/www.brusselstimes.com\/2212538\/infamous-clemenceau-metro-shooters-sentenced-for-attempted-murder-tbtb\" target=\"_blank\" rel=\"nofollow noopener\">id\u00e9n ny\u00e1ron \u00edt\u00e9lt\u00e9k 11 \u00e9s 13 \u00e9v b\u00f6rt\u00f6nb\u00fcntet\u00e9sre.<\/a>\n  <\/p>\n","protected":false},"excerpt":{"rendered":"\u0150rizetbe vettek egy 20 \u00e9ves f\u00e9rfit a br\u00fcsszeli Midi p\u00e1lyaudvaron, aki Kalasnyikov g\u00e9pkarab\u00e9llyal felfegyverkezve \u00e9rkezett vonaton Franciaorsz\u00e1gb\u00f3l Belgiumba,&hellip;\n","protected":false},"author":2,"featured_media":231574,"comment_status":"","ping_status":"","sticky":false,"template":"","format":"standard","meta":{"footnotes":"","_share_on_mastodon":"0"},"categories":[8],"tags":[1455,1485,1959,42,6002,64,899,43,34,2912,61162,94,3403,93,92],"class_list":["post-231573","post","type-post","status-publish","format-standard","has-post-thumbnail","category-vilag","tag-belgium","tag-brusszel","tag-fegyver","tag-hungarian","tag-kalasnyikov","tag-kulfold","tag-letartoztatas","tag-magyar","tag-news","tag-palyaudvar","tag-sporttaska","tag-vilag","tag-vonat","tag-world","tag-world-news"],"share_on_mastodon":{"url":"https:\/\/pubeurope.com\/@hu\/117208072268650983","error":""},"_links":{"self":[{"href":"https:\/\/www.europesays.com\/hu\/wp-json\/wp\/v2\/posts\/231573","targetHints":{"allow":["GET"]}}],"collection":[{"href":"https:\/\/www.europesays.com\/hu\/wp-json\/wp\/v2\/posts"}],"about":[{"href":"https:\/\/www.europesays.com\/hu\/wp-json\/wp\/v2\/types\/post"}],"author":[{"embeddable":true,"href":"https:\/\/www.europesays.com\/hu\/wp-json\/wp\/v2\/users\/2"}],"replies":[{"embeddable":true,"href":"https:\/\/www.europesays.com\/hu\/wp-json\/wp\/v2\/comments?post=231573"}],"version-history":[{"count":0,"href":"https:\/\/www.europesays.com\/hu\/wp-json\/wp\/v2\/posts\/231573\/revisions"}],"wp:featuredmedia":[{"embeddable":true,"href":"https:\/\/www.europesays.com\/hu\/wp-json\/wp\/v2\/media\/231574"}],"wp:attachment":[{"href":"https:\/\/www.europesays.com\/hu\/wp-json\/wp\/v2\/media?parent=231573"}],"wp:term":[{"taxonomy":"category","embeddable":true,"href":"https:\/\/www.europesays.com\/hu\/wp-json\/wp\/v2\/categories?post=231573"},{"taxonomy":"post_tag","embeddable":true,"href":"https:\/\/www.europesays.com\/hu\/wp-json\/wp\/v2\/tags?post=231573"}],"curies":[{"name":"wp","href":"https:\/\/api.w.org\/{rel}","templated":true}]}}