{"id":231579,"date":"2026-09-03T16:35:09","date_gmt":"2026-09-03T16:35:09","guid":{"rendered":"https:\/\/www.europesays.com\/hu\/231579\/"},"modified":"2026-09-03T16:35:09","modified_gmt":"2026-09-03T16:35:09","slug":"index-belfold-sosem-talalna-ki-melyik-budapest-egyik-leggyorsabban-fejlodo-kerulete-2","status":"publish","type":"post","link":"https:\/\/www.europesays.com\/hu\/231579\/","title":{"rendered":"Index &#8211; Belf\u00f6ld &#8211; Sosem tal\u00e1ln\u00e1 ki, melyik Budapest egyik leggyorsabban fejl\u0151d\u0151 ker\u00fclete"},"content":{"rendered":"<p>Pik\u00f3 Andr\u00e1s polg\u00e1rmester a <a href=\"https:\/\/www.facebook.com\/pikoandraspolgarmester\/posts\/pfbid0fdHxdmmQXVjrM8LJ7vFPzU49fHo2d4mpDaKy7RGGkSjEror5XF1cu9eZfEzSWwwDl\" id=\"hyperlink_df2e9a33b6bffb8b9dd1959655b423fa\" rel=\"nofollow noopener\" target=\"_blank\">Facebook-oldal\u00e1n<\/a> k\u00f6zz\u00e9tett bejegyz\u00e9s\u00e9ben sz\u00e1molt be az <a href=\"https:\/\/egyensulyintezet.hu\/telepulesindex-2026-a-jovo-telepulesei-magyarorszagon\/\" id=\"hyperlink_df254ba5f41cb80c1b3b0c8240c217fa\" rel=\"nofollow noopener\" target=\"_blank\">elemz\u00e9s<\/a> meg\u00e1llap\u00edt\u00e1sair\u00f3l. A 2024-ben kidolgozott \u00e9s \u00e9vente <a href=\"https:\/\/telepulesindex.hu\/\" id=\"hyperlink_74594f8567f8a7f9005d6793c69e88ce\" target=\"_blank\" rel=\"nofollow noopener\">friss\u00edtett index<\/a> 3154 magyar telep\u00fcl\u00e9s \u00e9s mind a 23 budapesti ker\u00fclet fejletts\u00e9g\u00e9t m\u00e9ri. Az \u00e9rt\u00e9kel\u00e9s 53 komplex mutat\u00f3 \u00e9s t\u00f6bb mint 360 ezer nyilv\u00e1nos statisztikai adat alapj\u00e1n k\u00e9sz\u00fcl, \u00f6nkorm\u00e1nyzati ciklusokon \u00e1t\u00edvel\u0151en, 2014-t\u0151l napjainkig nyomon k\u00f6vetve a v\u00e1ltoz\u00e1sokat.<\/p>\n<p>                        Csak a Belv\u00e1ros el\u0151zi meg a fejl\u0151d\u00e9si temp\u00f3ban<\/p>\n<p>Az elm\u00falt \u00e9vtizedben J\u00f3zsefv\u00e1ros a nagyszab\u00e1s\u00fa v\u00e1rosrehabilit\u00e1ci\u00f3s programoknak k\u00f6sz\u00f6nhet\u0151en 20,5 pontot jav\u00edtott az \u00e9rt\u00e9kel\u00e9s\u00e9n. Ezzel a teljes\u00edtm\u00e9nnyel az V. ker\u00fclet (Belv\u00e1ros-Lip\u00f3tv\u00e1ros) m\u00f6g\u00f6tt, valamint a XI. ker\u00fcletet (\u00dajbuda) megel\u0151zve z\u00e1rk\u00f3zott fel a legdinamikusabban fejl\u0151d\u0151 f\u0151v\u00e1rosi ker\u00fcletek k\u00f6z\u00e9.<\/p>\n<p>A fejl\u0151d\u00e9s nemcsak a v\u00e1ltoz\u00e1s \u00fctem\u00e9ben, hanem az abszol\u00fat fejletts\u00e9gi rangsorban is megl\u00e1tszik. A ker\u00fcletek \u00f6sszevet\u00e9s\u00e9ben J\u00f3zsefv\u00e1ros l\u00e1tv\u00e1nyos utat j\u00e1rt be az ut\u00f3bbi \u00e9vekben:<\/p>\n<p>                        2024-ben m\u00e9g a 10. helyen \u00e1llt,<br \/>\n                        2025-ben a 7. helyre l\u00e9pett el\u0151re,<br \/>\n                        2026-ban pedig m\u00e1r a 6. helyet foglalta el.<\/p>\n<p>A polg\u00e1rmester bejegyz\u00e9s\u00e9ben kiemelte, hogy a ker\u00fclet indik\u00e1torai az ut\u00f3bbi \u00e9vekben folyamatosan javulnak, J\u00f3zsefv\u00e1ros pedig mind tavaly, mind id\u00e9n a m\u00e1sodik legdinamikusabban fejl\u0151d\u0151 ker\u00fcletnek bizonyult Budapesten.<\/p>\n<p>Pik\u00f3 Andr\u00e1s a k\u00f6z\u00f6ss\u00e9gi oldal\u00e1n k\u00f6sz\u00f6netet mondott mindazoknak, akik munk\u00e1jukkal \u00e9s t\u00e1mogat\u00e1sukkal hozz\u00e1j\u00e1rultak a k\u00f6z\u00f6s sikerekhez \u00e9s a ker\u00fclet t\u00f6retlen fejl\u0151d\u00e9s\u00e9hez.<\/p>\n<p>\n                          (Bor\u00edt\u00f3k\u00e9p:\u00a0R\u00f3ka L\u00e1szl\u00f3 \/ MTI)\n                        <\/p>\n<p><a href=\"https:\/\/dex.hu\/x.php?id=googlepref_desktop&amp;url=https:\/\/google.com\/preferences\/source?q=https:\/\/index.hu\" class=\"google-pref-banner \" id=\"googlePrefBanner\" rel=\"nofollow noopener\" target=\"_blank\"><\/p>\n<p>    Itt \u00e1ll\u00edtsa be, hogy az Index az els\u0151k k\u00f6z\u00f6tt legyen a Google-tal\u00e1latokban!<\/p>\n<p><\/a><\/p>\n<p>    <img decoding=\"async\" src=\"https:\/\/index.hu\/assets\/images\/social-follow\/logo-big.svg\" alt=\"Index.hu logo\"\/><\/p>\n<p>K\u00f6vesse az Indexet Facebookon is!<\/p>\n<p>    <a href=\"https:\/\/facebook.com\/Indexhu\" target=\"_blank\" rel=\"nofollow noopener\"><\/p>\n<p>        K\u00f6vetem!<br \/>\n    <\/a><\/p>\n","protected":false},"excerpt":{"rendered":"Pik\u00f3 Andr\u00e1s polg\u00e1rmester a Facebook-oldal\u00e1n k\u00f6zz\u00e9tett bejegyz\u00e9s\u00e9ben sz\u00e1molt be az elemz\u00e9s meg\u00e1llap\u00edt\u00e1sair\u00f3l. A 2024-ben kidolgozott \u00e9s \u00e9vente friss\u00edtett&hellip;\n","protected":false},"author":2,"featured_media":231580,"comment_status":"","ping_status":"","sticky":false,"template":"","format":"standard","meta":{"footnotes":"","_share_on_mastodon":"0"},"categories":[22],"tags":[80,73,8365,11413,3034,44,42,40,5615,43,41,25695,3338,61158],"class_list":["post-231579","post","type-post","status-publish","format-standard","has-post-thumbnail","category-budapest","tag-belfold","tag-budapest","tag-egyensuly-intezet","tag-eredmeny","tag-fejlodes","tag-hu","tag-hungarian","tag-hungary","tag-jozsefvaros","tag-magyar","tag-magyarorszag","tag-piko-andras","tag-polgarmester","tag-telepulesindex"],"share_on_mastodon":{"url":"https:\/\/pubeurope.com\/@hu\/117208083967492572","error":""},"_links":{"self":[{"href":"https:\/\/www.europesays.com\/hu\/wp-json\/wp\/v2\/posts\/231579","targetHints":{"allow":["GET"]}}],"collection":[{"href":"https:\/\/www.europesays.com\/hu\/wp-json\/wp\/v2\/posts"}],"about":[{"href":"https:\/\/www.europesays.com\/hu\/wp-json\/wp\/v2\/types\/post"}],"author":[{"embeddable":true,"href":"https:\/\/www.europesays.com\/hu\/wp-json\/wp\/v2\/users\/2"}],"replies":[{"embeddable":true,"href":"https:\/\/www.europesays.com\/hu\/wp-json\/wp\/v2\/comments?post=231579"}],"version-history":[{"count":0,"href":"https:\/\/www.europesays.com\/hu\/wp-json\/wp\/v2\/posts\/231579\/revisions"}],"wp:featuredmedia":[{"embeddable":true,"href":"https:\/\/www.europesays.com\/hu\/wp-json\/wp\/v2\/media\/231580"}],"wp:attachment":[{"href":"https:\/\/www.europesays.com\/hu\/wp-json\/wp\/v2\/media?parent=231579"}],"wp:term":[{"taxonomy":"category","embeddable":true,"href":"https:\/\/www.europesays.com\/hu\/wp-json\/wp\/v2\/categories?post=231579"},{"taxonomy":"post_tag","embeddable":true,"href":"https:\/\/www.europesays.com\/hu\/wp-json\/wp\/v2\/tags?post=231579"}],"curies":[{"name":"wp","href":"https:\/\/api.w.org\/{rel}","templated":true}]}}