{"id":231581,"date":"2026-09-03T16:41:06","date_gmt":"2026-09-03T16:41:06","guid":{"rendered":"https:\/\/www.europesays.com\/hu\/231581\/"},"modified":"2026-09-03T16:41:06","modified_gmt":"2026-09-03T16:41:06","slug":"lovagga-utottek-alex-van-halent","status":"publish","type":"post","link":"https:\/\/www.europesays.com\/hu\/231581\/","title":{"rendered":"Lovagg\u00e1 \u00fct\u00f6tt\u00e9k Alex Van Halent"},"content":{"rendered":"<p>A Holland Oroszl\u00e1n Rend lovagj\u00e1v\u00e1 \u00fct\u00f6tt\u00e9k Alex Van Halent. A legend\u00e1s dobos Nijmegenben vehette \u00e1t az orsz\u00e1g legmagasabb polg\u00e1ri kit\u00fcntet\u00e9s\u00e9t, ahol testv\u00e9r\u00e9vel, Eddie Van Halennel egy\u00fctt feln\u0151ttek, miel\u0151tt 1962-ben Los Angelesbe k\u00f6lt\u00f6ztek.<\/p>\n<p>Az \u00fcnneps\u00e9gen Van Halen azt mondta:<\/p>\n<p>Szerintem az ilyen elismer\u00e9st ad\u00f3 int\u00e9zm\u00e9nyek fontosak az emberek \u00e9let\u00e9ben, mert m\u00e9lt\u00f3s\u00e1got \u00e9s komolys\u00e1got adnak ahhoz, amit csin\u00e1lunk. Hogy val\u00f3ban meg\u00e9rdemelj\u00fck-e vagy sem, az m\u00e1r m\u00e1s k\u00e9rd\u00e9s. De k\u00e9pesek vagyunk megfelelni ennek. Ez a l\u00e9nyeg, kell, hogy legyen valami, aminek megfelelj\u00fcnk<\/p>\n<p>\u2013 <a target=\"_blank\" href=\"https:\/\/www.rollingstone.com\/music\/music-news\/alex-van-halen-knighted-netherlands-1235620436\/\" rel=\"nofollow noopener\">id\u00e9zi<\/a> a Rolling Stone.<\/p>\n","protected":false},"excerpt":{"rendered":"A Holland Oroszl\u00e1n Rend lovagj\u00e1v\u00e1 \u00fct\u00f6tt\u00e9k Alex Van Halent. A legend\u00e1s dobos Nijmegenben vehette \u00e1t az orsz\u00e1g legmagasabb&hellip;\n","protected":false},"author":2,"featured_media":231582,"comment_status":"","ping_status":"","sticky":false,"template":"","format":"standard","meta":{"footnotes":"","_share_on_mastodon":"0"},"categories":[16],"tags":[61164,137,44,42,40,43,41,138],"class_list":["post-231581","post","type-post","status-publish","format-standard","has-post-thumbnail","category-szorakozas","tag-alex-van-halen","tag-entertainment","tag-hu","tag-hungarian","tag-hungary","tag-magyar","tag-magyarorszag","tag-szorakozas"],"share_on_mastodon":{"url":"https:\/\/pubeurope.com\/@hu\/117208107311775181","error":""},"_links":{"self":[{"href":"https:\/\/www.europesays.com\/hu\/wp-json\/wp\/v2\/posts\/231581","targetHints":{"allow":["GET"]}}],"collection":[{"href":"https:\/\/www.europesays.com\/hu\/wp-json\/wp\/v2\/posts"}],"about":[{"href":"https:\/\/www.europesays.com\/hu\/wp-json\/wp\/v2\/types\/post"}],"author":[{"embeddable":true,"href":"https:\/\/www.europesays.com\/hu\/wp-json\/wp\/v2\/users\/2"}],"replies":[{"embeddable":true,"href":"https:\/\/www.europesays.com\/hu\/wp-json\/wp\/v2\/comments?post=231581"}],"version-history":[{"count":0,"href":"https:\/\/www.europesays.com\/hu\/wp-json\/wp\/v2\/posts\/231581\/revisions"}],"wp:featuredmedia":[{"embeddable":true,"href":"https:\/\/www.europesays.com\/hu\/wp-json\/wp\/v2\/media\/231582"}],"wp:attachment":[{"href":"https:\/\/www.europesays.com\/hu\/wp-json\/wp\/v2\/media?parent=231581"}],"wp:term":[{"taxonomy":"category","embeddable":true,"href":"https:\/\/www.europesays.com\/hu\/wp-json\/wp\/v2\/categories?post=231581"},{"taxonomy":"post_tag","embeddable":true,"href":"https:\/\/www.europesays.com\/hu\/wp-json\/wp\/v2\/tags?post=231581"}],"curies":[{"name":"wp","href":"https:\/\/api.w.org\/{rel}","templated":true}]}}