{"id":231615,"date":"2026-09-03T17:09:13","date_gmt":"2026-09-03T17:09:13","guid":{"rendered":"https:\/\/www.europesays.com\/hu\/231615\/"},"modified":"2026-09-03T17:09:13","modified_gmt":"2026-09-03T17:09:13","slug":"ezt-jelenti-john-lennon-unokajanak-neve-az-aurelius","status":"publish","type":"post","link":"https:\/\/www.europesays.com\/hu\/231615\/","title":{"rendered":"Ezt jelenti John Lennon unok\u00e1j\u00e1nak neve, az Aurelius"},"content":{"rendered":"<p>Megsz\u00fcletett John Lennon els\u0151 unok\u00e1ja, Sean Ono Lennon \u00e9s 39 \u00e9ves p\u00e1rja, Charlotte Kemp Muhl gyermeke.<br \/>\nAz Aurelius latin eredet\u0171 n\u00e9v, az \u201earany\u201d sz\u00f3hoz kapcsol\u00f3dik, \u00e9s az \u00f3kori r\u00f3mai cs\u00e1sz\u00e1r, Marcus Aurelius tette ismertt\u00e9.<br \/>\nEgyel\u0151re nem tudni, hogy a t\u00f6rt\u00e9nelmi alak, a n\u00e9v jelent\u00e9se vagy szem\u00e9lyes t\u00f6rt\u00e9net ihlette-e a n\u00e9vv\u00e1laszt\u00e1st.<\/p>\n<p>John Lennon \u00e9s<a href=\"https:\/\/marieclaire.hu\/sztarok\/2026\/02\/18\/yoko-ono-itt-van-minden-amit-erdemes-tudni-rola\/\" rel=\"nofollow noopener\" target=\"_blank\"> Yoko Ono <\/a>els\u0151 unok\u00e1ja:\u00a0Sean Ono Lennon \u00e9s 39 \u00e9ves p\u00e1rja, Charlotte Kemp Muhl szeptember 1-j\u00e9n jelentett\u00e9k be, hogy megsz\u00fcletett els\u0151 gyermek\u00fck. A p\u00e1r egy fot\u00f3sorozatot is megosztott a k\u00f6z\u00f6ss\u00e9gi m\u00e9di\u00e1ban, amelyeken m\u00e1r \u00fajsz\u00fcl\u00f6tt kisfi\u00fakkal l\u00e1that\u00f3k.<\/p>\n<p>Sean a maga jellegzetesen j\u00e1t\u00e9kos st\u00edlus\u00e1ban jelentette be a h\u00edrt. Azt \u00edrta, hogy Charlotte-tal \u201eegy emberi l\u00e9nyt\u201d hoztak l\u00e9tre, majd hozz\u00e1tette: \u201eA neve Aurelius!\u201d\u00a0<\/p>\n<p>\u00a0<\/p>\n<p>Charlotte szint\u00e9n megosztott n\u00e9h\u00e1ny k\u00e9pet a sz\u00fcl\u0151s\u00e9g els\u0151 napjaib\u00f3l. A zen\u00e9sz \u00e9s modell humorosan \u00edrt az alv\u00e1shi\u00e1nyr\u00f3l, a b\u00fcfiztet\u00e9sr\u0151l \u00e9s arr\u00f3l is, hogy a kisfi\u00fa m\u00e1r most hallgat zen\u00e9t. T\u00f6bbek k\u00f6z\u00f6tt Aphex Twin \u00e9s Stravinsky m\u0171veit eml\u00edtette.<\/p>\n<p>A csal\u00e1d b\u0151v\u00fcl\u00e9s\u00e9re Sean f\u00e9ltestv\u00e9re, Julian Lennon is reag\u00e1lt, n\u00e9gy sz\u00edvvel k\u00f6sz\u00f6nt\u00f6tte az \u00fajsz\u00fcl\u00f6ttet. Sean erre \u00fagy v\u00e1laszolt: \u201eUncle Jules!\u201d, vagyis \u201eJules b\u00e1csi!\u201d.<\/p>\n<p><img loading=\"lazy\" title=\"john-lennon-unoka | Marie Claire\" aria-describedby=\"caption-attachment-469265\" decoding=\"async\" class=\"wp-image-469265 size-full\" src=\"https:\/\/www.europesays.com\/hu\/wp-content\/uploads\/2026\/09\/GettyImages-106494096-1.jpg\" alt=\"John Lennon k\u00e9k dzsekiben \u00e9s mellette a kis Sean Lennon 1977-ben\" width=\"1200\" height=\"801\"  \/><\/p>\n<p id=\"caption-attachment-469265\" class=\"wp-caption-text\">John Lennon \u00e9s Sean Lennon 1977-ben<\/p>\n<p>Mit jelent az Aurelius n\u00e9v?<\/p>\n<p>Az Aurelius latin eredet\u0171 n\u00e9v, amely az aureus, vagyis \u201e<a href=\"https:\/\/hu.wikipedia.org\/wiki\/Aur%C3%A9l\" rel=\"nofollow noopener\" target=\"_blank\">arany<\/a>\u201d, \u201earanysz\u00edn\u0171\u201d, illetve \u201earanyozott\u201d jelent\u00e9s\u0171 latin sz\u00f3b\u00f3l sz\u00e1rmazik. Emiatt a n\u00e9vhez olyan jelent\u00e9sek t\u00e1rsulnak, mint a ragyog\u00e1s, a f\u00e9ny \u00e9s az \u00e9rt\u00e9k.\u00a0<\/p>\n<p>\u00a0<\/p>\n<p>Az Aurelius n\u00e9v szorosan \u00f6sszekapcsol\u00f3dik az \u00f3kori R\u00f3ma egyik legismertebb alakj\u00e1val, <a href=\"https:\/\/marieclaire.hu\/eletmod\/2020\/11\/21\/sztoicizmus-ma\/\" rel=\"nofollow noopener\" target=\"_blank\">Marcus Aureliusszal<\/a>, a r\u00f3mai cs\u00e1sz\u00e1rral \u00e9s filoz\u00f3fussal.<\/p>\n<p>Marcus Aurelius a Pax Romana, vagyis a R\u00f3mai Birodalom hossz\u00fa b\u00e9k\u00e9sebb id\u0151szak\u00e1nak utols\u00f3 cs\u00e1sz\u00e1ra volt, \u00e9s sztoikus filoz\u00f3fusk\u00e9nt is jelent\u0151s hat\u00e1st gyakorolt a k\u00e9s\u0151bbi gondolkod\u00e1sra.<\/p>\n<p>De mi\u00e9rt \u00e9ppen ezt a nevet v\u00e1lasztott\u00e1k?<\/p>\n<p>A n\u00e9v jelent\u00e9se miatt term\u00e9szetesen adja mag\u00e1t az \u00e9rtelmez\u00e9s, hogy az \u201earany\u201d \u00e9s a \u201eragyog\u00e1s\u201d szimbolik\u00e1ja illik egy els\u0151 gyermek \u00e9rkez\u00e9s\u00e9hez. A sz\u00fcl\u0151k azonban egyel\u0151re nem magyar\u00e1zt\u00e1k d\u00f6nt\u00e9s\u00fcket \u00e9s azt sem \u00e1rult\u00e1k el,\u00a0hogy a kisfi\u00fa kapott-e tov\u00e1bbi keresztnevet.<\/p>\n<p>T\u00f6lts\u00fck ki a szt\u00e1rgyerek-kv\u00edzt!<\/p>\n<p>Vajon felismered a legnagyobb szt\u00e1rok gyerekeit a k\u00e9peken? A t\u00edzb\u0151l h\u00e1ny szt\u00e1rgyerekr\u0151l tudod megmondani, kik a h\u00edres sz\u00fcl\u0151k? Mindegyik k\u00e9rd\u00e9sn\u00e9l h\u00e1rom lehet\u0151s\u00e9g k\u00f6z\u00fcl kell kiv\u00e1lasztanunk, vajon kik a k\u00e9pen l\u00e1that\u00f3 h\u00edress\u00e9g m\u00e9g h\u00edresebb sz\u00fclei. H\u00e1ny pontod lesz a szt\u00e1rgyerek-kv\u00edzen?<\/p>\n<p>A Lennon csal\u00e1dban a neveknek mindig volt jelent\u0151s\u00e9g\u00fck<br \/>\n<img title=\"john-lennon-unoka | Marie Claire\" aria-describedby=\"caption-attachment-469266\" decoding=\"async\" loading=\"lazy\" class=\"wp-image-469266 size-full\" src=\"https:\/\/www.europesays.com\/hu\/wp-content\/uploads\/2026\/09\/GettyImages-1253343003.jpg\" alt=\"Yoko Ono \u00e9s Sean Lennon 1983-ban, fekete-feh\u00e9r felv\u00e9telen\" width=\"1200\" height=\"1800\"  \/><\/p>\n<p id=\"caption-attachment-469266\" class=\"wp-caption-text\">Yoko Ono \u00e9s Sean Lennon 1983-ban<\/p>\n<p>A <a href=\"https:\/\/nlc.hu\/csalad\/20260902\/john-lennon-es-yoko-ono-unoka\/\" rel=\"nofollow noopener\" target=\"_blank\">Lennon csal\u00e1d<\/a> t\u00f6rt\u00e9net\u00e9ben t\u00f6bb olyan n\u00e9v is szerepel, amelynek k\u00fcl\u00f6nleges szem\u00e9lyes vagy kultur\u00e1lis h\u00e1ttere van.<\/p>\n<p>Sean teljes neve Sean Tar\u014d Ono Lennon. A Sean a John \u00edr megfelel\u0151je, vagyis m\u00e1r a keresztneve is kapcsol\u00f3dik \u00e9desapj\u00e1hoz. Sean 1975. okt\u00f3ber 9-\u00e9n, \u00e9ppen John Lennon 35. sz\u00fclet\u00e9snapj\u00e1n sz\u00fcletett New Yorkban.\u00a0<\/p>\n<p>\u00a0<\/p>\n<p>\u00c9desapja els\u0151 fia, Julian Lennon szint\u00e9n csal\u00e1di kapcsol\u00f3d\u00e1st hordoz\u00f3 nevet kapott. Julian neve John \u00e9desanyj\u00e1ra, Julia Lennonra utal, aki 1958-ban halt meg.<\/p>\n<p>Sean Lennon tov\u00e1bbviszi sz\u00fclei zenei \u00f6r\u00f6ks\u00e9g\u00e9t<\/p>\n<p>Sean Ono Lennon maga is zen\u00e9sz: h\u00edres \u00e9desanyj\u00e1val t\u00f6bb k\u00f6z\u00f6s zenei projekten dolgozott, emellett sz\u00f3l\u00f3lemezeket k\u00e9sz\u00edtett, \u00e9s a The Claypool Lennon Delirium nev\u0171 pszichedelikus rockzenekarban is j\u00e1tszott. Producerk\u00e9nt is dolgozott, t\u00f6bbek k\u00f6z\u00f6tt Lana Del Rey Lust for Life c\u00edm\u0171, 2017-es album\u00e1n.\u00a0<\/p>\n<p>Az elm\u00falt \u00e9vekben Sean egyre nagyobb szerepet v\u00e1llalt \u00e9desapja m\u0171v\u00e9szi <a href=\"https:\/\/nlc.hu\/sztarok\/20131018\/yoko-ono-john-lennon-hazassag-gyerek-parkapcsolat\/\" rel=\"nofollow noopener\" target=\"_blank\">\u00f6r\u00f6ks\u00e9g\u00e9nek<\/a> gondoz\u00e1s\u00e1ban. 2025-ben arr\u00f3l besz\u00e9lt, hogy technikailag \u00e1tvette \u00e9desanyj\u00e1t\u00f3l John Lennon hagyat\u00e9k\u00e1nak gondoz\u00e1s\u00e1t, ugyanakkor \u00fagy fogalmazott, hogy val\u00f3j\u00e1ban az eg\u00e9sz vil\u00e1g \u0151rzi \u00e9desapja \u00f6r\u00f6ks\u00e9g\u00e9t.<\/p>\n<p>\u201eA legjobb tud\u00e1som szerint pr\u00f3b\u00e1lok seg\u00edteni abban, hogy a fiatalabb gener\u00e1ci\u00f3 se felejtse el a Beatlest, Johnt \u00e9s Yok\u00f3t\u201d \u2013 mondta kor\u00e1bban. Most pedig egy <a href=\"https:\/\/24.hu\/kultura\/2026\/09\/02\/john-lennon-yoko-ono-elso-unoka-megszuletett\/\" rel=\"nofollow noopener\" target=\"_blank\">\u00faj gener\u00e1ci\u00f3val b\u0151v\u00fclt a csal\u00e1d<\/a>: Aurelius John Lennon els\u0151 v\u00e9r szerinti unok\u00e1ja!\u00a0<\/p>\n<p>Forr\u00e1s: <a href=\"https:\/\/pagesix.com\/2026\/09\/02\/celebrity-news\/john-lennons-son-sean-welcomes-baby-boy-beatles-rockstars-first-grandchild-with-partner-charlotte-kemp-muhl\/?fbclid=IwY2xjawUFDYdwZG9mBWV4dG4DYWVtAjEwAGJyaWQRMEVCdlVPalRrRXBTNVZtMUhzcnRjBmFwcF9pZBAyMjIwMzkxNzg4MjAwODkyAAEeh4X3fmVcVtZBvT1YCu6ByJDRWFb-9syiCqrOP5tVC5YRilxn8qrijuMzDKk_aem_NZZrw-lI4XZa1NKq2hJc8g\" rel=\"nofollow noopener\" target=\"_blank\">Page Six<\/a> Fot\u00f3: Getty Images<\/p>\n<p>\t\tOlvass tov\u00e1bb<\/p>\n<p>\t\t\t\t\t\t\t\t\t<a class=\"m-postListWidget__img m-postList__img\" href=\"https:\/\/marieclaire.hu\/napi-design\/2013\/10\/29\/john-lennon-fal\/\" rel=\"nofollow noopener\" target=\"_blank\"><br \/>\n\t\t\t\t\t\t<img width=\"480\" height=\"322\" src=\"https:\/\/www.europesays.com\/hu\/wp-content\/uploads\/2026\/09\/John-Lennon-1-480x322.jpg\" class=\"attachment-central-medium size-central-medium wp-post-image\" alt=\"\" decoding=\"async\" loading=\"lazy\"   title=\"John-Lennon.png | Marie Claire\"\/>\t\t\t\t\t<\/a><\/p>\n<p>\t\t\t\t\t\t\t\t\t<a class=\"m-postListWidget__img m-postList__img\" href=\"https:\/\/marieclaire.hu\/sztarok\/2014\/10\/24\/hires-emberek-listai\/\" rel=\"nofollow noopener\" target=\"_blank\"><br \/>\n\t\t\t\t\t\t<img width=\"338\" height=\"480\" src=\"https:\/\/www.europesays.com\/hu\/wp-content\/uploads\/2026\/09\/Lista-Johnny-Cash-1-338x480.jpg\" class=\"attachment-central-medium size-central-medium wp-post-image\" alt=\"\" decoding=\"async\" loading=\"lazy\"   title=\"Lista-Johnny-Cash.png | Marie Claire\"\/>\t\t\t\t\t<\/a><\/p>\n<p>\t\tAj\u00e1nlott vide\u00f3<\/p>\n","protected":false},"excerpt":{"rendered":"Megsz\u00fcletett John Lennon els\u0151 unok\u00e1ja, Sean Ono Lennon \u00e9s 39 \u00e9ves p\u00e1rja, Charlotte Kemp Muhl gyermeke. Az Aurelius&hellip;\n","protected":false},"author":2,"featured_media":231616,"comment_status":"","ping_status":"","sticky":false,"template":"","format":"standard","meta":{"footnotes":"","_share_on_mastodon":"0"},"categories":[16],"tags":[137,44,42,40,7483,61168,43,41,138,7482],"class_list":["post-231615","post","type-post","status-publish","format-standard","has-post-thumbnail","category-szorakozas","tag-entertainment","tag-hu","tag-hungarian","tag-hungary","tag-john-lennon","tag-julian-lennon","tag-magyar","tag-magyarorszag","tag-szorakozas","tag-yoko-ono"],"share_on_mastodon":{"url":"https:\/\/pubeurope.com\/@hu\/117208217642148105","error":""},"_links":{"self":[{"href":"https:\/\/www.europesays.com\/hu\/wp-json\/wp\/v2\/posts\/231615","targetHints":{"allow":["GET"]}}],"collection":[{"href":"https:\/\/www.europesays.com\/hu\/wp-json\/wp\/v2\/posts"}],"about":[{"href":"https:\/\/www.europesays.com\/hu\/wp-json\/wp\/v2\/types\/post"}],"author":[{"embeddable":true,"href":"https:\/\/www.europesays.com\/hu\/wp-json\/wp\/v2\/users\/2"}],"replies":[{"embeddable":true,"href":"https:\/\/www.europesays.com\/hu\/wp-json\/wp\/v2\/comments?post=231615"}],"version-history":[{"count":0,"href":"https:\/\/www.europesays.com\/hu\/wp-json\/wp\/v2\/posts\/231615\/revisions"}],"wp:featuredmedia":[{"embeddable":true,"href":"https:\/\/www.europesays.com\/hu\/wp-json\/wp\/v2\/media\/231616"}],"wp:attachment":[{"href":"https:\/\/www.europesays.com\/hu\/wp-json\/wp\/v2\/media?parent=231615"}],"wp:term":[{"taxonomy":"category","embeddable":true,"href":"https:\/\/www.europesays.com\/hu\/wp-json\/wp\/v2\/categories?post=231615"},{"taxonomy":"post_tag","embeddable":true,"href":"https:\/\/www.europesays.com\/hu\/wp-json\/wp\/v2\/tags?post=231615"}],"curies":[{"name":"wp","href":"https:\/\/api.w.org\/{rel}","templated":true}]}}