{"id":231623,"date":"2026-09-03T17:15:14","date_gmt":"2026-09-03T17:15:14","guid":{"rendered":"https:\/\/www.europesays.com\/hu\/231623\/"},"modified":"2026-09-03T17:15:14","modified_gmt":"2026-09-03T17:15:14","slug":"nyugdijkorhatar-2026-tenyleg-67-vagy-69-evre-emelik","status":"publish","type":"post","link":"https:\/\/www.europesays.com\/hu\/231623\/","title":{"rendered":"Nyugd\u00edjkorhat\u00e1r 2026: t\u00e9nyleg 67 vagy 69 \u00e9vre emelik?"},"content":{"rendered":"<p>\t\t\t\t\t\t\t\t\t\tId\u0151r\u0151l id\u0151re sz\u00e1rnyra kap a h\u00edr: dolgozni 67 \u00e9ves korig?!<\/p>\n<p>Aki mostan\u00e1ban r\u00e1keres a nyugd\u00edjkorhat\u00e1rra, k\u00f6nnyen azt hiheti, hogy m\u00e1r meg is sz\u00fcletett a d\u00f6nt\u00e9s: Magyarorsz\u00e1gon hamarosan 67 \u00e9ves korig kell dolgozni, k\u00e9s\u0151bb pedig ak\u00e1r 69 \u00e9ves korig. Ez jelenleg nem igaz.<\/p>\n<p>A <a href=\"https:\/\/nlc.hu\/ezvan\/20260831\/kiderult-hany-evesen-mennek-nyugdijba-a-magyarok-es-meddig-elnek-utana\/\" target=\"_blank\" rel=\"noopener nofollow\">Magyar \u00c1llamkincst\u00e1r<\/a> 2026 szeptember\u00e9ben is azt \u00edrja: az 1957-ben vagy k\u00e9s\u0151bb sz\u00fcletettek \u00f6regs\u00e9gi nyugd\u00edjkorhat\u00e1ra 65 \u00e9v. Teljes \u00f6regs\u00e9gi nyugd\u00edjhoz f\u0151szab\u00e1ly szerint legal\u00e1bb 20 \u00e9v szolg\u00e1lati id\u0151 sz\u00fcks\u00e9ges, legal\u00e1bb 15 \u00e9v szolg\u00e1lati id\u0151vel pedig r\u00e9sznyugd\u00edj \u00e1llap\u00edthat\u00f3 meg.<\/p>\n<p>Nyugd\u00edjkorhat\u00e1r 2026: jelenleg tov\u00e1bbra is 65 \u00e9v<\/p>\n<p>A magyar nyugd\u00edjkorhat\u00e1r val\u00f3ban fokozatosan emelkedett az elm\u00falt \u00e9vekben. Az 1952 el\u0151tt sz\u00fcletettekn\u00e9l m\u00e9g 62 \u00e9v volt a korhat\u00e1r, majd a k\u00f6vetkez\u0151 \u00e9vj\u00e1ratokn\u00e1l l\u00e9pcs\u0151zetesen n\u0151tt:<\/p>\n<p>az 1952-ben sz\u00fcletettekn\u00e9l 62 \u00e9v \u00e9s 183 napra, az 1953-asokn\u00e1l 63 \u00e9vre, az 1954-esekn\u00e9l 63 \u00e9v \u00e9s 183 napra, az 1955-\u00f6s\u00f6kn\u00e9l 64 \u00e9vre, az 1956-osokn\u00e1l pedig 64 \u00e9v \u00e9s 183 napra.<\/p>\n<p>Az 1957-ben \u00e9s k\u00e9s\u0151bb sz\u00fcletettekn\u00e9l m\u00e1r 65 \u00e9v a <a href=\"https:\/\/nlc.hu\/ezvan\/20251112\/nyugdijkorhatar-valtozas-alhir\/\" target=\"_blank\" rel=\"noopener nofollow\">nyugd\u00edjkorhat\u00e1r<\/a>, \u00e9s jelenleg nincs olyan hat\u00e1lyos szab\u00e1ly, amely ezt automatikusan tov\u00e1bb emeln\u00e9.<\/p>\n<p>Ezt az OECD legfrissebb, 2025-\u00f6s nemzetk\u00f6zi nyugd\u00edjjelent\u00e9se is meger\u0151s\u00edti: a magyar t\u00f6rv\u00e9nyes nyugd\u00edjkorhat\u00e1rt 65 \u00e9vben adja meg, \u00e9s a jelenlegi szab\u00e1lyoz\u00e1s alapj\u00e1n a j\u00f6v\u0151re vonatkoz\u00f3 sz\u00e1m\u00edt\u00e1s\u00e1ban is 65 \u00e9vvel sz\u00e1mol Magyarorsz\u00e1gn\u00e1l.<\/p>\n<p>Akkor honnan j\u00f6tt a 67 \u00e9s a 69 \u00e9ves nyugd\u00edjkorhat\u00e1r, mint idea?<\/p>\n<p>Itt v\u00e1lik \u00e9rdekess\u00e9 a t\u00f6rt\u00e9net. A sz\u00e1mok egy 2024-es OECD-tanulm\u00e1nyban val\u00f3ban szerepelnek. A Strengthening the Hungarian Pension System, vagyis A magyar nyugd\u00edjrendszer meger\u0151s\u00edt\u00e9se c\u00edm\u0171 jelent\u00e9st a magyar korm\u00e1ny k\u00e9r\u00e9s\u00e9re k\u00e9sz\u00edtette el a Gazdas\u00e1gi Egy\u00fcttm\u0171k\u00f6d\u00e9si \u00e9s Fejleszt\u00e9si Szervezet.<\/p>\n<p>A jelent\u00e9s c\u00e9lja azonban nem egy m\u00e1r eld\u00f6nt\u00f6tt reform bemutat\u00e1sa volt. Az OECD k\u00fcl\u00f6nb\u00f6z\u0151 lehets\u00e9ges megold\u00e1sokat vizsg\u00e1lt meg arra, hogyan lehetne hossz\u00fa t\u00e1von fenntarthat\u00f3bb\u00e1 tenni a magyar nyugd\u00edjrendszert. Maga a jelent\u00e9s is \u00fagy fogalmaz, hogy olyan szakpolitikai lehet\u0151s\u00e9geket mutat be, amelyeket a d\u00f6nt\u00e9shoz\u00f3k megfontolhatnak. Ezek egyike volt a nyugd\u00edjkorhat\u00e1r v\u00e1rhat\u00f3 \u00e9lettartamhoz k\u00f6t\u00e9se.<\/p>\n<p>\u00cdgy j\u00f6nne ki a 67, majd a 69 \u00e9v<\/p>\n<p>Az OECD \u00e1ltal megvizsg\u00e1lt egyik forgat\u00f3k\u00f6nyv szerint a 65 \u00e9ves korban <a href=\"https:\/\/nlc.hu\/csalad\/20260724\/emberi-elettartam-vegso-hatar-194-ev\/\" target=\"_blank\" rel=\"noopener nofollow\">v\u00e1rhat\u00f3 \u00e9lettartam<\/a> minden egy\u00e9ves n\u00f6veked\u00e9s\u00e9nek k\u00e9tharmad\u00e1t kellene hozz\u00e1adni a nyugd\u00edjkorhat\u00e1rhoz. Ez egyszer\u0171bben azt jelenti, hogy ha a 65 \u00e9vesek v\u00e1rhat\u00f3 h\u00e1tral\u00e9v\u0151 \u00e9lettartama egy \u00e9vvel n\u0151, akkor a nyugd\u00edjkorhat\u00e1r nyolc h\u00f3nappal emelkedne.<\/p>\n<p>Az OECD sz\u00e1m\u00edt\u00e1sa szerint, ha ezt a mechanizmust 2025-t\u0151l alkalmazn\u00e1k, a jelenlegi 65 \u00e9ves korhat\u00e1r:<\/p>\n<p>2045-re k\u00f6r\u00fclbel\u00fcl 67 \u00e9vre, 2070-re pedig 69 \u00e9vre emelkedne.<\/p>\n<p>A jelent\u00e9sben teh\u00e1t val\u00f3ban pontosan ez a k\u00e9t sz\u00e1m szerepel. Csakhogy az OECD a fejezetet egy\u00e9rtelm\u0171en \u201ePolicy Option 1\u201d, azaz 1. szakpolitikai lehet\u0151s\u00e9g n\u00e9ven t\u00e1rgyalja, \u00e9s a sz\u00e1m\u00edt\u00e1s egy modellezett forgat\u00f3k\u00f6nyv, nem pedig magyar jogszab\u00e1ly. R\u00e1ad\u00e1sul maga a tanulm\u00e1ny is lesz\u00f6gezi, hogy Magyarorsz\u00e1gon jelenleg nincs folyamatban tov\u00e1bbi nyugd\u00edjkorhat\u00e1r-emel\u00e9s.<\/p>\n<p>Mi\u00e9rt mer\u00fcl fel egy\u00e1ltal\u00e1n a nyugd\u00edjkorhat\u00e1r emel\u00e9se?<\/p>\n<p>A h\u00e1tt\u00e9rben els\u0151sorban a t\u00e1rsadalom \u00f6reged\u00e9se \u00e1ll. A magyar <a href=\"https:\/\/www.noklapja.hu\/aktualis\/2026\/08\/13\/nyugdij-osszege-40-ev-utan\/\" target=\"_blank\" rel=\"noopener noreferrer nofollow\">\u00e1llami nyugd\u00edjrendszer<\/a> feloszt\u00f3-kirov\u00f3 rendszer: leegyszer\u0171s\u00edtve a jelenlegi akt\u00edv dolgoz\u00f3k befizet\u00e9seib\u0151l finansz\u00edrozz\u00e1k a jelenlegi nyugd\u00edjakat.<\/p>\n<p>A K\u00f6zponti Statisztikai Hivatal n\u00e9pess\u00e9g-el\u0151rejelz\u00e9s\u00e9nek k\u00f6zepes v\u00e1ltozata szerint az id\u0151skori eltartotts\u00e1gi r\u00e1ta 2070-re 61,2 sz\u00e1zal\u00e9kra n\u0151het. Ez azt jelenti, hogy ezer 15\u201364 \u00e9ves emberre 612 legal\u00e1bb 65 \u00e9ves jutna. 2021-ben ugyanez az ar\u00e1ny 312 volt ezer akt\u00edv kor\u00fara.<\/p>\n<p>Az OECD saj\u00e1t sz\u00e1m\u00edt\u00e1sa m\u00e9g \u00e9rz\u00e9kletesebben mutatja a v\u00e1ltoz\u00e1st: 1995-ben 4,2 h\u00fasz \u00e9s hatvann\u00e9gy \u00e9v k\u00f6z\u00f6tti magyar jutott egy 65 \u00e9v feletti emberre, 2023-ban m\u00e1r csak 2,9, 2070-re pedig ez az ar\u00e1ny 1,8-ra cs\u00f6kkenhet.<\/p>\n<p>Ez azonban \u00f6nmag\u00e1ban nem jelenti azt, hogy a nyugd\u00edjkorhat\u00e1rt sz\u00fcks\u00e9gszer\u0171en emelni kell. A nyugd\u00edjrendszer egyens\u00faly\u00e1t a foglalkoztat\u00e1s, a keresetek, a termel\u00e9kenys\u00e9g, a j\u00e1rul\u00e9kok, a k\u00f6lts\u00e9gvet\u00e9si t\u00e1mogat\u00e1sok \u00e9s sz\u00e1mos m\u00e1s t\u00e9nyez\u0151 is befoly\u00e1solja.<\/p>\n<p>Az OECD szerint sem probl\u00e9mamentes a korhat\u00e1remel\u00e9s<\/p>\n<p>Van egy kev\u00e9sb\u00e9 id\u00e9zett r\u00e9sze is a 2024-es OECD-jelent\u00e9snek. A szervezet megjegyzi, hogy b\u00e1r Magyarorsz\u00e1gon n\u0151tt a 65 \u00e9ves korban v\u00e1rhat\u00f3 eg\u00e9szs\u00e9ges \u00e9lettartam, k\u00fcl\u00f6n\u00f6sen a magyar f\u00e9rfiak v\u00e1rhat\u00f3 \u00e9lettartama tov\u00e1bbra is alacsony sok m\u00e1s OECD-orsz\u00e1g\u00e9hoz k\u00e9pest. Emiatt a magyarok eleve kevesebb nyugd\u00edjas \u00e9vre sz\u00e1m\u00edthatnak, mint sok m\u00e1s eur\u00f3pai orsz\u00e1g lak\u00f3i. Az OECD ez\u00e9rt maga is azt \u00edrja, hogy egy esetleges korhat\u00e1rv\u00e1ltoz\u00e1sn\u00e1l k\u00fcl\u00f6nb\u00f6z\u0151 szempontok k\u00f6z\u00f6tt kellene megtal\u00e1lni az egyens\u00falyt.<\/p>\n<p>Ez k\u00fcl\u00f6n\u00f6sen fontos azokn\u00e1l, akik fizikailag megterhel\u0151 munk\u00e1t v\u00e9geznek, vagy eg\u00e9szs\u00e9gi \u00e1llapotuk miatt nem felt\u00e9tlen\u00fcl tudnak 67-69 \u00e9ves korukig dolgozni.<\/p>\n<p>Ok\u00e9, de mi lenne a N\u0151k40-nel?<\/p>\n<p>A jelenlegi magyar szab\u00e1lyok szerint a <a href=\"https:\/\/www.allamkincstar.gov.hu\/nyugdij\/sajat-jogu-ellatasok\/oregsegi-nyugdij\/nok-kedvezmenyes-oregsegi-nyugdija\" target=\"_blank\" rel=\"noopener noreferrer nofollow\">N\u0151k40<\/a> tov\u00e1bbra is l\u00e9tezik. Az a n\u0151, aki legal\u00e1bb 40 \u00e9v jogosults\u00e1gi id\u0151t szerzett, \u00e9letkor\u00e1t\u00f3l f\u00fcggetlen\u00fcl kedvezm\u00e9nyes \u00f6regs\u00e9gi nyugd\u00edjra lehet jogosult. \u00c9rdekess\u00e9g, hogy az OECD 2024-es tanulm\u00e1nya ezt a rendszert is vizsg\u00e1lta.<\/p>\n<p>A 67, illetve 69 \u00e9ves korhat\u00e1rt eredm\u00e9nyez\u0151 forgat\u00f3k\u00f6nyvben nem egyszer\u0171en elt\u00f6r\u00f6ln\u00e9k a N\u0151k40-et: az OECD modellj\u00e9ben annak felt\u00e9telei is fokozatosan v\u00e1ltozn\u00e1nak a v\u00e1rhat\u00f3 \u00e9lettartammal egy\u00fctt. M\u00e1s vizsg\u00e1lt forgat\u00f3k\u00f6nyvek k\u00f6z\u00f6tt viszont szerepel a program szigor\u00edt\u00e1sa vagy hosszabb t\u00e1v\u00fa kivezet\u00e9se is. Ezek azonban ugyan\u00fagy szakpolitikai forgat\u00f3k\u00f6nyvek, nem hat\u00e1lyos szab\u00e1lyok.<\/p>\n<p>Fot\u00f3: illusztr\u00e1ci\u00f3, Getty Images<\/p>\n","protected":false},"excerpt":{"rendered":"Id\u0151r\u0151l id\u0151re sz\u00e1rnyra kap a h\u00edr: dolgozni 67 \u00e9ves korig?! Aki mostan\u00e1ban r\u00e1keres a nyugd\u00edjkorhat\u00e1rra, k\u00f6nnyen azt hiheti,&hellip;\n","protected":false},"author":2,"featured_media":231624,"comment_status":"","ping_status":"","sticky":false,"template":"","format":"standard","meta":{"footnotes":"","_share_on_mastodon":"0"},"categories":[6],"tags":[44,42,40,9205,43,41,671,24529],"class_list":["post-231623","post","type-post","status-publish","format-standard","has-post-thumbnail","category-magyarorszag","tag-hu","tag-hungarian","tag-hungary","tag-itt-most","tag-magyar","tag-magyarorszag","tag-nyugdij","tag-nyugdijkorhatar"],"share_on_mastodon":{"url":"https:\/\/pubeurope.com\/@hu\/117208241037272107","error":""},"_links":{"self":[{"href":"https:\/\/www.europesays.com\/hu\/wp-json\/wp\/v2\/posts\/231623","targetHints":{"allow":["GET"]}}],"collection":[{"href":"https:\/\/www.europesays.com\/hu\/wp-json\/wp\/v2\/posts"}],"about":[{"href":"https:\/\/www.europesays.com\/hu\/wp-json\/wp\/v2\/types\/post"}],"author":[{"embeddable":true,"href":"https:\/\/www.europesays.com\/hu\/wp-json\/wp\/v2\/users\/2"}],"replies":[{"embeddable":true,"href":"https:\/\/www.europesays.com\/hu\/wp-json\/wp\/v2\/comments?post=231623"}],"version-history":[{"count":0,"href":"https:\/\/www.europesays.com\/hu\/wp-json\/wp\/v2\/posts\/231623\/revisions"}],"wp:featuredmedia":[{"embeddable":true,"href":"https:\/\/www.europesays.com\/hu\/wp-json\/wp\/v2\/media\/231624"}],"wp:attachment":[{"href":"https:\/\/www.europesays.com\/hu\/wp-json\/wp\/v2\/media?parent=231623"}],"wp:term":[{"taxonomy":"category","embeddable":true,"href":"https:\/\/www.europesays.com\/hu\/wp-json\/wp\/v2\/categories?post=231623"},{"taxonomy":"post_tag","embeddable":true,"href":"https:\/\/www.europesays.com\/hu\/wp-json\/wp\/v2\/tags?post=231623"}],"curies":[{"name":"wp","href":"https:\/\/api.w.org\/{rel}","templated":true}]}}