{"id":231627,"date":"2026-09-03T17:17:07","date_gmt":"2026-09-03T17:17:07","guid":{"rendered":"https:\/\/www.europesays.com\/hu\/231627\/"},"modified":"2026-09-03T17:17:07","modified_gmt":"2026-09-03T17:17:07","slug":"szerencses-vagyok-hogy-elek-frontalis-utkozesben-tort-totalkarosra-a-budapestre-keszulo-olimpiai-bajnok-autoja","status":"publish","type":"post","link":"https:\/\/www.europesays.com\/hu\/231627\/","title":{"rendered":"\u201eSzerencs\u00e9s vagyok, hogy \u00e9lek\u201d: front\u00e1lis \u00fctk\u00f6z\u00e9sben t\u00f6rt tot\u00e1lk\u00e1rosra a Budapestre k\u00e9sz\u00fcl\u0151 olimpiai bajnok aut\u00f3ja"},"content":{"rendered":"<p>2026. szeptember 3. 18:43<\/p>\n<p>Aut\u00f3balesetet szenvedett Tara Davis-Woodhall olimpiai bajnok t\u00e1volugr\u00f3n\u0151, \u00edgy k\u00e9rd\u00e9sess\u00e9 v\u00e1lt a szerepl\u00e9se a szeptember 11-\u00e9n kezd\u0151d\u0151 budapesti World Athletics Ultimate Championships elnevez\u00e9s\u0171 versenyen &#8211; sz\u00e1molt be a <a href=\"https:\/\/www.bbc.com\/sport\/athletics\/articles\/cwyzdvrrz3yo\" target=\"_blank\" rel=\"noopener nofollow\">BBC Sport<\/a>.<\/p>\n<p>A 27 \u00e9ves amerikai atl\u00e9ta a m\u00falt h\u00e9ten edz\u00e9sre tartott, amikor aut\u00f3ja front\u00e1lisan \u00fctk\u00f6z\u00f6tt egy m\u00e1sik j\u00e1rm\u0171vel. A baleset k\u00f6vetkezt\u00e9ben s\u00falyos agyr\u00e1zk\u00f3d\u00e1st szenvedett, de \u00e9letvesz\u00e9lyes s\u00e9r\u00fcl\u00e9se nem volt. Mindk\u00e9t, nagyj\u00e1b\u00f3l 30 km\/h-s sebess\u00e9ggel halad\u00f3 j\u00e1rm\u0171 tot\u00e1lk\u00e1rosra t\u00f6rt. &#8222;Szerencs\u00e9s \u00e9s \u00e1ldott vagyok, hogy \u00e9lek&#8221; \u2013 \u00edrta k\u00f6z\u00f6ss\u00e9gi oldal\u00e1n Davis-Woodhall.<\/p>\n<p>\t\t\t\t<a href=\"https:\/\/www.penzcentrum.hu\/frisshirek\" rel=\"nofollow noopener\" target=\"_blank\">A legfrissebb h\u00edrek, id\u0151rendben ITT!<\/a><\/p>\n<p>\t\t\t\t<a href=\"https:\/\/news.google.com\/publications\/CAAiECtCpL84n14N1lGAd73KUFMqFAgKIhArQqS_OJ9eDdZRgHe9ylBT?hl=hu&amp;gl=HU&amp;ceid=HU%3Ahu\" rel=\"nofollow noopener\" target=\"_blank\">K\u00f6vess minket a Google H\u00edrek-ben is!<\/a><\/p>\n<p>&#13;<\/p>\n<p>A sportol\u00f3 az incidens \u00f3ta nem tudott edzeni, \u00e9s egyel\u0151re bizonytalan, hogy rajthoz tud-e \u00e1llni a budapesti torn\u00e1n.<\/p>\n<p>&#13;<\/p>\n<p class=\"quote\">Jelenleg az orvosaimmal \u00e9s a csapatommal azon dolgozunk, hogy rendbe j\u00f6jjek, de nem vagyok biztos benne, hogy k\u00e9szen \u00e1llok a j\u00f6v\u0151 heti Ultimate Championshipre<\/p>\n<p>&#13;<\/p>\n<p>\u2013 nyilatkozta.<\/p>\n<p>&#13;<\/p>\n<p>Davis-Woodhall sz\u00e1m\u00e1ra k\u00fcl\u00f6n\u00f6sen rosszkor j\u00f6tt a baleset, elmond\u00e1sa szerint ugyanis \u00e9ppen cs\u00facsform\u00e1ban volt. &#8222;Olyan gyors \u00e9s er\u0151s vagyok, mint m\u00e9g soha, ez\u00e9rt ez a d\u00f6nt\u00e9s nagyon neh\u00e9z sz\u00e1momra&#8221; \u2013 fogalmazott.<\/p>\n<p>&#13;<\/p>\n<p>A t\u00e1volugr\u00f3n\u0151 a 2024-es p\u00e1rizsi olimpi\u00e1n szerzett arany\u00e9rmet, majd egy \u00e9vvel k\u00e9s\u0151bb a toki\u00f3i vil\u00e1gbajnoks\u00e1gon is gy\u0151z\u00f6tt. A budapesti Ultimate Championships egy h\u00e1romnapos szezonz\u00e1r\u00f3 torna, amelyen olimpiai \u00e9s vil\u00e1gbajnokok, a Gy\u00e9m\u00e1nt Liga gy\u0151ztesei, valamint az \u00e9v legjobb teljes\u00edtm\u00e9ny\u00e9t ny\u00fajt\u00f3 atl\u00e9t\u00e1k m\u00e9rik \u00f6ssze tud\u00e1sukat. A gy\u0151ztes 111 ezer fontos p\u00e9nzd\u00edjban r\u00e9szes\u00fcl.<\/p>\n<p>Ennek a cikknek az el\u0151k\u00e9sz\u00edt\u00e9s\u00e9ben AI-asszisztens m\u0171k\u00f6d\u00f6tt k\u00f6zre, a v\u00e9gleges tartalmat \u00fajs\u00e1g\u00edr\u00f3nk szerkesztette \u00e9s ellen\u0151rizte.<\/p>\n","protected":false},"excerpt":{"rendered":"2026. szeptember 3. 18:43 Aut\u00f3balesetet szenvedett Tara Davis-Woodhall olimpiai bajnok t\u00e1volugr\u00f3n\u0151, \u00edgy k\u00e9rd\u00e9sess\u00e9 v\u00e1lt a szerepl\u00e9se a szeptember&hellip;\n","protected":false},"author":2,"featured_media":231628,"comment_status":"","ping_status":"","sticky":false,"template":"","format":"standard","meta":{"footnotes":"","_share_on_mastodon":"0"},"categories":[22],"tags":[393,73,44,42,40,672,43,41,669,671,670,674,111,673],"class_list":["post-231627","post","type-post","status-publish","format-standard","has-post-thumbnail","category-budapest","tag-biztositas","tag-budapest","tag-hu","tag-hungarian","tag-hungary","tag-karrier","tag-magyar","tag-magyarorszag","tag-megtakaritas","tag-nyugdij","tag-otthon","tag-utazas","tag-vallalkozas","tag-vasarlas"],"share_on_mastodon":{"url":"https:\/\/pubeurope.com\/@hu\/117208248633129649","error":""},"_links":{"self":[{"href":"https:\/\/www.europesays.com\/hu\/wp-json\/wp\/v2\/posts\/231627","targetHints":{"allow":["GET"]}}],"collection":[{"href":"https:\/\/www.europesays.com\/hu\/wp-json\/wp\/v2\/posts"}],"about":[{"href":"https:\/\/www.europesays.com\/hu\/wp-json\/wp\/v2\/types\/post"}],"author":[{"embeddable":true,"href":"https:\/\/www.europesays.com\/hu\/wp-json\/wp\/v2\/users\/2"}],"replies":[{"embeddable":true,"href":"https:\/\/www.europesays.com\/hu\/wp-json\/wp\/v2\/comments?post=231627"}],"version-history":[{"count":0,"href":"https:\/\/www.europesays.com\/hu\/wp-json\/wp\/v2\/posts\/231627\/revisions"}],"wp:featuredmedia":[{"embeddable":true,"href":"https:\/\/www.europesays.com\/hu\/wp-json\/wp\/v2\/media\/231628"}],"wp:attachment":[{"href":"https:\/\/www.europesays.com\/hu\/wp-json\/wp\/v2\/media?parent=231627"}],"wp:term":[{"taxonomy":"category","embeddable":true,"href":"https:\/\/www.europesays.com\/hu\/wp-json\/wp\/v2\/categories?post=231627"},{"taxonomy":"post_tag","embeddable":true,"href":"https:\/\/www.europesays.com\/hu\/wp-json\/wp\/v2\/tags?post=231627"}],"curies":[{"name":"wp","href":"https:\/\/api.w.org\/{rel}","templated":true}]}}