{"id":231629,"date":"2026-09-03T17:20:11","date_gmt":"2026-09-03T17:20:11","guid":{"rendered":"https:\/\/www.europesays.com\/hu\/231629\/"},"modified":"2026-09-03T17:20:11","modified_gmt":"2026-09-03T17:20:11","slug":"after-borbas-marcsi-a-network4-hez-igazol-szoros-egyuttmukodesre-lep-a-csatorna-a-kontroll-lal","status":"publish","type":"post","link":"https:\/\/www.europesays.com\/hu\/231629\/","title":{"rendered":"After: Borb\u00e1s Marcsi a Network4-hez igazol, szoros egy\u00fcttm\u0171k\u00f6d\u00e9sre l\u00e9p a csatorna a Kontroll-lal"},"content":{"rendered":"<p><a href=\"https:\/\/telex.hu\/szerzo\/madzin-emilia\" class=\"author__avatar\" rel=\"nofollow noopener\" target=\"_blank\"><img decoding=\"async\" src=\"https:\/\/www.europesays.com\/hu\/wp-content\/uploads\/2026\/09\/1788456011_257_1752846975-temp-fAFKLa_avatar@4x.jpg\" alt=\"Madzin Em\u00edlia\" class=\"avatar\" loading=\"lazy\"\/><\/a><\/p>\n<p>A Network4 \u00e9s a Kontroll.hu szoros egy\u00fcttm\u0171k\u00f6d\u00e9sre l\u00e9p, a csatorn\u00e1n lesz l\u00e1that\u00f3 az RTL Reggelib\u0151l t\u00e1voz\u00f3 Papp Gerg\u0151 \u00faj m\u0171sora, der\u00fcl ki a Network4 k\u00f6zlem\u00e9ny\u00e9b\u0151l.<\/p>\n<p>Ezzel egy\u00fctt jelentette be a csatorna, hogy Borb\u00e1s Marcsi \u2013 <a href=\"https:\/\/telex.hu\/belfold\/2026\/08\/08\/borbas-marcsi-beperelte-kocsi-matet\" class=\"\" rel=\"nofollow noopener\" target=\"_blank\">aki a napokban t\u00e9nyleg beperelte Kocsis M\u00e1t\u00e9t,<\/a> miut\u00e1n a Fidesz kor\u00e1bbi frakci\u00f3vezet\u0151je Borb\u00e1st az elbukott v\u00e1laszt\u00e1s ut\u00e1n n\u00e9h\u00e1ny nappal a \u201emi kis h\u00e1zi \u00e1rul\u00f3ink\u201d egyik\u00e9nek nevezte \u2013 szint\u00e9n a Network4-hez igazol. K\u00e9t m\u0171sora is lesz: itt folytatja az Elgurulva c\u00edm\u0171 ker\u00e9kp\u00e1ros m\u0171sort, amiben M\u00e1rfi M\u00e1rk sz\u00edn\u00e9sszel egy\u00fctt a magyar vid\u00e9ken fognak biciklizni. Az \u00faj r\u00e9szek okt\u00f3bert\u0151l a Network4 fel\u00fcletein lesznek el\u00e9rhet\u0151ek, valamint k\u00e9perny\u0151re ker\u00fclnek a kor\u00e1bbi epiz\u00f3dok is.<\/p>\n<p>Az \u00c1tvinni a napot az \u00e9gen c\u00edm\u0171 m\u0171sorban pedig olyan emberekkel fog besz\u00e9lgetni Borb\u00e1s \u201eaz \u00e9let minden ter\u00fclet\u00e9r\u0151l, akiknek k\u00fcldet\u00e9s\u00fck \u00e9s mondanival\u00f3juk van a k\u00f6z\u00f6ss\u00e9gnek\u201d.<\/p>\n<p>A m\u0171sorvezet\u0151 szerd\u00e1n m\u00e9g arr\u00f3l \u00edrt a <a href=\"https:\/\/www.facebook.com\/photo\/?fbid=1640564950749214&amp;set=a.276680930470963\" target=\"_blank\" rel=\"nofollow noopener\">Facebook-oldal\u00e1n,<\/a> hogy a Borb\u00e1s Marcsi szak\u00e1csk\u00f6nyve c\u00edm\u0171 sorozat a tov\u00e1bbiakban nem folytat\u00f3dik, de hamarosan kommunik\u00e1lni fog arr\u00f3l, hol folytatja.<\/p>\n<p>Papp Gerg\u0151 a Riporterek c\u00edm\u0171 k\u00f6z\u00e9leti magazinm\u0171sor m\u0171sorvezet\u0151jek\u00e9nt folytatja, a m\u0171sor f\u0151szerkeszt\u0151je \u00e9s vezet\u0151 riportere L. D\u00e9zsi Zolt\u00e1n lesz. Papp Gerg\u0151 a <a href=\"https:\/\/telex.hu\/after\/2026\/08\/31\/tavozik-az-rtl-tol-papp-gergo-musorvezeto\" class=\"\" rel=\"nofollow noopener\" target=\"_blank\">napokban jelentette be,<\/a> hogy nyolc \u00e9v ut\u00e1n t\u00e1vozik az RTL-t\u0151l. A Kontroll k\u00f6zlem\u00e9nye szerint a Riporterekben a hazai k\u00f6z\u00e9let legfontosabb \u00e9s leg\u00e9rdekesebb t\u00f6rt\u00e9neteit mutatj\u00e1k majd be. A Network4 \u00e9s a Kontroll.hu egy\u00fcttm\u0171k\u00f6d\u00e9s\u00e9nek k\u00f6sz\u00f6nhet\u0151en a YouTube ut\u00e1n telev\u00edzi\u00f3-k\u00e9perny\u0151re ker\u00fcl a Szabadsajt\u00f3 Klub c\u00edm\u0171 k\u00f6z\u00e9leti vitam\u0171sor, valamint a Sorsok m\u00f6g\u00f6tt c\u00edm\u0171 m\u00e9lyinterj\u00fa-sorozat is.<\/p>\n<p>K\u00f6vess minket Facebookon is!<\/p>\n","protected":false},"excerpt":{"rendered":"A Network4 \u00e9s a Kontroll.hu szoros egy\u00fcttm\u0171k\u00f6d\u00e9sre l\u00e9p, a csatorn\u00e1n lesz l\u00e1that\u00f3 az RTL Reggelib\u0151l t\u00e1voz\u00f3 Papp Gerg\u0151&hellip;\n","protected":false},"author":2,"featured_media":231630,"comment_status":"","ping_status":"","sticky":false,"template":"","format":"standard","meta":{"footnotes":"","_share_on_mastodon":"0"},"categories":[19],"tags":[161,14023,137,44,42,40,22275,43,41,45125,36811,138,1504,315,1896,191],"class_list":["post-231629","post","type-post","status-publish","format-standard","has-post-thumbnail","category-tv","tag-after","tag-borbas-marcsi","tag-entertainment","tag-hu","tag-hungarian","tag-hungary","tag-kontroll","tag-magyar","tag-magyarorszag","tag-network4","tag-papp-gergo","tag-szorakozas","tag-televizio","tag-teve","tag-tevemusor","tag-tv"],"share_on_mastodon":{"url":"https:\/\/pubeurope.com\/@hu\/117208260834528347","error":""},"_links":{"self":[{"href":"https:\/\/www.europesays.com\/hu\/wp-json\/wp\/v2\/posts\/231629","targetHints":{"allow":["GET"]}}],"collection":[{"href":"https:\/\/www.europesays.com\/hu\/wp-json\/wp\/v2\/posts"}],"about":[{"href":"https:\/\/www.europesays.com\/hu\/wp-json\/wp\/v2\/types\/post"}],"author":[{"embeddable":true,"href":"https:\/\/www.europesays.com\/hu\/wp-json\/wp\/v2\/users\/2"}],"replies":[{"embeddable":true,"href":"https:\/\/www.europesays.com\/hu\/wp-json\/wp\/v2\/comments?post=231629"}],"version-history":[{"count":0,"href":"https:\/\/www.europesays.com\/hu\/wp-json\/wp\/v2\/posts\/231629\/revisions"}],"wp:featuredmedia":[{"embeddable":true,"href":"https:\/\/www.europesays.com\/hu\/wp-json\/wp\/v2\/media\/231630"}],"wp:attachment":[{"href":"https:\/\/www.europesays.com\/hu\/wp-json\/wp\/v2\/media?parent=231629"}],"wp:term":[{"taxonomy":"category","embeddable":true,"href":"https:\/\/www.europesays.com\/hu\/wp-json\/wp\/v2\/categories?post=231629"},{"taxonomy":"post_tag","embeddable":true,"href":"https:\/\/www.europesays.com\/hu\/wp-json\/wp\/v2\/tags?post=231629"}],"curies":[{"name":"wp","href":"https:\/\/api.w.org\/{rel}","templated":true}]}}