{"id":231641,"date":"2026-09-03T17:30:12","date_gmt":"2026-09-03T17:30:12","guid":{"rendered":"https:\/\/www.europesays.com\/hu\/231641\/"},"modified":"2026-09-03T17:30:12","modified_gmt":"2026-09-03T17:30:12","slug":"65-ezerert-attolt-egy-roncsot-a-muszakin-de-nem-sejtette-kie-a-kocsi","status":"publish","type":"post","link":"https:\/\/www.europesays.com\/hu\/231641\/","title":{"rendered":"65 ezer\u00e9rt \u00e1ttolt egy roncsot a m\u0171szakin, de nem sejtette, ki\u00e9 a kocsi"},"content":{"rendered":"<p class=\"main-pic -mainPct&#10;&#9;&#9;&#9;&#9;responsive-img-container\" style=\"padding-bottom: 66.714285714286%\">\n\t\t\t\t\t<img decoding=\"async\" class=\"img-blur\" src=\"https:\/\/www.europesays.com\/hu\/wp-content\/uploads\/2026\/09\/kupek_ha-5-700x467.jpg\" alt=\"65 ezer\u00e9rt \u00e1ttolt egy roncsot a m\u0171szakin, de nem sejtette, ki\u00e9 a kocsi\"\/>\n\t\t\t\t<\/p>\n<p>A Pest megyei rend\u0151rs\u00e9g felder\u00edt\u0151 oszt\u00e1ly\u00e1nak inform\u00e1ci\u00f3ja alapj\u00e1n indult nyomoz\u00e1s egy dunavars\u00e1nyi vizsga\u00e1llom\u00e1s vezet\u0151je ellen. A gyan\u00fa szerint a 35 \u00e9ves f\u00e9rfi ken\u0151p\u00e9nz\u00e9rt olyan j\u00e1rm\u0171veket is \u00e1tengedhetett a m\u0171szaki \u00e9s eredetis\u00e9gvizsg\u00e1laton, amelyek egy\u00e9bk\u00e9nt nem feleltek volna meg a k\u00f6vetelm\u00e9nyeknek.<\/p>\n<p>A <a href=\"https:\/\/www.police.hu\/hu\/hirek-es-informaciok\/legfrissebb-hireink\/bunugyek\/penzert-engedhetett-at-autokat-a-vizsgan\" target=\"_blank\" rel=\"noopener nofollow\">nyomoz\u00f3k<\/a> vizsg\u00e1lt\u00e1k a c\u00e9g m\u0171k\u00f6d\u00e9s\u00e9t, p\u00e9nz\u00fcgyi adatait, a dolgoz\u00f3ik k\u00f6r\u00e9t, valamint a lebonyol\u00edtott vizsg\u00e1kkal kapcsolatos inform\u00e1ci\u00f3kat. A beszerzett adatok \u00e9s a p\u00e9nz\u00fcgyi vizsg\u00e1latok tov\u00e1bb er\u0151s\u00edtett\u00e9k a gyan\u00fat, a bizony\u00edt\u00e1shoz \u00e1lv\u00e1s\u00e1rl\u00e1s mellett d\u00f6nt\u00f6ttek.<\/p>\n<p>A fedett nyomoz\u00f3 <a href=\"https:\/\/www.vezess.hu\/magazin\/2026\/08\/11\/muszaki-vizsga-ar-bukas-egyre-tobb-fantomauto\/\" target=\"_blank\" rel=\"noopener nofollow\">m\u0171szaki vizsg\u00e1ra<\/a> jelentkezett egy olyan kocsival, amely k\u00f6zleked\u00e9sbiztons\u00e1gi szempontb\u00f3l nem felelt meg a k\u00f6vetelm\u00e9nyeknek. A j\u00e1rm\u0171vet el\u0151zetes \u00e1tvizsg\u00e1l\u00e1s n\u00e9lk\u00fcl m\u00e9gis \u00e1tengedt\u00e9k, \u00e9s sikeres m\u0171szaki vizsg\u00e1lati bizony\u00edtv\u00e1nyt kapott. A vizsga\u00e1llom\u00e1s vezet\u0151je ez\u00e9rt 65 ezer forintot k\u00e9rt a fedett nyomoz\u00f3t\u00f3l.<\/p>\n<p>A rend\u0151r\u00f6k augusztus 31-\u00e9n kutat\u00e1st tartottak a f\u00e9rfi otthon\u00e1ban \u00e9s a vizsga\u00e1llom\u00e1son. T\u00f6bbek k\u00f6z\u00f6tt 3 milli\u00f3 215 ezer forintot, 3830 eur\u00f3t, egy aut\u00f3t, dokumentumokat, valamint csek\u00e9ly mennyis\u00e9g\u0171, k\u00e1b\u00edt\u00f3szergyan\u00fas anyagot foglaltak le. A f\u00e9rfi beismerte a b\u0171ncselekm\u00e9nyt, az \u00fczletszer\u0171s\u00e9gre vonatkoz\u00f3an azonban \u2013 az \u00fcgyiratok megismer\u00e9se el\u0151tt \u2013 nem tett tov\u00e1bbi vallom\u00e1st. A rend\u0151r\u00f6k \u0151rizetbe vett\u00e9k.<\/p>\n<p>\u201eId\u0151nk\u00e9nt olyan aut\u00f3kkal tal\u00e1lkozunk a m\u0171szaki vizsg\u00e1n, amelyeket csak tr\u00e9lerrel szabadna sz\u00e1ll\u00edtani, \u00e9s nem k\u00f6zlekedni vel\u00fck az utakon.\u201d Cikk\u00fcnk itt:<\/p>\n<p><a class=\"mobilbanner\" href=\"https:\/\/www.tixa.hu\/zsts-garage-supercarfest-20261006-vezesshu\" rel=\"nofollow noopener\" target=\"_blank\"><img decoding=\"async\" src=\"https:\/\/www.europesays.com\/hu\/wp-content\/uploads\/2026\/09\/1788456611_257_300x250-supercarfest.jpg\" alt=\"\"\/><\/a>&#13;<br \/>\n<a class=\"desktopbanner\" href=\"https:\/\/www.tixa.hu\/zsts-garage-supercarfest-20261006-vezesshu\" rel=\"nofollow noopener\" target=\"_blank\"><img decoding=\"async\" src=\"https:\/\/www.europesays.com\/hu\/wp-content\/uploads\/2026\/09\/1788456612_230_970x250-copy.jpg\" alt=\"\"\/><\/a>&#13;<\/p>\n","protected":false},"excerpt":{"rendered":"A Pest megyei rend\u0151rs\u00e9g felder\u00edt\u0151 oszt\u00e1ly\u00e1nak inform\u00e1ci\u00f3ja alapj\u00e1n indult nyomoz\u00e1s egy dunavars\u00e1nyi vizsga\u00e1llom\u00e1s vezet\u0151je ellen. A gyan\u00fa szerint&hellip;\n","protected":false},"author":2,"featured_media":231642,"comment_status":"","ping_status":"","sticky":false,"template":"","format":"standard","meta":{"footnotes":"","_share_on_mastodon":"0"},"categories":[33],"tags":[38,35,37,44,42,40,5949,43,41,35688,34,269,36,39,54233,61171],"class_list":["post-231641","post","type-post","status-publish","format-standard","has-post-thumbnail","category-hirek","tag-focimek","tag-headlines","tag-hirek","tag-hu","tag-hungarian","tag-hungary","tag-kenopenz","tag-magyar","tag-magyarorszag","tag-muszaki-vizsga","tag-news","tag-rendorseg","tag-top-stories","tag-vezeto-hirek","tag-vezetunk","tag-vizsgaztatas"],"share_on_mastodon":{"url":"https:\/\/pubeurope.com\/@hu\/117208300696688120","error":""},"_links":{"self":[{"href":"https:\/\/www.europesays.com\/hu\/wp-json\/wp\/v2\/posts\/231641","targetHints":{"allow":["GET"]}}],"collection":[{"href":"https:\/\/www.europesays.com\/hu\/wp-json\/wp\/v2\/posts"}],"about":[{"href":"https:\/\/www.europesays.com\/hu\/wp-json\/wp\/v2\/types\/post"}],"author":[{"embeddable":true,"href":"https:\/\/www.europesays.com\/hu\/wp-json\/wp\/v2\/users\/2"}],"replies":[{"embeddable":true,"href":"https:\/\/www.europesays.com\/hu\/wp-json\/wp\/v2\/comments?post=231641"}],"version-history":[{"count":0,"href":"https:\/\/www.europesays.com\/hu\/wp-json\/wp\/v2\/posts\/231641\/revisions"}],"wp:featuredmedia":[{"embeddable":true,"href":"https:\/\/www.europesays.com\/hu\/wp-json\/wp\/v2\/media\/231642"}],"wp:attachment":[{"href":"https:\/\/www.europesays.com\/hu\/wp-json\/wp\/v2\/media?parent=231641"}],"wp:term":[{"taxonomy":"category","embeddable":true,"href":"https:\/\/www.europesays.com\/hu\/wp-json\/wp\/v2\/categories?post=231641"},{"taxonomy":"post_tag","embeddable":true,"href":"https:\/\/www.europesays.com\/hu\/wp-json\/wp\/v2\/tags?post=231641"}],"curies":[{"name":"wp","href":"https:\/\/api.w.org\/{rel}","templated":true}]}}