{"id":231645,"date":"2026-09-03T17:37:09","date_gmt":"2026-09-03T17:37:09","guid":{"rendered":"https:\/\/www.europesays.com\/hu\/231645\/"},"modified":"2026-09-03T17:37:09","modified_gmt":"2026-09-03T17:37:09","slug":"after-belga-a-nemzeti-hip-hop-miatt-megkaptuk-hogy-ilyen-fasiszta-zenekart-meg-sosem-hallottak","status":"publish","type":"post","link":"https:\/\/www.europesays.com\/hu\/231645\/","title":{"rendered":"After: B\u00eblga: A Nemzeti Hip-Hop miatt megkaptuk, hogy ilyen fasiszta zenekart m\u00e9g sosem hallottak"},"content":{"rendered":"<p><a href=\"https:\/\/telex.hu\/szerzo\/kersner-mate\" class=\"author__avatar\" rel=\"nofollow noopener\" target=\"_blank\"><img decoding=\"async\" src=\"https:\/\/www.europesays.com\/hu\/wp-content\/uploads\/2026\/09\/1748440783-temp-abdOdK_avatar@4x.jpg\" alt=\"Kersner M\u00e1t\u00e9\" class=\"avatar\" loading=\"lazy\"\/><\/a><a href=\"https:\/\/telex.hu\/szerzo\/sajo-david\" class=\"author__avatar\" rel=\"nofollow noopener\" target=\"_blank\"><img decoding=\"async\" src=\"https:\/\/www.europesays.com\/hu\/wp-content\/uploads\/2026\/09\/_JO_4327_avatar@4x.jpg\" alt=\"Saj\u00f3 D\u00e1vid\" class=\"avatar\" loading=\"lazy\"\/><\/a><\/p>\n<p>A B\u00eblg\u00e1t a Warner kiad\u00f3 fiatalon lefasiszt\u00e1zta, \u00e9s eleinte az is furcsa volt, hogy valaki egy\u00e1ltal\u00e1n ki merte adni a Majd megszokod lemezt, ami a m\u00e1sodik legt\u00f6bb szavazatot kapta a szakmabeliekt\u0151l a <a href=\"https:\/\/telex.hu\/after\/2026\/01\/17\/a-100-legfontosabb-magyar-lemez-teljes-lista\" class=\"\" rel=\"nofollow noopener\" target=\"_blank\">100 legfontosabb magyar lemez c\u00edm\u0171 k\u00f6nyvben<\/a>. A Kir\u00e1lyok a h\u00e1zbant edukat\u00edv audi\u00f3pusk\u00e1nak \u00edrt\u00e1k, ami sokakat seg\u00edtett \u00e1t az \u00e9retts\u00e9gin, \u00e9s m\u00e1ig t\u00f6bb fiatal megy oda hozz\u00e1juk azzal, hogy mekkora hat\u00e1st gyakoroltak r\u00e1juk. M\u00e9g az \u0151ket lemag\u00e1z\u00f3 <a href=\"https:\/\/telex.hu\/after\/2024\/05\/30\/after-bsw-gaben-meklod-interju\" class=\"\" rel=\"nofollow noopener\" target=\"_blank\">BSW<\/a> szerint is a B\u00eblga az alapja mindennek. A <a href=\"https:\/\/www.youtube.com\/watch?v=Gr62wO8A0ws\" target=\"_blank\" rel=\"nofollow noopener\">Partiz\u00e1n r\u00f3luk k\u00e9sz\u00fclt dokumentumfilmj\u00e9vel<\/a> nem voltak megel\u00e9gedve, <a href=\"https:\/\/www.youtube.com\/watch?v=2TD733D83rw\" target=\"_blank\" rel=\"nofollow noopener\">a mesters\u00e9ges intelligenci\u00e1val pedig nyugodtan mernek sz\u00f3rakozni<\/a> addig, am\u00edg a zen\u00e9t \u0151k maguk \u00edrj\u00e1k robotok helyett.<\/p>\n<p>El\u0151sz\u00f6r adott interj\u00fat a Telex Afternek a k\u00e9t \u00e9v m\u00falva 30 \u00e9ves B\u00eblga h\u00e1rom alap\u00edt\u00f3 rappere, Bauxit, M\u00e9g5l\u00f6v\u00e9s \u00e9s Tokyo. A tagok besz\u00e9ltek a <a href=\"https:\/\/telex.hu\/after\/2025\/05\/15\/belga-nemzeti-dal-autotune-magyar-rendorseg-zsaru-magazin-ne-gyere-a-seggembe\" class=\"\" rel=\"nofollow noopener\" target=\"_blank\">v\u00e1ratlan kollabor\u00e1ci\u00f3jukr\u00f3l a rend\u0151rs\u00e9ggel<\/a>, Dopeman \u00e9s a buddhizmus furcsa viszony\u00e1r\u00f3l, a k\u00f6z\u00f6s munk\u00e1r\u00f3l Janklovics P\u00e9ter humorist\u00e1val \u00e9s a szak\u00edt\u00e1sukr\u00f3l a B\u00eblga kor\u00e1bbi tagj\u00e1val, Sickratmannel.<\/p>\n<p>Reag\u00e1ltattuk \u0151ket <a href=\"https:\/\/telex.hu\/after\/2025\/10\/02\/siska-finuccsi-telex-after-portrek-interju\" class=\"\" rel=\"nofollow noopener\" target=\"_blank\">Siska Finuccsi kor\u00e1bbi afteres nyilatkozat\u00e1ra is<\/a>, aki annyira kikelt mag\u00e1b\u00f3l a szerinte a rapzen\u00e9t bemocskol\u00f3 B\u00eblga miatt, hogy \u00f6t \u00e9vre kitiltott\u00e1k a Fishing on Orf\u0171 fesztiv\u00e1lr\u00f3l. De sz\u00f3ba ker\u00fclt az is, hogy lesz-e valaha folytat\u00e1sa a Zsolti, a b\u00e9k\u00e1nak, illetve elmes\u00e9lt\u00e9k, hogy hogyan szkennelt be egy csomag baconszalonn\u00e1t a grafikusuk a 2002-es deb\u00fctlemez\u00fck bor\u00edt\u00f3j\u00e1hoz.<\/p>\n<p>K\u00f6vess minket Facebookon is!<\/p>\n","protected":false},"excerpt":{"rendered":"A B\u00eblg\u00e1t a Warner kiad\u00f3 fiatalon lefasiszt\u00e1zta, \u00e9s eleinte az is furcsa volt, hogy valaki egy\u00e1ltal\u00e1n ki merte&hellip;\n","protected":false},"author":2,"featured_media":231646,"comment_status":"","ping_status":"","sticky":false,"template":"","format":"standard","meta":{"footnotes":"","_share_on_mastodon":"0"},"categories":[16],"tags":[161,61172,14801,137,11510,44,42,40,101,43,41,61173,61174,138,22246,1064],"class_list":["post-231645","post","type-post","status-publish","format-standard","has-post-thumbnail","category-szorakozas","tag-after","tag-bauxit","tag-belga","tag-entertainment","tag-hiphop","tag-hu","tag-hungarian","tag-hungary","tag-interju","tag-magyar","tag-magyarorszag","tag-majd-megszokod","tag-meg5loves","tag-szorakozas","tag-tokyo","tag-video"],"share_on_mastodon":{"url":"https:\/\/pubeurope.com\/@hu\/117208328035235368","error":""},"_links":{"self":[{"href":"https:\/\/www.europesays.com\/hu\/wp-json\/wp\/v2\/posts\/231645","targetHints":{"allow":["GET"]}}],"collection":[{"href":"https:\/\/www.europesays.com\/hu\/wp-json\/wp\/v2\/posts"}],"about":[{"href":"https:\/\/www.europesays.com\/hu\/wp-json\/wp\/v2\/types\/post"}],"author":[{"embeddable":true,"href":"https:\/\/www.europesays.com\/hu\/wp-json\/wp\/v2\/users\/2"}],"replies":[{"embeddable":true,"href":"https:\/\/www.europesays.com\/hu\/wp-json\/wp\/v2\/comments?post=231645"}],"version-history":[{"count":0,"href":"https:\/\/www.europesays.com\/hu\/wp-json\/wp\/v2\/posts\/231645\/revisions"}],"wp:featuredmedia":[{"embeddable":true,"href":"https:\/\/www.europesays.com\/hu\/wp-json\/wp\/v2\/media\/231646"}],"wp:attachment":[{"href":"https:\/\/www.europesays.com\/hu\/wp-json\/wp\/v2\/media?parent=231645"}],"wp:term":[{"taxonomy":"category","embeddable":true,"href":"https:\/\/www.europesays.com\/hu\/wp-json\/wp\/v2\/categories?post=231645"},{"taxonomy":"post_tag","embeddable":true,"href":"https:\/\/www.europesays.com\/hu\/wp-json\/wp\/v2\/tags?post=231645"}],"curies":[{"name":"wp","href":"https:\/\/api.w.org\/{rel}","templated":true}]}}